{"id":2417,"date":"2022-11-21T15:02:54","date_gmt":"2022-11-21T20:02:54","guid":{"rendered":"https:\/\/bomberos.puyo.gob.ec\/acidente-de-transito\/"},"modified":"2022-12-29T16:15:50","modified_gmt":"2022-12-29T21:15:50","slug":"acidente-de-transito","status":"publish","type":"post","link":"https:\/\/bomberos.puyo.gob.ec\/2019\/acidente-de-transito\/","title":{"rendered":"|ACIDENTE DE TR\u00c1NSITO|&#8230;"},"content":{"rendered":"<p>|ACIDENTE DE TR\u00c1NSITO|<\/p>\n<p>Por llamado del ECU-911 la unidad A5 se dirige al km.1 1\/2 v\u00eda Macas, sector la Merced a atender un accidente de tr\u00e1nsito, en el lugar se confirma el impacto de un cami\u00f3n contra una motocicleta, el personal atiende al paciente,  quien por cinem\u00e1tica del accidente termino  atrapado bajo el cami\u00f3n, con el uso de una herramienta (gata) se logra su liberaci\u00f3n y extracci\u00f3n, mismo que presenta politraumatismos, es atendido por el personal de la ambulancia A5 y posteriormente trasladado hasta el Hospital General Puyo donde lo recibe el m\u00e9dico de turno.<\/p>\n<p><a href=\"https:\/\/bomberos.puyo.gob.ec\/2019\/wp-content\/uploads\/ACIDENTE-DE-TRANSITO.jpg\"><img decoding=\"async\" class=\"wp_automatic_fb_img\" title=\"\" src=\"https:\/\/bomberos.puyo.gob.ec\/2019\/wp-content\/uploads\/ACIDENTE-DE-TRANSITO.jpg\" \/><\/a><br \/><a href=\"https:\/\/bomberos.puyo.gob.ec\/2019\/wp-content\/uploads\/1672348549_377_ACIDENTE-DE-TRANSITO.jpg\"><img decoding=\"async\" class=\"wp_automatic_fb_img\" title=\"\" src=\"https:\/\/bomberos.puyo.gob.ec\/2019\/wp-content\/uploads\/1672348549_377_ACIDENTE-DE-TRANSITO.jpg\" \/><\/a><br \/>\n<br \/><a href=\"https:\/\/www.facebook.com\/465093860312824\/posts\/2361966207292237\">en facebook&#8230; <\/a>  <\/p>\n","protected":false},"excerpt":{"rendered":"<p>|ACIDENTE DE TR\u00c1NSITO|<\/p>\n<p>Por llamado del ECU-911 la unidad A5 se dirige al km.1 1\/2 v\u00eda Macas, sector la Merced a atender un accidente de tr\u00e1nsito, en el lugar se confirma el impacto de un cami\u00f3n contra una motocicleta, el personal atiende al paciente,  quien por cinem\u00e1tica del accidente termino  atrapado bajo el cami\u00f3n, con el uso de una herramienta (gata) se logra su liberaci\u00f3n y extracci\u00f3n, mismo que presenta politraumatismos, es atendido por el personal de la ambulancia A5 y posteriormente trasladado hasta el Hospital General Puyo donde lo recibe el m\u00e9dico de turno.<\/p>\n<p><a href=\"https:\/\/scontent.fuio15-1.fna.fbcdn.net\/v\/t39.30808-6\/316807935_2361966150625576_3798905091787901101_n.jpg?stp=cp6_dst-jpg&#038;_nc_cat=107&#038;ccb=1-7&#038;_nc_sid=8bfeb9&#038;_nc_ohc=8ULt1kNbdXUAX8BaxUp&#038;_nc_ht=scontent.fuio15-1.fna&#038;oh=00_AfAp_uR-C-jHNdaGBN3l3JCIV65SwybfYl8ClGRzMXnWNA&#038;oe=63B36189\"><img decoding=\"async\" class=\"wp_automatic_fb_img\" title=\"\" src=\"https:\/\/scontent.fuio15-1.fna.fbcdn.net\/v\/t39.30808-6\/316807935_2361966150625576_3798905091787901101_n.jpg?stp=cp6_dst-jpg&#038;_nc_cat=107&#038;ccb=1-7&#038;_nc_sid=8bfeb9&#038;_nc_ohc=8ULt1kNbdXUAX8BaxUp&#038;_nc_ht=scontent.fuio15-1.fna&#038;oh=00_AfAp_uR-C-jHNdaGBN3l3JCIV65SwybfYl8ClGRzMXnWNA&#038;oe=63B36189\" \/><\/a><br \/><a href=\"https:\/\/scontent.fuio15-1.fna.fbcdn.net\/v\/t39.30808-6\/316660171_2361966160625575_252651957173099450_n.jpg?stp=cp6_dst-jpg&#038;_nc_cat=101&#038;ccb=1-7&#038;_nc_sid=8bfeb9&#038;_nc_ohc=9rosp_Bva0sAX9AIp2G&#038;_nc_ht=scontent.fuio15-1.fna&#038;oh=00_AfCEIooiQXlk7a0wdlt2C_kAgxoI6p9rNgWxCLldhdGhGw&#038;oe=63B2ED4D\"><img decoding=\"async\" class=\"wp_automatic_fb_img\" title=\"\" src=\"https:\/\/scontent.fuio15-1.fna.fbcdn.net\/v\/t39.30808-6\/316660171_2361966160625575_252651957173099450_n.jpg?stp=cp6_dst-jpg&#038;_nc_cat=101&#038;ccb=1-7&#038;_nc_sid=8bfeb9&#038;_nc_ohc=9rosp_Bva0sAX9AIp2G&#038;_nc_ht=scontent.fuio15-1.fna&#038;oh=00_AfCEIooiQXlk7a0wdlt2C_kAgxoI6p9rNgWxCLldhdGhGw&#038;oe=63B2ED4D\" \/><\/a><\/p>\n","protected":false},"author":1,"featured_media":2418,"comment_status":"open","ping_status":"open","sticky":false,"template":"","format":"standard","meta":[],"categories":[1],"tags":[385,734],"_links":{"self":[{"href":"https:\/\/bomberos.puyo.gob.ec\/2019\/wp-json\/wp\/v2\/posts\/2417"}],"collection":[{"href":"https:\/\/bomberos.puyo.gob.ec\/2019\/wp-json\/wp\/v2\/posts"}],"about":[{"href":"https:\/\/bomberos.puyo.gob.ec\/2019\/wp-json\/wp\/v2\/types\/post"}],"author":[{"embeddable":true,"href":"https:\/\/bomberos.puyo.gob.ec\/2019\/wp-json\/wp\/v2\/users\/1"}],"replies":[{"embeddable":true,"href":"https:\/\/bomberos.puyo.gob.ec\/2019\/wp-json\/wp\/v2\/comments?post=2417"}],"version-history":[{"count":1,"href":"https:\/\/bomberos.puyo.gob.ec\/2019\/wp-json\/wp\/v2\/posts\/2417\/revisions"}],"predecessor-version":[{"id":2419,"href":"https:\/\/bomberos.puyo.gob.ec\/2019\/wp-json\/wp\/v2\/posts\/2417\/revisions\/2419"}],"wp:featuredmedia":[{"embeddable":true,"href":"https:\/\/bomberos.puyo.gob.ec\/2019\/wp-json\/wp\/v2\/media\/2418"}],"wp:attachment":[{"href":"https:\/\/bomberos.puyo.gob.ec\/2019\/wp-json\/wp\/v2\/media?parent=2417"}],"wp:term":[{"taxonomy":"category","embeddable":true,"href":"https:\/\/bomberos.puyo.gob.ec\/2019\/wp-json\/wp\/v2\/categories?post=2417"},{"taxonomy":"post_tag","embeddable":true,"href":"https:\/\/bomberos.puyo.gob.ec\/2019\/wp-json\/wp\/v2\/tags?post=2417"}],"curies":[{"name":"wp","href":"https:\/\/api.w.org\/{rel}","templated":true}]}}