{"id":2414,"date":"2022-11-22T13:57:09","date_gmt":"2022-11-22T18:57:09","guid":{"rendered":"https:\/\/bomberos.puyo.gob.ec\/capacitaciones-externas-en-la-manana-de-hoy-el-personal-del-cuerpo-de-bombe\/"},"modified":"2022-12-29T16:13:02","modified_gmt":"2022-12-29T21:13:02","slug":"capacitaciones-externas-en-la-manana-de-hoy-el-personal-del-cuerpo-de-bombe","status":"publish","type":"post","link":"https:\/\/bomberos.puyo.gob.ec\/2019\/capacitaciones-externas-en-la-manana-de-hoy-el-personal-del-cuerpo-de-bombe\/","title":{"rendered":"|CAPACITACIONES EXTERNAS|\n En la ma\u00f1ana de hoy el personal del Cuerpo de Bombe&#8230;"},"content":{"rendered":"<div><span><\/p>\n<p>|CAPACITACIONES EXTERNAS|<\/p>\n<p> En la ma\u00f1ana de hoy el personal del Cuerpo de Bomberos de Pastaza brinda una capacitaci\u00f3n en prevenci\u00f3n y acciones en caso de desastres naturales a los funcionarios de la Direcci\u00f3n T\u00e9cnica de Circunscripci\u00f3n Territorial.<\/p>\n<p><\/span><\/div>\n<p><a href=\"https:\/\/facebook.com\/story.php?story_fbid=pfbid0ZezkRYHk38QNu3fbec1HsnqmbXoDpv3jmLCvHACUu76ZY4rdbvSkbQsHgh3dGhKPl&amp;id=465093860312824&amp;eav=AfZEuqGmIdTjf19n-CsWtsfJR8YeUjIF366tK0T7_g8z1_wubKJ2SbeWEvP2WunFyRg&amp;viewer=465093860312824&amp;m_entstream_source=timeline&amp;__tn__=%2As%2As-R&amp;paipv=1\" aria-label=\"Abrir historia\" class=\"_5msj\"><\/a><\/p>\n<p><a href=\"https:\/\/bomberos.puyo.gob.ec\/2019\/wp-content\/uploads\/CAPACITACIONES-EXTERNAS-En-la-manana-de-hoy-el-personal-del.jpg\"><img decoding=\"async\" class=\"wp_automatic_fb_img\" title=\"\" src=\"https:\/\/bomberos.puyo.gob.ec\/2019\/wp-content\/uploads\/CAPACITACIONES-EXTERNAS-En-la-manana-de-hoy-el-personal-del.jpg\" \/><\/a><br \/><a href=\"https:\/\/bomberos.puyo.gob.ec\/2019\/wp-content\/uploads\/1672348381_369_CAPACITACIONES-EXTERNAS-En-la-manana-de-hoy-el-personal-del.jpg\"><img decoding=\"async\" class=\"wp_automatic_fb_img\" title=\"\" src=\"https:\/\/bomberos.puyo.gob.ec\/2019\/wp-content\/uploads\/1672348381_369_CAPACITACIONES-EXTERNAS-En-la-manana-de-hoy-el-personal-del.jpg\" \/><\/a><br \/><a href=\"https:\/\/bomberos.puyo.gob.ec\/2019\/wp-content\/uploads\/1672348381_299_CAPACITACIONES-EXTERNAS-En-la-manana-de-hoy-el-personal-del.jpg\"><img decoding=\"async\" class=\"wp_automatic_fb_img\" title=\"\" src=\"https:\/\/bomberos.puyo.gob.ec\/2019\/wp-content\/uploads\/1672348381_299_CAPACITACIONES-EXTERNAS-En-la-manana-de-hoy-el-personal-del.jpg\" \/><\/a><br \/><a href=\"https:\/\/bomberos.puyo.gob.ec\/2019\/wp-content\/uploads\/1672348381_400_CAPACITACIONES-EXTERNAS-En-la-manana-de-hoy-el-personal-del.jpg\"><img decoding=\"async\" class=\"wp_automatic_fb_img\" title=\"\" src=\"https:\/\/bomberos.puyo.gob.ec\/2019\/wp-content\/uploads\/1672348381_400_CAPACITACIONES-EXTERNAS-En-la-manana-de-hoy-el-personal-del.jpg\" \/><\/a><br \/>\n<br \/><a href=\"https:\/\/www.facebook.com\/465093860312824\/posts\/2362747693880755\">en facebook&#8230; <\/a>  <\/p>\n","protected":false},"excerpt":{"rendered":"<div><span><\/p>\n<p>|CAPACITACIONES EXTERNAS|<\/p>\n<p> En la ma\u00f1ana de hoy el personal del Cuerpo de Bomberos de Pastaza brinda una capacitaci\u00f3n en prevenci\u00f3n y acciones en caso de desastres naturales a los funcionarios de la Direcci\u00f3n T\u00e9cnica de Circunscripci\u00f3n Territorial.<\/p>\n<p><\/span><\/div>\n<p><a href=\"https:\/\/facebook.com\/story.php?story_fbid=pfbid0ZezkRYHk38QNu3fbec1HsnqmbXoDpv3jmLCvHACUu76ZY4rdbvSkbQsHgh3dGhKPl&amp;id=465093860312824&amp;eav=AfZEuqGmIdTjf19n-CsWtsfJR8YeUjIF366tK0T7_g8z1_wubKJ2SbeWEvP2WunFyRg&amp;viewer=465093860312824&amp;m_entstream_source=timeline&amp;__tn__=%2As%2As-R&amp;paipv=1\" aria-label=\"Abrir historia\" class=\"_5msj\"><\/a><\/p>\n<p><a href=\"https:\/\/scontent.fuio15-1.fna.fbcdn.net\/v\/t39.30808-6\/316531699_2362747583880766_3735581755918593964_n.jpg?stp=cp6_dst-jpg&#038;_nc_cat=108&#038;ccb=1-7&#038;_nc_sid=8bfeb9&#038;_nc_ohc=T2S59fs6X4UAX9E5FWQ&#038;_nc_oc=AQlXZFsGXhJ3dOEJXh3SLAbqrmBFkQHyQnkQIBuuU7t2ojR6WORbKWOGTdHkQ0rC-DY&#038;_nc_ht=scontent.fuio15-1.fna&#038;oh=00_AfDvNMsI_rMfeAlT_CMksKzwUtGdxS3uut76K6jyL6-4gg&#038;oe=63B27489\"><img decoding=\"async\" class=\"wp_automatic_fb_img\" title=\"\" src=\"https:\/\/scontent.fuio15-1.fna.fbcdn.net\/v\/t39.30808-6\/316531699_2362747583880766_3735581755918593964_n.jpg?stp=cp6_dst-jpg&#038;_nc_cat=108&#038;ccb=1-7&#038;_nc_sid=8bfeb9&#038;_nc_ohc=T2S59fs6X4UAX9E5FWQ&#038;_nc_oc=AQlXZFsGXhJ3dOEJXh3SLAbqrmBFkQHyQnkQIBuuU7t2ojR6WORbKWOGTdHkQ0rC-DY&#038;_nc_ht=scontent.fuio15-1.fna&#038;oh=00_AfDvNMsI_rMfeAlT_CMksKzwUtGdxS3uut76K6jyL6-4gg&#038;oe=63B27489\" \/><\/a><br \/><a href=\"https:\/\/scontent.fuio15-1.fna.fbcdn.net\/v\/t39.30808-6\/316691633_2362747573880767_8745356649212183454_n.jpg?stp=cp6_dst-jpg&#038;_nc_cat=109&#038;ccb=1-7&#038;_nc_sid=8bfeb9&#038;_nc_ohc=2qX5ca-FQDMAX_vlK0F&#038;_nc_ht=scontent.fuio15-1.fna&#038;oh=00_AfBdkBzuSJzlM6oCU-eXofcMg047JF2EviDCfR-56ajGVQ&#038;oe=63B379B0\"><img decoding=\"async\" class=\"wp_automatic_fb_img\" title=\"\" src=\"https:\/\/scontent.fuio15-1.fna.fbcdn.net\/v\/t39.30808-6\/316691633_2362747573880767_8745356649212183454_n.jpg?stp=cp6_dst-jpg&#038;_nc_cat=109&#038;ccb=1-7&#038;_nc_sid=8bfeb9&#038;_nc_ohc=2qX5ca-FQDMAX_vlK0F&#038;_nc_ht=scontent.fuio15-1.fna&#038;oh=00_AfBdkBzuSJzlM6oCU-eXofcMg047JF2EviDCfR-56ajGVQ&#038;oe=63B379B0\" \/><\/a><br \/><a href=\"https:\/\/scontent.fuio15-1.fna.fbcdn.net\/v\/t39.30808-6\/316672611_2362747633880761_8604125212338852810_n.jpg?stp=cp6_dst-jpg&#038;_nc_cat=100&#038;ccb=1-7&#038;_nc_sid=8bfeb9&#038;_nc_ohc=cp9WWIBMGmcAX9LNHqk&#038;_nc_ht=scontent.fuio15-1.fna&#038;oh=00_AfB2fj832w3l2S4Ae80qAAidtfiMhWf4xiSOZoYdeaC5gQ&#038;oe=63B29981\"><img decoding=\"async\" class=\"wp_automatic_fb_img\" title=\"\" src=\"https:\/\/scontent.fuio15-1.fna.fbcdn.net\/v\/t39.30808-6\/316672611_2362747633880761_8604125212338852810_n.jpg?stp=cp6_dst-jpg&#038;_nc_cat=100&#038;ccb=1-7&#038;_nc_sid=8bfeb9&#038;_nc_ohc=cp9WWIBMGmcAX9LNHqk&#038;_nc_ht=scontent.fuio15-1.fna&#038;oh=00_AfB2fj832w3l2S4Ae80qAAidtfiMhWf4xiSOZoYdeaC5gQ&#038;oe=63B29981\" \/><\/a><br \/><a href=\"https:\/\/scontent.fuio15-1.fna.fbcdn.net\/v\/t39.30808-6\/316824118_2362747623880762_5596140340832155596_n.jpg?stp=cp6_dst-jpg&#038;_nc_cat=101&#038;ccb=1-7&#038;_nc_sid=8bfeb9&#038;_nc_ohc=Fl-nGun083UAX_ZAMBg&#038;_nc_ht=scontent.fuio15-1.fna&#038;oh=00_AfAfjOjXYlF75j3n53k1oHGFZzXT3I3waomAi-yvwREo-g&#038;oe=63B315AB\"><img decoding=\"async\" class=\"wp_automatic_fb_img\" title=\"\" src=\"https:\/\/scontent.fuio15-1.fna.fbcdn.net\/v\/t39.30808-6\/316824118_2362747623880762_5596140340832155596_n.jpg?stp=cp6_dst-jpg&#038;_nc_cat=101&#038;ccb=1-7&#038;_nc_sid=8bfeb9&#038;_nc_ohc=Fl-nGun083UAX_ZAMBg&#038;_nc_ht=scontent.fuio15-1.fna&#038;oh=00_AfAfjOjXYlF75j3n53k1oHGFZzXT3I3waomAi-yvwREo-g&#038;oe=63B315AB\" \/><\/a><\/p>\n","protected":false},"author":1,"featured_media":2415,"comment_status":"open","ping_status":"open","sticky":false,"template":"","format":"standard","meta":[],"categories":[1],"tags":[334,799,64,32,855,202,856,34],"_links":{"self":[{"href":"https:\/\/bomberos.puyo.gob.ec\/2019\/wp-json\/wp\/v2\/posts\/2414"}],"collection":[{"href":"https:\/\/bomberos.puyo.gob.ec\/2019\/wp-json\/wp\/v2\/posts"}],"about":[{"href":"https:\/\/bomberos.puyo.gob.ec\/2019\/wp-json\/wp\/v2\/types\/post"}],"author":[{"embeddable":true,"href":"https:\/\/bomberos.puyo.gob.ec\/2019\/wp-json\/wp\/v2\/users\/1"}],"replies":[{"embeddable":true,"href":"https:\/\/bomberos.puyo.gob.ec\/2019\/wp-json\/wp\/v2\/comments?post=2414"}],"version-history":[{"count":1,"href":"https:\/\/bomberos.puyo.gob.ec\/2019\/wp-json\/wp\/v2\/posts\/2414\/revisions"}],"predecessor-version":[{"id":2416,"href":"https:\/\/bomberos.puyo.gob.ec\/2019\/wp-json\/wp\/v2\/posts\/2414\/revisions\/2416"}],"wp:featuredmedia":[{"embeddable":true,"href":"https:\/\/bomberos.puyo.gob.ec\/2019\/wp-json\/wp\/v2\/media\/2415"}],"wp:attachment":[{"href":"https:\/\/bomberos.puyo.gob.ec\/2019\/wp-json\/wp\/v2\/media?parent=2414"}],"wp:term":[{"taxonomy":"category","embeddable":true,"href":"https:\/\/bomberos.puyo.gob.ec\/2019\/wp-json\/wp\/v2\/categories?post=2414"},{"taxonomy":"post_tag","embeddable":true,"href":"https:\/\/bomberos.puyo.gob.ec\/2019\/wp-json\/wp\/v2\/tags?post=2414"}],"curies":[{"name":"wp","href":"https:\/\/api.w.org\/{rel}","templated":true}]}}