{"id":2408,"date":"2022-11-23T09:00:13","date_gmt":"2022-11-23T14:00:13","guid":{"rendered":"https:\/\/bomberos.puyo.gob.ec\/capacitacion-6\/"},"modified":"2022-12-29T16:07:07","modified_gmt":"2022-12-29T21:07:07","slug":"capacitacion-6","status":"publish","type":"post","link":"https:\/\/bomberos.puyo.gob.ec\/2019\/capacitacion-6\/","title":{"rendered":"|CAPACITACI\u00d3N|&#8230;"},"content":{"rendered":"<p>|CAPACITACI\u00d3N|<\/p>\n<p>Se realiza una capacitaci\u00f3n seg\u00fan el cronograma de trabajo en coordinaci\u00f3n con el GAD Parroquial de Tarqui.<\/p>\n<p>Donde se imparte temas como primeros auxilios y prevenci\u00f3n de incendios, con el objetivo de prevenir, atender y dar el soporte vital en caso de ocurrir una emergencia hasta la llegada de los organismos de socoorro, culminando con una excelente participaci\u00f3n de todos los presentes.<\/p>\n<p><a href=\"https:\/\/bomberos.puyo.gob.ec\/2019\/wp-content\/uploads\/1672348026_174_CAPACITACION.jpg\"><img decoding=\"async\" class=\"wp_automatic_fb_img\" title=\"\" src=\"https:\/\/bomberos.puyo.gob.ec\/2019\/wp-content\/uploads\/1672348026_174_CAPACITACION.jpg\" \/><\/a><br \/>\n<br \/><a href=\"https:\/\/www.facebook.com\/465093860312824\/posts\/2363332853822239\">en facebook&#8230; <\/a>  <\/p>\n","protected":false},"excerpt":{"rendered":"<p>|CAPACITACI\u00d3N|<\/p>\n<p>Se realiza una capacitaci\u00f3n seg\u00fan el cronograma de trabajo en coordinaci\u00f3n con el GAD Parroquial de Tarqui.<\/p>\n<p>Donde se imparte temas como primeros auxilios y prevenci\u00f3n de incendios, con el objetivo de prevenir, atender y dar el soporte vital en caso de ocurrir una emergencia hasta la llegada de los organismos de socoorro, culminando con una excelente participaci\u00f3n de todos los presentes.<\/p>\n<p><a href=\"https:\/\/scontent.fuio15-1.fna.fbcdn.net\/v\/t39.30808-6\/316811062_2363038073851717_5449510869709440119_n.jpg?stp=cp6_dst-jpg_s720x720&#038;_nc_cat=103&#038;ccb=1-7&#038;_nc_sid=8bfeb9&#038;_nc_ohc=KMnO3R9uHdoAX94Uh9N&#038;_nc_ht=scontent.fuio15-1.fna&#038;oh=00_AfBy47d-WuYRdgeVvqIPcftNNJV1y_oHAeV5Dc0eytaFgA&#038;oe=63B3EF29\"><img decoding=\"async\" class=\"wp_automatic_fb_img\" title=\"\" src=\"https:\/\/scontent.fuio15-1.fna.fbcdn.net\/v\/t39.30808-6\/316811062_2363038073851717_5449510869709440119_n.jpg?stp=cp6_dst-jpg_s720x720&#038;_nc_cat=103&#038;ccb=1-7&#038;_nc_sid=8bfeb9&#038;_nc_ohc=KMnO3R9uHdoAX94Uh9N&#038;_nc_ht=scontent.fuio15-1.fna&#038;oh=00_AfBy47d-WuYRdgeVvqIPcftNNJV1y_oHAeV5Dc0eytaFgA&#038;oe=63B3EF29\" \/><\/a><\/p>\n","protected":false},"author":1,"featured_media":2409,"comment_status":"open","ping_status":"open","sticky":false,"template":"","format":"standard","meta":[],"categories":[1],"tags":[65],"_links":{"self":[{"href":"https:\/\/bomberos.puyo.gob.ec\/2019\/wp-json\/wp\/v2\/posts\/2408"}],"collection":[{"href":"https:\/\/bomberos.puyo.gob.ec\/2019\/wp-json\/wp\/v2\/posts"}],"about":[{"href":"https:\/\/bomberos.puyo.gob.ec\/2019\/wp-json\/wp\/v2\/types\/post"}],"author":[{"embeddable":true,"href":"https:\/\/bomberos.puyo.gob.ec\/2019\/wp-json\/wp\/v2\/users\/1"}],"replies":[{"embeddable":true,"href":"https:\/\/bomberos.puyo.gob.ec\/2019\/wp-json\/wp\/v2\/comments?post=2408"}],"version-history":[{"count":1,"href":"https:\/\/bomberos.puyo.gob.ec\/2019\/wp-json\/wp\/v2\/posts\/2408\/revisions"}],"predecessor-version":[{"id":2410,"href":"https:\/\/bomberos.puyo.gob.ec\/2019\/wp-json\/wp\/v2\/posts\/2408\/revisions\/2410"}],"wp:featuredmedia":[{"embeddable":true,"href":"https:\/\/bomberos.puyo.gob.ec\/2019\/wp-json\/wp\/v2\/media\/2409"}],"wp:attachment":[{"href":"https:\/\/bomberos.puyo.gob.ec\/2019\/wp-json\/wp\/v2\/media?parent=2408"}],"wp:term":[{"taxonomy":"category","embeddable":true,"href":"https:\/\/bomberos.puyo.gob.ec\/2019\/wp-json\/wp\/v2\/categories?post=2408"},{"taxonomy":"post_tag","embeddable":true,"href":"https:\/\/bomberos.puyo.gob.ec\/2019\/wp-json\/wp\/v2\/tags?post=2408"}],"curies":[{"name":"wp","href":"https:\/\/api.w.org\/{rel}","templated":true}]}}