{"id":2405,"date":"2022-11-25T08:05:32","date_gmt":"2022-11-25T13:05:32","guid":{"rendered":"https:\/\/bomberos.puyo.gob.ec\/capacitacion-prevencion-se-realiza-una-capacitacion-segun-el-cronograma-de-4\/"},"modified":"2022-12-29T16:05:04","modified_gmt":"2022-12-29T21:05:04","slug":"capacitacion-prevencion-se-realiza-una-capacitacion-segun-el-cronograma-de-4","status":"publish","type":"post","link":"https:\/\/bomberos.puyo.gob.ec\/2019\/capacitacion-prevencion-se-realiza-una-capacitacion-segun-el-cronograma-de-4\/","title":{"rendered":"|CAPACITACI\u00d3N PREVENCI\u00d3N|\n Se realiza una capacitaci\u00f3n seg\u00fan el cronograma de &#8230;"},"content":{"rendered":"<div><span><\/p>\n<p>|CAPACITACI\u00d3N PREVENCI\u00d3N|<\/p>\n<p> Se realiza una capacitaci\u00f3n seg\u00fan el cronograma de trabajo en coordinaci\u00f3n con el Distrito de Educaci\u00f3n 16D01 Pastaza. <\/p>\n<p> Tema: Pirotecnia Segura.<br \/> Capacitador: Bro. Castillo H\u00e9ctor<br \/> Dirigida a los estudiantes de la U. E. Castor Luis Plaza Aray de EBGU 2dos a 8vos, donde se trabaja con 40 alumnos.<\/p>\n<p><\/span><\/div>\n<p><a href=\"https:\/\/facebook.com\/story.php?story_fbid=pfbid0A8rQNnFmwEAZremT6ZCtihxcdxnQBDF8aaVFSKpkgDVrNhVD7TXHUNEtDANt3Lbdl&amp;id=465093860312824&amp;eav=AfaACAffBD6OuMPX3IPWuIY65xBW0x63nGGsubXzim6S8w7VyQ8FTunJrE3LQEwoOwQ&amp;viewer=465093860312824&amp;m_entstream_source=timeline&amp;__tn__=%2As%2As-R&amp;paipv=1\" aria-label=\"Abrir historia\" class=\"_5msj\"><\/a><\/p>\n<p><a href=\"https:\/\/bomberos.puyo.gob.ec\/2019\/wp-content\/uploads\/1672347902_681_CAPACITACION-PREVENCION-Se-realiza-una-capacitacion-segun-el-cronograma-de.jpg\"><img decoding=\"async\" class=\"wp_automatic_fb_img\" title=\"\" src=\"https:\/\/bomberos.puyo.gob.ec\/2019\/wp-content\/uploads\/1672347902_681_CAPACITACION-PREVENCION-Se-realiza-una-capacitacion-segun-el-cronograma-de.jpg\" \/><\/a><br \/><a href=\"https:\/\/bomberos.puyo.gob.ec\/2019\/wp-content\/uploads\/1672347903_538_CAPACITACION-PREVENCION-Se-realiza-una-capacitacion-segun-el-cronograma-de.jpg\"><img decoding=\"async\" class=\"wp_automatic_fb_img\" title=\"\" src=\"https:\/\/bomberos.puyo.gob.ec\/2019\/wp-content\/uploads\/1672347903_538_CAPACITACION-PREVENCION-Se-realiza-una-capacitacion-segun-el-cronograma-de.jpg\" \/><\/a><br \/>\n<br \/><a href=\"https:\/\/www.facebook.com\/465093860312824\/posts\/2364925806996277\">en facebook&#8230; <\/a>  <\/p>\n","protected":false},"excerpt":{"rendered":"<div><span><\/p>\n<p>|CAPACITACI\u00d3N PREVENCI\u00d3N|<\/p>\n<p> Se realiza una capacitaci\u00f3n seg\u00fan el cronograma de trabajo en coordinaci\u00f3n con el Distrito de Educaci\u00f3n 16D01 Pastaza. <\/p>\n<p> Tema: Pirotecnia Segura.<br \/> Capacitador: Bro. Castillo H\u00e9ctor<br \/> Dirigida a los estudiantes de la U. E. Castor Luis Plaza Aray de EBGU 2dos a 8vos, donde se trabaja con 40 alumnos.<\/p>\n<p><\/span><\/div>\n<p><a href=\"https:\/\/facebook.com\/story.php?story_fbid=pfbid0A8rQNnFmwEAZremT6ZCtihxcdxnQBDF8aaVFSKpkgDVrNhVD7TXHUNEtDANt3Lbdl&amp;id=465093860312824&amp;eav=AfaACAffBD6OuMPX3IPWuIY65xBW0x63nGGsubXzim6S8w7VyQ8FTunJrE3LQEwoOwQ&amp;viewer=465093860312824&amp;m_entstream_source=timeline&amp;__tn__=%2As%2As-R&amp;paipv=1\" aria-label=\"Abrir historia\" class=\"_5msj\"><\/a><\/p>\n<p><a href=\"https:\/\/scontent.fuio15-1.fna.fbcdn.net\/v\/t39.30808-6\/316937299_2364651870357004_5574862406322614288_n.jpg?stp=cp6_dst-jpg&#038;_nc_cat=105&#038;ccb=1-7&#038;_nc_sid=8bfeb9&#038;_nc_ohc=OKyJuSRrlEwAX9_4dQ4&#038;_nc_ht=scontent.fuio15-1.fna&#038;oh=00_AfDsahKJsr85U65mg8Aed5anqDUwl2qZUdxOFC6L9Ot9Gg&#038;oe=63B34C4D\"><img decoding=\"async\" class=\"wp_automatic_fb_img\" title=\"\" src=\"https:\/\/scontent.fuio15-1.fna.fbcdn.net\/v\/t39.30808-6\/316937299_2364651870357004_5574862406322614288_n.jpg?stp=cp6_dst-jpg&#038;_nc_cat=105&#038;ccb=1-7&#038;_nc_sid=8bfeb9&#038;_nc_ohc=OKyJuSRrlEwAX9_4dQ4&#038;_nc_ht=scontent.fuio15-1.fna&#038;oh=00_AfDsahKJsr85U65mg8Aed5anqDUwl2qZUdxOFC6L9Ot9Gg&#038;oe=63B34C4D\" \/><\/a><br \/><a href=\"https:\/\/scontent.fuio15-1.fna.fbcdn.net\/v\/t39.30808-6\/316939651_2364651883690336_3885900216306519034_n.jpg?stp=cp6_dst-jpg&#038;_nc_cat=100&#038;ccb=1-7&#038;_nc_sid=8bfeb9&#038;_nc_ohc=Gkh9IwA2NGsAX963f6A&#038;_nc_ht=scontent.fuio15-1.fna&#038;oh=00_AfB0ycDn1WsJDyP5pvivzyvIyl1QayeOA3tUtaHjww1GkQ&#038;oe=63B39522\"><img decoding=\"async\" class=\"wp_automatic_fb_img\" title=\"\" src=\"https:\/\/scontent.fuio15-1.fna.fbcdn.net\/v\/t39.30808-6\/316939651_2364651883690336_3885900216306519034_n.jpg?stp=cp6_dst-jpg&#038;_nc_cat=100&#038;ccb=1-7&#038;_nc_sid=8bfeb9&#038;_nc_ohc=Gkh9IwA2NGsAX963f6A&#038;_nc_ht=scontent.fuio15-1.fna&#038;oh=00_AfB0ycDn1WsJDyP5pvivzyvIyl1QayeOA3tUtaHjww1GkQ&#038;oe=63B39522\" \/><\/a><\/p>\n","protected":false},"author":1,"featured_media":2406,"comment_status":"open","ping_status":"open","sticky":false,"template":"","format":"standard","meta":[],"categories":[1],"tags":[65,841,39,692,840,119],"_links":{"self":[{"href":"https:\/\/bomberos.puyo.gob.ec\/2019\/wp-json\/wp\/v2\/posts\/2405"}],"collection":[{"href":"https:\/\/bomberos.puyo.gob.ec\/2019\/wp-json\/wp\/v2\/posts"}],"about":[{"href":"https:\/\/bomberos.puyo.gob.ec\/2019\/wp-json\/wp\/v2\/types\/post"}],"author":[{"embeddable":true,"href":"https:\/\/bomberos.puyo.gob.ec\/2019\/wp-json\/wp\/v2\/users\/1"}],"replies":[{"embeddable":true,"href":"https:\/\/bomberos.puyo.gob.ec\/2019\/wp-json\/wp\/v2\/comments?post=2405"}],"version-history":[{"count":1,"href":"https:\/\/bomberos.puyo.gob.ec\/2019\/wp-json\/wp\/v2\/posts\/2405\/revisions"}],"predecessor-version":[{"id":2407,"href":"https:\/\/bomberos.puyo.gob.ec\/2019\/wp-json\/wp\/v2\/posts\/2405\/revisions\/2407"}],"wp:featuredmedia":[{"embeddable":true,"href":"https:\/\/bomberos.puyo.gob.ec\/2019\/wp-json\/wp\/v2\/media\/2406"}],"wp:attachment":[{"href":"https:\/\/bomberos.puyo.gob.ec\/2019\/wp-json\/wp\/v2\/media?parent=2405"}],"wp:term":[{"taxonomy":"category","embeddable":true,"href":"https:\/\/bomberos.puyo.gob.ec\/2019\/wp-json\/wp\/v2\/categories?post=2405"},{"taxonomy":"post_tag","embeddable":true,"href":"https:\/\/bomberos.puyo.gob.ec\/2019\/wp-json\/wp\/v2\/tags?post=2405"}],"curies":[{"name":"wp","href":"https:\/\/api.w.org\/{rel}","templated":true}]}}