{"id":2402,"date":"2022-11-25T09:11:21","date_gmt":"2022-11-25T14:11:21","guid":{"rendered":"https:\/\/bomberos.puyo.gob.ec\/capacitacion-prevencion-se-realiza-una-capacitacion-segun-el-cronograma-de-3\/"},"modified":"2022-12-29T16:02:36","modified_gmt":"2022-12-29T21:02:36","slug":"capacitacion-prevencion-se-realiza-una-capacitacion-segun-el-cronograma-de-3","status":"publish","type":"post","link":"https:\/\/bomberos.puyo.gob.ec\/2019\/capacitacion-prevencion-se-realiza-una-capacitacion-segun-el-cronograma-de-3\/","title":{"rendered":"|CAPACITACI\u00d3N PREVENCI\u00d3N|\n Se realiza una capacitaci\u00f3n seg\u00fan el cronograma de &#8230;"},"content":{"rendered":"<div><span><\/p>\n<p>|CAPACITACI\u00d3N PREVENCI\u00d3N|<\/p>\n<p> Se realiza una capacitaci\u00f3n seg\u00fan el cronograma de trabajo previa coordinaci\u00f3n con el Distrito de Educaci\u00f3n 16D01 Pastaza.<\/p>\n<p> Tema: Pirotecnia Segura.<br \/> Capacitador: Bro. Castillo Hector.<br \/> Dirigida a los estudiantes de la U. E. Esperanza Eterna de EBGU 2dos a 8vos, donde se trabaja con 100 alumnos.<\/p>\n<p><\/span><\/div>\n<p><a href=\"https:\/\/facebook.com\/story.php?story_fbid=pfbid0sYAVV3NGvXDWpgjH4AjGPapzXmWgf968fPyg3FGJqtv3Tc7JDdKBFGesjTPyKAyml&amp;id=465093860312824&amp;eav=AfaX5EkMlnQAKFeMB-tn2PLg3qJ-tTaN1ExDR97Sjh1OGCKR47W1kHfLaj_xSqVC9Kc&amp;viewer=465093860312824&amp;m_entstream_source=timeline&amp;__tn__=%2As%2As-R&amp;paipv=1\" aria-label=\"Abrir historia\" class=\"_5msj\"><\/a><\/p>\n<p><a href=\"https:\/\/bomberos.puyo.gob.ec\/2019\/wp-content\/uploads\/1672347754_776_CAPACITACION-PREVENCION-Se-realiza-una-capacitacion-segun-el-cronograma-de.jpg\"><img decoding=\"async\" class=\"wp_automatic_fb_img\" title=\"\" src=\"https:\/\/bomberos.puyo.gob.ec\/2019\/wp-content\/uploads\/1672347754_776_CAPACITACION-PREVENCION-Se-realiza-una-capacitacion-segun-el-cronograma-de.jpg\" \/><\/a><br \/><a href=\"https:\/\/bomberos.puyo.gob.ec\/2019\/wp-content\/uploads\/1672347755_242_CAPACITACION-PREVENCION-Se-realiza-una-capacitacion-segun-el-cronograma-de.jpg\"><img decoding=\"async\" class=\"wp_automatic_fb_img\" title=\"\" src=\"https:\/\/bomberos.puyo.gob.ec\/2019\/wp-content\/uploads\/1672347755_242_CAPACITACION-PREVENCION-Se-realiza-una-capacitacion-segun-el-cronograma-de.jpg\" \/><\/a><br \/>\n<br \/><a href=\"https:\/\/www.facebook.com\/465093860312824\/posts\/2364969253658599\">en facebook&#8230; <\/a>  <\/p>\n","protected":false},"excerpt":{"rendered":"<div><span><\/p>\n<p>|CAPACITACI\u00d3N PREVENCI\u00d3N|<\/p>\n<p> Se realiza una capacitaci\u00f3n seg\u00fan el cronograma de trabajo previa coordinaci\u00f3n con el Distrito de Educaci\u00f3n 16D01 Pastaza.<\/p>\n<p> Tema: Pirotecnia Segura.<br \/> Capacitador: Bro. Castillo Hector.<br \/> Dirigida a los estudiantes de la U. E. Esperanza Eterna de EBGU 2dos a 8vos, donde se trabaja con 100 alumnos.<\/p>\n<p><\/span><\/div>\n<p><a href=\"https:\/\/facebook.com\/story.php?story_fbid=pfbid0sYAVV3NGvXDWpgjH4AjGPapzXmWgf968fPyg3FGJqtv3Tc7JDdKBFGesjTPyKAyml&amp;id=465093860312824&amp;eav=AfaX5EkMlnQAKFeMB-tn2PLg3qJ-tTaN1ExDR97Sjh1OGCKR47W1kHfLaj_xSqVC9Kc&amp;viewer=465093860312824&amp;m_entstream_source=timeline&amp;__tn__=%2As%2As-R&amp;paipv=1\" aria-label=\"Abrir historia\" class=\"_5msj\"><\/a><\/p>\n<p><a href=\"https:\/\/scontent.fuio15-1.fna.fbcdn.net\/v\/t39.30808-6\/316948308_2364654980356693_1755605688614487873_n.jpg?stp=cp6_dst-jpg&#038;_nc_cat=107&#038;ccb=1-7&#038;_nc_sid=8bfeb9&#038;_nc_ohc=jvPPm0kuZS0AX-4-qEp&#038;_nc_ht=scontent.fuio15-1.fna&#038;oh=00_AfAi1GO-dw3-ibpG7W4GEyxh0CqU9cPVoJlMOLkAOT8bGg&#038;oe=63B36B51\"><img decoding=\"async\" class=\"wp_automatic_fb_img\" title=\"\" src=\"https:\/\/scontent.fuio15-1.fna.fbcdn.net\/v\/t39.30808-6\/316948308_2364654980356693_1755605688614487873_n.jpg?stp=cp6_dst-jpg&#038;_nc_cat=107&#038;ccb=1-7&#038;_nc_sid=8bfeb9&#038;_nc_ohc=jvPPm0kuZS0AX-4-qEp&#038;_nc_ht=scontent.fuio15-1.fna&#038;oh=00_AfAi1GO-dw3-ibpG7W4GEyxh0CqU9cPVoJlMOLkAOT8bGg&#038;oe=63B36B51\" \/><\/a><br \/><a href=\"https:\/\/scontent.fuio15-1.fna.fbcdn.net\/v\/t39.30808-6\/316951068_2364654990356692_5378861486090075473_n.jpg?stp=cp6_dst-jpg&#038;_nc_cat=103&#038;ccb=1-7&#038;_nc_sid=8bfeb9&#038;_nc_ohc=h02cBVrNH-4AX-6LCQ8&#038;_nc_ht=scontent.fuio15-1.fna&#038;oh=00_AfBO4BkUSUPD7jA-pCXorK2Li_YjFfPN-LLEZunpUWZldA&#038;oe=63B293CC\"><img decoding=\"async\" class=\"wp_automatic_fb_img\" title=\"\" src=\"https:\/\/scontent.fuio15-1.fna.fbcdn.net\/v\/t39.30808-6\/316951068_2364654990356692_5378861486090075473_n.jpg?stp=cp6_dst-jpg&#038;_nc_cat=103&#038;ccb=1-7&#038;_nc_sid=8bfeb9&#038;_nc_ohc=h02cBVrNH-4AX-6LCQ8&#038;_nc_ht=scontent.fuio15-1.fna&#038;oh=00_AfBO4BkUSUPD7jA-pCXorK2Li_YjFfPN-LLEZunpUWZldA&#038;oe=63B293CC\" \/><\/a><\/p>\n","protected":false},"author":1,"featured_media":2403,"comment_status":"open","ping_status":"open","sticky":false,"template":"","format":"standard","meta":[],"categories":[1],"tags":[65,841,39,692,840,119],"_links":{"self":[{"href":"https:\/\/bomberos.puyo.gob.ec\/2019\/wp-json\/wp\/v2\/posts\/2402"}],"collection":[{"href":"https:\/\/bomberos.puyo.gob.ec\/2019\/wp-json\/wp\/v2\/posts"}],"about":[{"href":"https:\/\/bomberos.puyo.gob.ec\/2019\/wp-json\/wp\/v2\/types\/post"}],"author":[{"embeddable":true,"href":"https:\/\/bomberos.puyo.gob.ec\/2019\/wp-json\/wp\/v2\/users\/1"}],"replies":[{"embeddable":true,"href":"https:\/\/bomberos.puyo.gob.ec\/2019\/wp-json\/wp\/v2\/comments?post=2402"}],"version-history":[{"count":1,"href":"https:\/\/bomberos.puyo.gob.ec\/2019\/wp-json\/wp\/v2\/posts\/2402\/revisions"}],"predecessor-version":[{"id":2404,"href":"https:\/\/bomberos.puyo.gob.ec\/2019\/wp-json\/wp\/v2\/posts\/2402\/revisions\/2404"}],"wp:featuredmedia":[{"embeddable":true,"href":"https:\/\/bomberos.puyo.gob.ec\/2019\/wp-json\/wp\/v2\/media\/2403"}],"wp:attachment":[{"href":"https:\/\/bomberos.puyo.gob.ec\/2019\/wp-json\/wp\/v2\/media?parent=2402"}],"wp:term":[{"taxonomy":"category","embeddable":true,"href":"https:\/\/bomberos.puyo.gob.ec\/2019\/wp-json\/wp\/v2\/categories?post=2402"},{"taxonomy":"post_tag","embeddable":true,"href":"https:\/\/bomberos.puyo.gob.ec\/2019\/wp-json\/wp\/v2\/tags?post=2402"}],"curies":[{"name":"wp","href":"https:\/\/api.w.org\/{rel}","templated":true}]}}