{"id":2390,"date":"2022-11-27T21:58:15","date_gmt":"2022-11-28T02:58:15","guid":{"rendered":"https:\/\/bomberos.puyo.gob.ec\/labor-de-parto\/"},"modified":"2022-12-29T15:49:31","modified_gmt":"2022-12-29T20:49:31","slug":"labor-de-parto","status":"publish","type":"post","link":"https:\/\/bomberos.puyo.gob.ec\/2019\/labor-de-parto\/","title":{"rendered":"|LABOR DE PARTO|&#8230;"},"content":{"rendered":"<p>|LABOR DE PARTO|<\/p>\n<p>La unidad A5 se dirigi\u00f3 a el barrio Vicentino  (calles Manab\u00ed y Bolivar), en el lugar se atiende a una paciente de nombre: A. S. F. de 34 a\u00f1os de edad, misma que presenta parto a termino con alumbramiento de un reci\u00e9n nacido.<br \/>\nEl personal atiende a la paciente sin poder trasladarla hasta el hospital recibiendo al R\/N en el domicilio, para posteriormente valorarla son trasladadas al hospital en donde las recibe el m\u00e9dico de turno.<\/p>\n<p><a href=\"https:\/\/bomberos.puyo.gob.ec\/2019\/wp-content\/uploads\/LABOR-DE-PARTO.jpg\"><img decoding=\"async\" class=\"wp_automatic_fb_img\" title=\"\" src=\"https:\/\/bomberos.puyo.gob.ec\/2019\/wp-content\/uploads\/LABOR-DE-PARTO.jpg\" \/><\/a><br \/>\n<br \/><a href=\"https:\/\/www.facebook.com\/465093860312824\/posts\/2367005323454992\">en facebook&#8230; <\/a>  <\/p>\n","protected":false},"excerpt":{"rendered":"<p>|LABOR DE PARTO|<\/p>\n<p>La unidad A5 se dirigi\u00f3 a el barrio Vicentino  (calles Manab\u00ed y Bolivar), en el lugar se atiende a una paciente de nombre: A. S. F. de 34 a\u00f1os de edad, misma que presenta parto a termino con alumbramiento de un reci\u00e9n nacido.<br \/>\nEl personal atiende a la paciente sin poder trasladarla hasta el hospital recibiendo al R\/N en el domicilio, para posteriormente valorarla son trasladadas al hospital en donde las recibe el m\u00e9dico de turno.<\/p>\n<p><a href=\"https:\/\/scontent.fuio15-1.fna.fbcdn.net\/v\/t39.30808-6\/317364923_2367005290121662_7934948911724509896_n.jpg?stp=cp6_dst-jpg_s720x720&#038;_nc_cat=106&#038;ccb=1-7&#038;_nc_sid=8bfeb9&#038;_nc_ohc=uKl6Zd3rg1kAX8XgxEN&#038;_nc_ht=scontent.fuio15-1.fna&#038;oh=00_AfCHgk0llANv0f-_qs_x26Tf6nXk1QezchF-ZyICUfJdHg&#038;oe=63B2DC2A\"><img decoding=\"async\" class=\"wp_automatic_fb_img\" title=\"\" src=\"https:\/\/scontent.fuio15-1.fna.fbcdn.net\/v\/t39.30808-6\/317364923_2367005290121662_7934948911724509896_n.jpg?stp=cp6_dst-jpg_s720x720&#038;_nc_cat=106&#038;ccb=1-7&#038;_nc_sid=8bfeb9&#038;_nc_ohc=uKl6Zd3rg1kAX8XgxEN&#038;_nc_ht=scontent.fuio15-1.fna&#038;oh=00_AfCHgk0llANv0f-_qs_x26Tf6nXk1QezchF-ZyICUfJdHg&#038;oe=63B2DC2A\" \/><\/a><\/p>\n","protected":false},"author":1,"featured_media":2391,"comment_status":"open","ping_status":"open","sticky":false,"template":"","format":"standard","meta":[],"categories":[1],"tags":[147,519],"_links":{"self":[{"href":"https:\/\/bomberos.puyo.gob.ec\/2019\/wp-json\/wp\/v2\/posts\/2390"}],"collection":[{"href":"https:\/\/bomberos.puyo.gob.ec\/2019\/wp-json\/wp\/v2\/posts"}],"about":[{"href":"https:\/\/bomberos.puyo.gob.ec\/2019\/wp-json\/wp\/v2\/types\/post"}],"author":[{"embeddable":true,"href":"https:\/\/bomberos.puyo.gob.ec\/2019\/wp-json\/wp\/v2\/users\/1"}],"replies":[{"embeddable":true,"href":"https:\/\/bomberos.puyo.gob.ec\/2019\/wp-json\/wp\/v2\/comments?post=2390"}],"version-history":[{"count":1,"href":"https:\/\/bomberos.puyo.gob.ec\/2019\/wp-json\/wp\/v2\/posts\/2390\/revisions"}],"predecessor-version":[{"id":2392,"href":"https:\/\/bomberos.puyo.gob.ec\/2019\/wp-json\/wp\/v2\/posts\/2390\/revisions\/2392"}],"wp:featuredmedia":[{"embeddable":true,"href":"https:\/\/bomberos.puyo.gob.ec\/2019\/wp-json\/wp\/v2\/media\/2391"}],"wp:attachment":[{"href":"https:\/\/bomberos.puyo.gob.ec\/2019\/wp-json\/wp\/v2\/media?parent=2390"}],"wp:term":[{"taxonomy":"category","embeddable":true,"href":"https:\/\/bomberos.puyo.gob.ec\/2019\/wp-json\/wp\/v2\/categories?post=2390"},{"taxonomy":"post_tag","embeddable":true,"href":"https:\/\/bomberos.puyo.gob.ec\/2019\/wp-json\/wp\/v2\/tags?post=2390"}],"curies":[{"name":"wp","href":"https:\/\/api.w.org\/{rel}","templated":true}]}}