{"id":2384,"date":"2022-11-29T16:15:39","date_gmt":"2022-11-29T21:15:39","guid":{"rendered":"https:\/\/bomberos.puyo.gob.ec\/capacitacion-prevencion-se-realiza-una-capacitacion-segun-el-cronograma-de-2\/"},"modified":"2022-12-29T15:42:45","modified_gmt":"2022-12-29T20:42:45","slug":"capacitacion-prevencion-se-realiza-una-capacitacion-segun-el-cronograma-de-2","status":"publish","type":"post","link":"https:\/\/bomberos.puyo.gob.ec\/2019\/capacitacion-prevencion-se-realiza-una-capacitacion-segun-el-cronograma-de-2\/","title":{"rendered":"|CAPACITACI\u00d3N PREVENCI\u00d3N|\n Se realiza una capacitaci\u00f3n seg\u00fan el cronograma de &#8230;"},"content":{"rendered":"<div><span><\/p>\n<p>|CAPACITACI\u00d3N PREVENCI\u00d3N|<\/p>\n<p> Se realiza una capacitaci\u00f3n seg\u00fan el cronograma de trabajo en coordinaci\u00f3n con el Distrito de Educaci\u00f3n 16D01 Pastaza.<\/p>\n<p> Tema: Pirotecnia Segura.<br \/> Capacitador: Bro. Castillo Hector<br \/> Dirigida a los estudiantes de la U. E. San Vicente Ferrer de EBGU 2dos a 8vos, donde se trabaja con 300 alumnos.<\/p>\n<p><\/span><\/div>\n<p><a href=\"https:\/\/facebook.com\/story.php?story_fbid=pfbid02D5z3CNfZ6csccDLMkkzxz2uU1XQkxzkmkUdBNumArfZDCP5cybeyRp5SUGrk8PdZl&amp;id=465093860312824&amp;eav=AfbS9t6at-9m0Qb85TWrOIbR1GUc5S8v62xLTvg1EaKYLFnPnRZXJUx4hTreFF38RWc&amp;viewer=465093860312824&amp;m_entstream_source=timeline&amp;__tn__=%2As%2As-R&amp;paipv=1\" aria-label=\"Abrir historia\" class=\"_5msj\"><\/a><\/p>\n<p><a href=\"https:\/\/bomberos.puyo.gob.ec\/2019\/wp-content\/uploads\/1672346562_647_CAPACITACION-PREVENCION-Se-realiza-una-capacitacion-segun-el-cronograma-de.jpg\"><img decoding=\"async\" class=\"wp_automatic_fb_img\" title=\"\" src=\"https:\/\/bomberos.puyo.gob.ec\/2019\/wp-content\/uploads\/1672346562_647_CAPACITACION-PREVENCION-Se-realiza-una-capacitacion-segun-el-cronograma-de.jpg\" \/><\/a><br \/><a href=\"https:\/\/bomberos.puyo.gob.ec\/2019\/wp-content\/uploads\/1672346563_968_CAPACITACION-PREVENCION-Se-realiza-una-capacitacion-segun-el-cronograma-de.jpg\"><img decoding=\"async\" class=\"wp_automatic_fb_img\" title=\"\" src=\"https:\/\/bomberos.puyo.gob.ec\/2019\/wp-content\/uploads\/1672346563_968_CAPACITACION-PREVENCION-Se-realiza-una-capacitacion-segun-el-cronograma-de.jpg\" \/><\/a><br \/><a href=\"https:\/\/bomberos.puyo.gob.ec\/2019\/wp-content\/uploads\/1672346564_577_CAPACITACION-PREVENCION-Se-realiza-una-capacitacion-segun-el-cronograma-de.jpg\"><img decoding=\"async\" class=\"wp_automatic_fb_img\" title=\"\" src=\"https:\/\/bomberos.puyo.gob.ec\/2019\/wp-content\/uploads\/1672346564_577_CAPACITACION-PREVENCION-Se-realiza-una-capacitacion-segun-el-cronograma-de.jpg\" \/><\/a><br \/>\n<br \/><a href=\"https:\/\/www.facebook.com\/465093860312824\/posts\/2368374883318036\">en facebook&#8230; <\/a>  <\/p>\n","protected":false},"excerpt":{"rendered":"<div><span><\/p>\n<p>|CAPACITACI\u00d3N PREVENCI\u00d3N|<\/p>\n<p> Se realiza una capacitaci\u00f3n seg\u00fan el cronograma de trabajo en coordinaci\u00f3n con el Distrito de Educaci\u00f3n 16D01 Pastaza.<\/p>\n<p> Tema: Pirotecnia Segura.<br \/> Capacitador: Bro. Castillo Hector<br \/> Dirigida a los estudiantes de la U. E. San Vicente Ferrer de EBGU 2dos a 8vos, donde se trabaja con 300 alumnos.<\/p>\n<p><\/span><\/div>\n<p><a href=\"https:\/\/facebook.com\/story.php?story_fbid=pfbid02D5z3CNfZ6csccDLMkkzxz2uU1XQkxzkmkUdBNumArfZDCP5cybeyRp5SUGrk8PdZl&amp;id=465093860312824&amp;eav=AfbS9t6at-9m0Qb85TWrOIbR1GUc5S8v62xLTvg1EaKYLFnPnRZXJUx4hTreFF38RWc&amp;viewer=465093860312824&amp;m_entstream_source=timeline&amp;__tn__=%2As%2As-R&amp;paipv=1\" aria-label=\"Abrir historia\" class=\"_5msj\"><\/a><\/p>\n<p><a href=\"https:\/\/scontent.fuio15-1.fna.fbcdn.net\/v\/t39.30808-6\/317772059_2368374813318043_2222675837457972821_n.jpg?stp=cp6_dst-jpg&#038;_nc_cat=106&#038;ccb=1-7&#038;_nc_sid=8bfeb9&#038;_nc_ohc=MGhyX6-BUpsAX_hJIq9&#038;_nc_ht=scontent.fuio15-1.fna&#038;oh=00_AfDgmaCuQ98aUUjgsWmIXTlewKjgPa37Wj-qFgClx-Zx9A&#038;oe=63B3D7EF\"><img decoding=\"async\" class=\"wp_automatic_fb_img\" title=\"\" src=\"https:\/\/scontent.fuio15-1.fna.fbcdn.net\/v\/t39.30808-6\/317772059_2368374813318043_2222675837457972821_n.jpg?stp=cp6_dst-jpg&#038;_nc_cat=106&#038;ccb=1-7&#038;_nc_sid=8bfeb9&#038;_nc_ohc=MGhyX6-BUpsAX_hJIq9&#038;_nc_ht=scontent.fuio15-1.fna&#038;oh=00_AfDgmaCuQ98aUUjgsWmIXTlewKjgPa37Wj-qFgClx-Zx9A&#038;oe=63B3D7EF\" \/><\/a><br \/><a href=\"https:\/\/scontent.fuio15-1.fna.fbcdn.net\/v\/t39.30808-6\/317742948_2368374823318042_1240058852099552421_n.jpg?stp=cp6_dst-jpg&#038;_nc_cat=101&#038;ccb=1-7&#038;_nc_sid=8bfeb9&#038;_nc_ohc=BWBeBOEFCCoAX8pP34a&#038;_nc_ht=scontent.fuio15-1.fna&#038;oh=00_AfB8h7fwVtutryOPNSM1GYkizmwHy44DFFbgxnMd97JWMQ&#038;oe=63B2951F\"><img decoding=\"async\" class=\"wp_automatic_fb_img\" title=\"\" src=\"https:\/\/scontent.fuio15-1.fna.fbcdn.net\/v\/t39.30808-6\/317742948_2368374823318042_1240058852099552421_n.jpg?stp=cp6_dst-jpg&#038;_nc_cat=101&#038;ccb=1-7&#038;_nc_sid=8bfeb9&#038;_nc_ohc=BWBeBOEFCCoAX8pP34a&#038;_nc_ht=scontent.fuio15-1.fna&#038;oh=00_AfB8h7fwVtutryOPNSM1GYkizmwHy44DFFbgxnMd97JWMQ&#038;oe=63B2951F\" \/><\/a><br \/><a href=\"https:\/\/scontent.fuio15-1.fna.fbcdn.net\/v\/t39.30808-6\/317494769_2368374833318041_5008408559547002147_n.jpg?stp=cp6_dst-jpg&#038;_nc_cat=102&#038;ccb=1-7&#038;_nc_sid=8bfeb9&#038;_nc_ohc=gBxciKw5KDwAX-UvFZC&#038;_nc_ht=scontent.fuio15-1.fna&#038;oh=00_AfChF3rQEiYtTu7zvhZ5B5IlV-TjTJEh2Ik-SFpH2_FJNQ&#038;oe=63B3D653\"><img decoding=\"async\" class=\"wp_automatic_fb_img\" title=\"\" src=\"https:\/\/scontent.fuio15-1.fna.fbcdn.net\/v\/t39.30808-6\/317494769_2368374833318041_5008408559547002147_n.jpg?stp=cp6_dst-jpg&#038;_nc_cat=102&#038;ccb=1-7&#038;_nc_sid=8bfeb9&#038;_nc_ohc=gBxciKw5KDwAX-UvFZC&#038;_nc_ht=scontent.fuio15-1.fna&#038;oh=00_AfChF3rQEiYtTu7zvhZ5B5IlV-TjTJEh2Ik-SFpH2_FJNQ&#038;oe=63B3D653\" \/><\/a><\/p>\n","protected":false},"author":1,"featured_media":2385,"comment_status":"open","ping_status":"open","sticky":false,"template":"","format":"standard","meta":[],"categories":[1],"tags":[65,841,39,692,840,119],"_links":{"self":[{"href":"https:\/\/bomberos.puyo.gob.ec\/2019\/wp-json\/wp\/v2\/posts\/2384"}],"collection":[{"href":"https:\/\/bomberos.puyo.gob.ec\/2019\/wp-json\/wp\/v2\/posts"}],"about":[{"href":"https:\/\/bomberos.puyo.gob.ec\/2019\/wp-json\/wp\/v2\/types\/post"}],"author":[{"embeddable":true,"href":"https:\/\/bomberos.puyo.gob.ec\/2019\/wp-json\/wp\/v2\/users\/1"}],"replies":[{"embeddable":true,"href":"https:\/\/bomberos.puyo.gob.ec\/2019\/wp-json\/wp\/v2\/comments?post=2384"}],"version-history":[{"count":1,"href":"https:\/\/bomberos.puyo.gob.ec\/2019\/wp-json\/wp\/v2\/posts\/2384\/revisions"}],"predecessor-version":[{"id":2386,"href":"https:\/\/bomberos.puyo.gob.ec\/2019\/wp-json\/wp\/v2\/posts\/2384\/revisions\/2386"}],"wp:featuredmedia":[{"embeddable":true,"href":"https:\/\/bomberos.puyo.gob.ec\/2019\/wp-json\/wp\/v2\/media\/2385"}],"wp:attachment":[{"href":"https:\/\/bomberos.puyo.gob.ec\/2019\/wp-json\/wp\/v2\/media?parent=2384"}],"wp:term":[{"taxonomy":"category","embeddable":true,"href":"https:\/\/bomberos.puyo.gob.ec\/2019\/wp-json\/wp\/v2\/categories?post=2384"},{"taxonomy":"post_tag","embeddable":true,"href":"https:\/\/bomberos.puyo.gob.ec\/2019\/wp-json\/wp\/v2\/tags?post=2384"}],"curies":[{"name":"wp","href":"https:\/\/api.w.org\/{rel}","templated":true}]}}