{"id":2381,"date":"2022-11-30T08:00:22","date_gmt":"2022-11-30T13:00:22","guid":{"rendered":"https:\/\/bomberos.puyo.gob.ec\/evaluacion-final-de-instruccion-formal-capacitador-sgto-alexander-garcia\/"},"modified":"2022-12-29T15:41:12","modified_gmt":"2022-12-29T20:41:12","slug":"evaluacion-final-de-instruccion-formal-capacitador-sgto-alexander-garcia","status":"publish","type":"post","link":"https:\/\/bomberos.puyo.gob.ec\/2019\/evaluacion-final-de-instruccion-formal-capacitador-sgto-alexander-garcia\/","title":{"rendered":"|EVALUACI\u00d3N FINAL DE INSTRUCCI\u00d3N FORMAL|\n CAPACITADOR: Sgto. Alexander Garc\u00eda&#8230;."},"content":{"rendered":"<div><span><\/p>\n<p>|EVALUACI\u00d3N FINAL DE INSTRUCCI\u00d3N FORMAL|<\/p>\n<p> CAPACITADOR: Sgto. Alexander Garc\u00eda.<br \/> Se evalu\u00f3 a todo el personal Operativo, sobre la capacitaci\u00f3n recibida de Instrucci\u00f3n Formal, cumpliendo con todos los objetivos dentro del r\u00e9gimen disciplinario. <\/p>\n<p> ABNEGACI\u00d3N Y DISCIPLINA.<\/p>\n<p><\/span><\/div>\n<p><a href=\"https:\/\/facebook.com\/story.php?story_fbid=pfbid02W3XijboqzdctMDPG9CtCxxBCWkNFGgn3uH2UwVgZUaChSAH9M5X4e7CFTmK3JzwNl&amp;id=465093860312824&amp;eav=AfZukWI_WjTpTZQi6L42x_DigWpL3qchMlQhxNPzyeO6xdbP8EAgfsl1XUMIBSpBBTk&amp;viewer=465093860312824&amp;m_entstream_source=timeline&amp;__tn__=%2As%2As-R&amp;paipv=1\" aria-label=\"Abrir historia\" class=\"_5msj\"><\/a><\/p>\n<p><a href=\"https:\/\/bomberos.puyo.gob.ec\/2019\/wp-content\/uploads\/EVALUACION-FINAL-DE-INSTRUCCION-FORMAL-CAPACITADOR-Sgto-Alexander-Garcia.jpg\"><img decoding=\"async\" class=\"wp_automatic_fb_img\" title=\"\" src=\"https:\/\/bomberos.puyo.gob.ec\/2019\/wp-content\/uploads\/EVALUACION-FINAL-DE-INSTRUCCION-FORMAL-CAPACITADOR-Sgto-Alexander-Garcia.jpg\" \/><\/a><br \/><a href=\"https:\/\/bomberos.puyo.gob.ec\/2019\/wp-content\/uploads\/1672346469_470_EVALUACION-FINAL-DE-INSTRUCCION-FORMAL-CAPACITADOR-Sgto-Alexander-Garcia.jpg\"><img decoding=\"async\" class=\"wp_automatic_fb_img\" title=\"\" src=\"https:\/\/bomberos.puyo.gob.ec\/2019\/wp-content\/uploads\/1672346469_470_EVALUACION-FINAL-DE-INSTRUCCION-FORMAL-CAPACITADOR-Sgto-Alexander-Garcia.jpg\" \/><\/a><br \/><a href=\"https:\/\/bomberos.puyo.gob.ec\/2019\/wp-content\/uploads\/1672346469_228_EVALUACION-FINAL-DE-INSTRUCCION-FORMAL-CAPACITADOR-Sgto-Alexander-Garcia.jpg\"><img decoding=\"async\" class=\"wp_automatic_fb_img\" title=\"\" src=\"https:\/\/bomberos.puyo.gob.ec\/2019\/wp-content\/uploads\/1672346469_228_EVALUACION-FINAL-DE-INSTRUCCION-FORMAL-CAPACITADOR-Sgto-Alexander-Garcia.jpg\" \/><\/a><br \/><a href=\"https:\/\/bomberos.puyo.gob.ec\/2019\/wp-content\/uploads\/1672346470_244_EVALUACION-FINAL-DE-INSTRUCCION-FORMAL-CAPACITADOR-Sgto-Alexander-Garcia.jpg\"><img decoding=\"async\" class=\"wp_automatic_fb_img\" title=\"\" src=\"https:\/\/bomberos.puyo.gob.ec\/2019\/wp-content\/uploads\/1672346470_244_EVALUACION-FINAL-DE-INSTRUCCION-FORMAL-CAPACITADOR-Sgto-Alexander-Garcia.jpg\" \/><\/a><br \/>\n<br \/><a href=\"https:\/\/www.facebook.com\/465093860312824\/posts\/2368855193270005\">en facebook&#8230; <\/a>  <\/p>\n","protected":false},"excerpt":{"rendered":"<div><span><\/p>\n<p>|EVALUACI\u00d3N FINAL DE INSTRUCCI\u00d3N FORMAL|<\/p>\n<p> CAPACITADOR: Sgto. Alexander Garc\u00eda.<br \/> Se evalu\u00f3 a todo el personal Operativo, sobre la capacitaci\u00f3n recibida de Instrucci\u00f3n Formal, cumpliendo con todos los objetivos dentro del r\u00e9gimen disciplinario. <\/p>\n<p> ABNEGACI\u00d3N Y DISCIPLINA.<\/p>\n<p><\/span><\/div>\n<p><a href=\"https:\/\/facebook.com\/story.php?story_fbid=pfbid02W3XijboqzdctMDPG9CtCxxBCWkNFGgn3uH2UwVgZUaChSAH9M5X4e7CFTmK3JzwNl&amp;id=465093860312824&amp;eav=AfZukWI_WjTpTZQi6L42x_DigWpL3qchMlQhxNPzyeO6xdbP8EAgfsl1XUMIBSpBBTk&amp;viewer=465093860312824&amp;m_entstream_source=timeline&amp;__tn__=%2As%2As-R&amp;paipv=1\" aria-label=\"Abrir historia\" class=\"_5msj\"><\/a><\/p>\n<p><a href=\"https:\/\/scontent.fuio15-1.fna.fbcdn.net\/v\/t39.30808-6\/317763453_2368591689963022_539104300901485864_n.jpg?stp=cp6_dst-jpg&#038;_nc_cat=105&#038;ccb=1-7&#038;_nc_sid=8bfeb9&#038;_nc_ohc=ZctIudO-fg0AX_FiK_w&#038;_nc_ht=scontent.fuio15-1.fna&#038;oh=00_AfAUqGk5NVMLiQGr96spIU7WhN8X7o79i3knm1gK1qQwQA&#038;oe=63B374B0\"><img decoding=\"async\" class=\"wp_automatic_fb_img\" title=\"\" src=\"https:\/\/scontent.fuio15-1.fna.fbcdn.net\/v\/t39.30808-6\/317763453_2368591689963022_539104300901485864_n.jpg?stp=cp6_dst-jpg&#038;_nc_cat=105&#038;ccb=1-7&#038;_nc_sid=8bfeb9&#038;_nc_ohc=ZctIudO-fg0AX_FiK_w&#038;_nc_ht=scontent.fuio15-1.fna&#038;oh=00_AfAUqGk5NVMLiQGr96spIU7WhN8X7o79i3knm1gK1qQwQA&#038;oe=63B374B0\" \/><\/a><br \/><a href=\"https:\/\/scontent.fuio15-1.fna.fbcdn.net\/v\/t39.30808-6\/317555621_2368591679963023_3085016388837851138_n.jpg?stp=cp6_dst-jpg&#038;_nc_cat=105&#038;ccb=1-7&#038;_nc_sid=8bfeb9&#038;_nc_ohc=iZLQobPAWNQAX_q-ASy&#038;_nc_ht=scontent.fuio15-1.fna&#038;oh=00_AfCKQMprI7s__Epo93zC60w6WAf_g40ICGQW6UO60jPEWA&#038;oe=63B3D52B\"><img decoding=\"async\" class=\"wp_automatic_fb_img\" title=\"\" src=\"https:\/\/scontent.fuio15-1.fna.fbcdn.net\/v\/t39.30808-6\/317555621_2368591679963023_3085016388837851138_n.jpg?stp=cp6_dst-jpg&#038;_nc_cat=105&#038;ccb=1-7&#038;_nc_sid=8bfeb9&#038;_nc_ohc=iZLQobPAWNQAX_q-ASy&#038;_nc_ht=scontent.fuio15-1.fna&#038;oh=00_AfCKQMprI7s__Epo93zC60w6WAf_g40ICGQW6UO60jPEWA&#038;oe=63B3D52B\" \/><\/a><br \/><a href=\"https:\/\/scontent.fuio15-1.fna.fbcdn.net\/v\/t39.30808-6\/317628355_2368591676629690_2770034925502593308_n.jpg?stp=cp6_dst-jpg&#038;_nc_cat=100&#038;ccb=1-7&#038;_nc_sid=8bfeb9&#038;_nc_ohc=YsxE5uUFcSYAX-o5lsk&#038;_nc_ht=scontent.fuio15-1.fna&#038;oh=00_AfDSlYu5CO7zlEdukEeqls-WDWv-NtJJHzQBe1J6_GpnTw&#038;oe=63B36958\"><img decoding=\"async\" class=\"wp_automatic_fb_img\" title=\"\" src=\"https:\/\/scontent.fuio15-1.fna.fbcdn.net\/v\/t39.30808-6\/317628355_2368591676629690_2770034925502593308_n.jpg?stp=cp6_dst-jpg&#038;_nc_cat=100&#038;ccb=1-7&#038;_nc_sid=8bfeb9&#038;_nc_ohc=YsxE5uUFcSYAX-o5lsk&#038;_nc_ht=scontent.fuio15-1.fna&#038;oh=00_AfDSlYu5CO7zlEdukEeqls-WDWv-NtJJHzQBe1J6_GpnTw&#038;oe=63B36958\" \/><\/a><br \/><a href=\"https:\/\/scontent.fuio15-1.fna.fbcdn.net\/v\/t39.30808-6\/317620582_2368591706629687_1441598116139965456_n.jpg?stp=cp6_dst-jpg&#038;_nc_cat=101&#038;ccb=1-7&#038;_nc_sid=8bfeb9&#038;_nc_ohc=C_Si5DSUg-IAX_MMulq&#038;_nc_ht=scontent.fuio15-1.fna&#038;oh=00_AfAtU0xE21ddNfKLGtgOf8BmrmlcwCoH9uRulQ8DKB20Bg&#038;oe=63B2815B\"><img decoding=\"async\" class=\"wp_automatic_fb_img\" title=\"\" src=\"https:\/\/scontent.fuio15-1.fna.fbcdn.net\/v\/t39.30808-6\/317620582_2368591706629687_1441598116139965456_n.jpg?stp=cp6_dst-jpg&#038;_nc_cat=101&#038;ccb=1-7&#038;_nc_sid=8bfeb9&#038;_nc_ohc=C_Si5DSUg-IAX_MMulq&#038;_nc_ht=scontent.fuio15-1.fna&#038;oh=00_AfAtU0xE21ddNfKLGtgOf8BmrmlcwCoH9uRulQ8DKB20Bg&#038;oe=63B2815B\" \/><\/a><\/p>\n","protected":false},"author":1,"featured_media":2382,"comment_status":"open","ping_status":"open","sticky":false,"template":"","format":"standard","meta":[],"categories":[1],"tags":[850,848,281,845,847,851,846,849],"_links":{"self":[{"href":"https:\/\/bomberos.puyo.gob.ec\/2019\/wp-json\/wp\/v2\/posts\/2381"}],"collection":[{"href":"https:\/\/bomberos.puyo.gob.ec\/2019\/wp-json\/wp\/v2\/posts"}],"about":[{"href":"https:\/\/bomberos.puyo.gob.ec\/2019\/wp-json\/wp\/v2\/types\/post"}],"author":[{"embeddable":true,"href":"https:\/\/bomberos.puyo.gob.ec\/2019\/wp-json\/wp\/v2\/users\/1"}],"replies":[{"embeddable":true,"href":"https:\/\/bomberos.puyo.gob.ec\/2019\/wp-json\/wp\/v2\/comments?post=2381"}],"version-history":[{"count":1,"href":"https:\/\/bomberos.puyo.gob.ec\/2019\/wp-json\/wp\/v2\/posts\/2381\/revisions"}],"predecessor-version":[{"id":2383,"href":"https:\/\/bomberos.puyo.gob.ec\/2019\/wp-json\/wp\/v2\/posts\/2381\/revisions\/2383"}],"wp:featuredmedia":[{"embeddable":true,"href":"https:\/\/bomberos.puyo.gob.ec\/2019\/wp-json\/wp\/v2\/media\/2382"}],"wp:attachment":[{"href":"https:\/\/bomberos.puyo.gob.ec\/2019\/wp-json\/wp\/v2\/media?parent=2381"}],"wp:term":[{"taxonomy":"category","embeddable":true,"href":"https:\/\/bomberos.puyo.gob.ec\/2019\/wp-json\/wp\/v2\/categories?post=2381"},{"taxonomy":"post_tag","embeddable":true,"href":"https:\/\/bomberos.puyo.gob.ec\/2019\/wp-json\/wp\/v2\/tags?post=2381"}],"curies":[{"name":"wp","href":"https:\/\/api.w.org\/{rel}","templated":true}]}}