{"id":2378,"date":"2022-11-30T16:52:10","date_gmt":"2022-11-30T21:52:10","guid":{"rendered":"https:\/\/bomberos.puyo.gob.ec\/corte-de-arbol-el-personal-del-cuerpo-de-bomberos-de-pastaza-realiza-el-cor\/"},"modified":"2022-12-29T15:39:11","modified_gmt":"2022-12-29T20:39:11","slug":"corte-de-arbol-el-personal-del-cuerpo-de-bomberos-de-pastaza-realiza-el-cor","status":"publish","type":"post","link":"https:\/\/bomberos.puyo.gob.ec\/2019\/corte-de-arbol-el-personal-del-cuerpo-de-bomberos-de-pastaza-realiza-el-cor\/","title":{"rendered":"|CORTE DE \u00c1RBOL|\n El personal del Cuerpo de Bomberos de Pastaza realiza el cor&#8230;"},"content":{"rendered":"<div><span><\/p>\n<p>|CORTE DE \u00c1RBOL|<\/p>\n<p> El personal del Cuerpo de Bomberos de Pastaza realiza el corte de un \u00e1rbol de guaba, el mismo que d\u00edas antes habia ca\u00eddo sobre el techo de la vivienda del Sr. S. V. causando varios da\u00f1os en la estructura de la vivienda, culminando as\u00ed el trabajo de manera segura.<\/p>\n<p><\/span><\/div>\n<p><a href=\"https:\/\/facebook.com\/story.php?story_fbid=pfbid02UnMnpaVk9YxZRS2bGxKJ7DmNH8E5JBpiQd1KPVraG7bNc2B1LFnfnwH8yhjg5Kx2l&amp;id=465093860312824&amp;eav=AfZaJ38OY61osru-xa9ReczWDTno_eCr9xwaHO_rh8h1bJr8C6h69sZeQDH7h9wgrk8&amp;viewer=465093860312824&amp;m_entstream_source=timeline&amp;__tn__=%2As%2As-R&amp;paipv=1\" aria-label=\"Abrir historia\" class=\"_5msj\"><\/a><\/p>\n<p><a href=\"https:\/\/bomberos.puyo.gob.ec\/2019\/wp-content\/uploads\/CORTE-DE-ARBOL-El-personal-del-Cuerpo-de-Bomberos-de.jpg\"><img decoding=\"async\" class=\"wp_automatic_fb_img\" title=\"\" src=\"https:\/\/bomberos.puyo.gob.ec\/2019\/wp-content\/uploads\/CORTE-DE-ARBOL-El-personal-del-Cuerpo-de-Bomberos-de.jpg\" \/><\/a><br \/><a href=\"https:\/\/bomberos.puyo.gob.ec\/2019\/wp-content\/uploads\/1672346349_545_CORTE-DE-ARBOL-El-personal-del-Cuerpo-de-Bomberos-de.jpg\"><img decoding=\"async\" class=\"wp_automatic_fb_img\" title=\"\" src=\"https:\/\/bomberos.puyo.gob.ec\/2019\/wp-content\/uploads\/1672346349_545_CORTE-DE-ARBOL-El-personal-del-Cuerpo-de-Bomberos-de.jpg\" \/><\/a><br \/><a href=\"https:\/\/bomberos.puyo.gob.ec\/2019\/wp-content\/uploads\/1672346350_95_CORTE-DE-ARBOL-El-personal-del-Cuerpo-de-Bomberos-de.jpg\"><img decoding=\"async\" class=\"wp_automatic_fb_img\" title=\"\" src=\"https:\/\/bomberos.puyo.gob.ec\/2019\/wp-content\/uploads\/1672346350_95_CORTE-DE-ARBOL-El-personal-del-Cuerpo-de-Bomberos-de.jpg\" \/><\/a><br \/>\n<br \/><a href=\"https:\/\/www.facebook.com\/465093860312824\/posts\/2369181043237420\">en facebook&#8230; <\/a>  <\/p>\n","protected":false},"excerpt":{"rendered":"<div><span><\/p>\n<p>|CORTE DE \u00c1RBOL|<\/p>\n<p> El personal del Cuerpo de Bomberos de Pastaza realiza el corte de un \u00e1rbol de guaba, el mismo que d\u00edas antes habia ca\u00eddo sobre el techo de la vivienda del Sr. S. V. causando varios da\u00f1os en la estructura de la vivienda, culminando as\u00ed el trabajo de manera segura.<\/p>\n<p><\/span><\/div>\n<p><a href=\"https:\/\/facebook.com\/story.php?story_fbid=pfbid02UnMnpaVk9YxZRS2bGxKJ7DmNH8E5JBpiQd1KPVraG7bNc2B1LFnfnwH8yhjg5Kx2l&amp;id=465093860312824&amp;eav=AfZaJ38OY61osru-xa9ReczWDTno_eCr9xwaHO_rh8h1bJr8C6h69sZeQDH7h9wgrk8&amp;viewer=465093860312824&amp;m_entstream_source=timeline&amp;__tn__=%2As%2As-R&amp;paipv=1\" aria-label=\"Abrir historia\" class=\"_5msj\"><\/a><\/p>\n<p><a href=\"https:\/\/scontent.fuio15-1.fna.fbcdn.net\/v\/t39.30808-6\/317709132_2369180979904093_7362608995675204289_n.jpg?stp=cp6_dst-jpg&#038;_nc_cat=108&#038;ccb=1-7&#038;_nc_sid=8bfeb9&#038;_nc_ohc=HA6-CQT8rCoAX_oQr3p&#038;_nc_ht=scontent.fuio15-1.fna&#038;oh=00_AfBOIMWnNLcblnjz9bYOn4jIkDhIIZKoaJ2ToLKm11yCdQ&#038;oe=63B22163\"><img decoding=\"async\" class=\"wp_automatic_fb_img\" title=\"\" src=\"https:\/\/scontent.fuio15-1.fna.fbcdn.net\/v\/t39.30808-6\/317709132_2369180979904093_7362608995675204289_n.jpg?stp=cp6_dst-jpg&#038;_nc_cat=108&#038;ccb=1-7&#038;_nc_sid=8bfeb9&#038;_nc_ohc=HA6-CQT8rCoAX_oQr3p&#038;_nc_ht=scontent.fuio15-1.fna&#038;oh=00_AfBOIMWnNLcblnjz9bYOn4jIkDhIIZKoaJ2ToLKm11yCdQ&#038;oe=63B22163\" \/><\/a><br \/><a href=\"https:\/\/scontent.fuio15-1.fna.fbcdn.net\/v\/t39.30808-6\/317761931_2369180969904094_3973874265320837603_n.jpg?stp=cp6_dst-jpg&#038;_nc_cat=102&#038;ccb=1-7&#038;_nc_sid=8bfeb9&#038;_nc_ohc=zvKeM7p7yWYAX-A3Xsg&#038;_nc_ht=scontent.fuio15-1.fna&#038;oh=00_AfAJF3AnWSvHbMTXwI6ADN6RqlQ0vCqgPMvFaL77eze3aw&#038;oe=63B3448D\"><img decoding=\"async\" class=\"wp_automatic_fb_img\" title=\"\" src=\"https:\/\/scontent.fuio15-1.fna.fbcdn.net\/v\/t39.30808-6\/317761931_2369180969904094_3973874265320837603_n.jpg?stp=cp6_dst-jpg&#038;_nc_cat=102&#038;ccb=1-7&#038;_nc_sid=8bfeb9&#038;_nc_ohc=zvKeM7p7yWYAX-A3Xsg&#038;_nc_ht=scontent.fuio15-1.fna&#038;oh=00_AfAJF3AnWSvHbMTXwI6ADN6RqlQ0vCqgPMvFaL77eze3aw&#038;oe=63B3448D\" \/><\/a><br \/><a href=\"https:\/\/scontent.fuio15-1.fna.fbcdn.net\/v\/t39.30808-6\/317621835_2369180956570762_1194668391539736105_n.jpg?stp=cp6_dst-jpg&#038;_nc_cat=109&#038;ccb=1-7&#038;_nc_sid=8bfeb9&#038;_nc_ohc=dsvvO8IMRZcAX9bnKfq&#038;_nc_ht=scontent.fuio15-1.fna&#038;oh=00_AfAjLzM97QJ3z5yq8EofERd1bUML0EttrkyoWAhcFBWnTQ&#038;oe=63B2E84C\"><img decoding=\"async\" class=\"wp_automatic_fb_img\" title=\"\" src=\"https:\/\/scontent.fuio15-1.fna.fbcdn.net\/v\/t39.30808-6\/317621835_2369180956570762_1194668391539736105_n.jpg?stp=cp6_dst-jpg&#038;_nc_cat=109&#038;ccb=1-7&#038;_nc_sid=8bfeb9&#038;_nc_ohc=dsvvO8IMRZcAX9bnKfq&#038;_nc_ht=scontent.fuio15-1.fna&#038;oh=00_AfAjLzM97QJ3z5yq8EofERd1bUML0EttrkyoWAhcFBWnTQ&#038;oe=63B2E84C\" \/><\/a><\/p>\n","protected":false},"author":1,"featured_media":2379,"comment_status":"open","ping_status":"open","sticky":false,"template":"","format":"standard","meta":[],"categories":[1],"tags":[760,73,844,759,64,32,74,34,692],"_links":{"self":[{"href":"https:\/\/bomberos.puyo.gob.ec\/2019\/wp-json\/wp\/v2\/posts\/2378"}],"collection":[{"href":"https:\/\/bomberos.puyo.gob.ec\/2019\/wp-json\/wp\/v2\/posts"}],"about":[{"href":"https:\/\/bomberos.puyo.gob.ec\/2019\/wp-json\/wp\/v2\/types\/post"}],"author":[{"embeddable":true,"href":"https:\/\/bomberos.puyo.gob.ec\/2019\/wp-json\/wp\/v2\/users\/1"}],"replies":[{"embeddable":true,"href":"https:\/\/bomberos.puyo.gob.ec\/2019\/wp-json\/wp\/v2\/comments?post=2378"}],"version-history":[{"count":1,"href":"https:\/\/bomberos.puyo.gob.ec\/2019\/wp-json\/wp\/v2\/posts\/2378\/revisions"}],"predecessor-version":[{"id":2380,"href":"https:\/\/bomberos.puyo.gob.ec\/2019\/wp-json\/wp\/v2\/posts\/2378\/revisions\/2380"}],"wp:featuredmedia":[{"embeddable":true,"href":"https:\/\/bomberos.puyo.gob.ec\/2019\/wp-json\/wp\/v2\/media\/2379"}],"wp:attachment":[{"href":"https:\/\/bomberos.puyo.gob.ec\/2019\/wp-json\/wp\/v2\/media?parent=2378"}],"wp:term":[{"taxonomy":"category","embeddable":true,"href":"https:\/\/bomberos.puyo.gob.ec\/2019\/wp-json\/wp\/v2\/categories?post=2378"},{"taxonomy":"post_tag","embeddable":true,"href":"https:\/\/bomberos.puyo.gob.ec\/2019\/wp-json\/wp\/v2\/tags?post=2378"}],"curies":[{"name":"wp","href":"https:\/\/api.w.org\/{rel}","templated":true}]}}