{"id":2375,"date":"2022-11-30T17:02:10","date_gmt":"2022-11-30T22:02:10","guid":{"rendered":"https:\/\/bomberos.puyo.gob.ec\/capacitacion-prevencion-se-realiza-la-capacitacion-segun-el-cronograma-de-t\/"},"modified":"2022-12-29T15:37:12","modified_gmt":"2022-12-29T20:37:12","slug":"capacitacion-prevencion-se-realiza-la-capacitacion-segun-el-cronograma-de-t","status":"publish","type":"post","link":"https:\/\/bomberos.puyo.gob.ec\/2019\/capacitacion-prevencion-se-realiza-la-capacitacion-segun-el-cronograma-de-t\/","title":{"rendered":"|CAPACITACI\u00d3N PREVENCI\u00d3N|\n Se realiza la capacitaci\u00f3n seg\u00fan el cronograma de t&#8230;"},"content":{"rendered":"<div><span><\/p>\n<p>|CAPACITACI\u00d3N PREVENCI\u00d3N|<\/p>\n<p> Se realiza la capacitaci\u00f3n seg\u00fan el cronograma de trabajo en coordinaci\u00f3n con el Distrito de Educaci\u00f3n 16D01 Pastaza.<\/p>\n<p> Tema: Pirotecnia Segura.<br \/> Capacitador: Bro. Castillo Hector<br \/> Dirigida a los estudiantes de la U. E. San Vicente Ferrer de EBGU 2dos a 8vos, donde se trabaja con 300 alumnos.<\/p>\n<p><\/span><\/div>\n<p><a href=\"https:\/\/facebook.com\/story.php?story_fbid=pfbid0SydNBSc3GmoMoTY2AFNLKnNUxuaH5Rg5jnGD9rJBxVYhdc39N3Vc7X76ZjGnahUAl&amp;id=465093860312824&amp;eav=AfaYD7VfiliZTsCXY5I-jQSxL7tF05tataSA1R3mK7fQM8qFMRSYarmnGaYloRYc6ac&amp;viewer=465093860312824&amp;m_entstream_source=timeline&amp;__tn__=%2As%2As-R&amp;paipv=1\" aria-label=\"Abrir historia\" class=\"_5msj\"><\/a><\/p>\n<p><a href=\"https:\/\/bomberos.puyo.gob.ec\/2019\/wp-content\/uploads\/CAPACITACION-PREVENCION-Se-realiza-la-capacitacion-segun-el-cronograma-de.jpg\"><img decoding=\"async\" class=\"wp_automatic_fb_img\" title=\"\" src=\"https:\/\/bomberos.puyo.gob.ec\/2019\/wp-content\/uploads\/CAPACITACION-PREVENCION-Se-realiza-la-capacitacion-segun-el-cronograma-de.jpg\" \/><\/a><br \/><a href=\"https:\/\/bomberos.puyo.gob.ec\/2019\/wp-content\/uploads\/1672346231_433_CAPACITACION-PREVENCION-Se-realiza-la-capacitacion-segun-el-cronograma-de.jpg\"><img decoding=\"async\" class=\"wp_automatic_fb_img\" title=\"\" src=\"https:\/\/bomberos.puyo.gob.ec\/2019\/wp-content\/uploads\/1672346231_433_CAPACITACION-PREVENCION-Se-realiza-la-capacitacion-segun-el-cronograma-de.jpg\" \/><\/a><br \/>\n<br \/><a href=\"https:\/\/www.facebook.com\/465093860312824\/posts\/2369188589903332\">en facebook&#8230; <\/a>  <\/p>\n","protected":false},"excerpt":{"rendered":"<div><span><\/p>\n<p>|CAPACITACI\u00d3N PREVENCI\u00d3N|<\/p>\n<p> Se realiza la capacitaci\u00f3n seg\u00fan el cronograma de trabajo en coordinaci\u00f3n con el Distrito de Educaci\u00f3n 16D01 Pastaza.<\/p>\n<p> Tema: Pirotecnia Segura.<br \/> Capacitador: Bro. Castillo Hector<br \/> Dirigida a los estudiantes de la U. E. San Vicente Ferrer de EBGU 2dos a 8vos, donde se trabaja con 300 alumnos.<\/p>\n<p><\/span><\/div>\n<p><a href=\"https:\/\/facebook.com\/story.php?story_fbid=pfbid0SydNBSc3GmoMoTY2AFNLKnNUxuaH5Rg5jnGD9rJBxVYhdc39N3Vc7X76ZjGnahUAl&amp;id=465093860312824&amp;eav=AfaYD7VfiliZTsCXY5I-jQSxL7tF05tataSA1R3mK7fQM8qFMRSYarmnGaYloRYc6ac&amp;viewer=465093860312824&amp;m_entstream_source=timeline&amp;__tn__=%2As%2As-R&amp;paipv=1\" aria-label=\"Abrir historia\" class=\"_5msj\"><\/a><\/p>\n<p><a href=\"https:\/\/scontent.fuio15-1.fna.fbcdn.net\/v\/t39.30808-6\/317808817_2369188513236673_2174594387161901648_n.jpg?stp=cp6_dst-jpg&#038;_nc_cat=102&#038;ccb=1-7&#038;_nc_sid=8bfeb9&#038;_nc_ohc=jBWiWJbDlPUAX_oScfK&#038;_nc_ht=scontent.fuio15-1.fna&#038;oh=00_AfBQvJcYKjE8QHE6iiPG5psK5ELDs5UqQFP60HL04cUCAg&#038;oe=63B3105C\"><img decoding=\"async\" class=\"wp_automatic_fb_img\" title=\"\" src=\"https:\/\/scontent.fuio15-1.fna.fbcdn.net\/v\/t39.30808-6\/317808817_2369188513236673_2174594387161901648_n.jpg?stp=cp6_dst-jpg&#038;_nc_cat=102&#038;ccb=1-7&#038;_nc_sid=8bfeb9&#038;_nc_ohc=jBWiWJbDlPUAX_oScfK&#038;_nc_ht=scontent.fuio15-1.fna&#038;oh=00_AfBQvJcYKjE8QHE6iiPG5psK5ELDs5UqQFP60HL04cUCAg&#038;oe=63B3105C\" \/><\/a><br \/><a href=\"https:\/\/scontent.fuio15-1.fna.fbcdn.net\/v\/t39.30808-6\/317678830_2369188523236672_3031996978501959068_n.jpg?stp=cp6_dst-jpg&#038;_nc_cat=111&#038;ccb=1-7&#038;_nc_sid=8bfeb9&#038;_nc_ohc=_vyusralTs4AX9Mihxh&#038;_nc_ht=scontent.fuio15-1.fna&#038;oh=00_AfD1189RxWcR3qrErhMkMNh6fevSnFBVgKKS5o98kwMxQg&#038;oe=63B2B428\"><img decoding=\"async\" class=\"wp_automatic_fb_img\" title=\"\" src=\"https:\/\/scontent.fuio15-1.fna.fbcdn.net\/v\/t39.30808-6\/317678830_2369188523236672_3031996978501959068_n.jpg?stp=cp6_dst-jpg&#038;_nc_cat=111&#038;ccb=1-7&#038;_nc_sid=8bfeb9&#038;_nc_ohc=_vyusralTs4AX9Mihxh&#038;_nc_ht=scontent.fuio15-1.fna&#038;oh=00_AfD1189RxWcR3qrErhMkMNh6fevSnFBVgKKS5o98kwMxQg&#038;oe=63B2B428\" \/><\/a><\/p>\n","protected":false},"author":1,"featured_media":2376,"comment_status":"open","ping_status":"open","sticky":false,"template":"","format":"standard","meta":[],"categories":[1],"tags":[65,841,39,692,840,843],"_links":{"self":[{"href":"https:\/\/bomberos.puyo.gob.ec\/2019\/wp-json\/wp\/v2\/posts\/2375"}],"collection":[{"href":"https:\/\/bomberos.puyo.gob.ec\/2019\/wp-json\/wp\/v2\/posts"}],"about":[{"href":"https:\/\/bomberos.puyo.gob.ec\/2019\/wp-json\/wp\/v2\/types\/post"}],"author":[{"embeddable":true,"href":"https:\/\/bomberos.puyo.gob.ec\/2019\/wp-json\/wp\/v2\/users\/1"}],"replies":[{"embeddable":true,"href":"https:\/\/bomberos.puyo.gob.ec\/2019\/wp-json\/wp\/v2\/comments?post=2375"}],"version-history":[{"count":1,"href":"https:\/\/bomberos.puyo.gob.ec\/2019\/wp-json\/wp\/v2\/posts\/2375\/revisions"}],"predecessor-version":[{"id":2377,"href":"https:\/\/bomberos.puyo.gob.ec\/2019\/wp-json\/wp\/v2\/posts\/2375\/revisions\/2377"}],"wp:featuredmedia":[{"embeddable":true,"href":"https:\/\/bomberos.puyo.gob.ec\/2019\/wp-json\/wp\/v2\/media\/2376"}],"wp:attachment":[{"href":"https:\/\/bomberos.puyo.gob.ec\/2019\/wp-json\/wp\/v2\/media?parent=2375"}],"wp:term":[{"taxonomy":"category","embeddable":true,"href":"https:\/\/bomberos.puyo.gob.ec\/2019\/wp-json\/wp\/v2\/categories?post=2375"},{"taxonomy":"post_tag","embeddable":true,"href":"https:\/\/bomberos.puyo.gob.ec\/2019\/wp-json\/wp\/v2\/tags?post=2375"}],"curies":[{"name":"wp","href":"https:\/\/api.w.org\/{rel}","templated":true}]}}