{"id":2366,"date":"2022-12-03T22:36:28","date_gmt":"2022-12-04T03:36:28","guid":{"rendered":"https:\/\/bomberos.puyo.gob.ec\/rescate-de-abejas-3\/"},"modified":"2022-12-29T15:29:16","modified_gmt":"2022-12-29T20:29:16","slug":"rescate-de-abejas-3","status":"publish","type":"post","link":"https:\/\/bomberos.puyo.gob.ec\/2019\/rescate-de-abejas-3\/","title":{"rendered":"|RESCATE DE ABEJAS|&#8230;"},"content":{"rendered":"<p>|RESCATE DE ABEJAS|<\/p>\n<p>\ud83d\udc1d Por llamado del ECU911, la unidad B3 se dirigi\u00f3 hasta el barrio Amazonas a realizar el rescate de una colmena de abejas (AFRICANIZADAS APIMELIFERAS).<\/p>\n<p>Durante varios a\u00f1os estas han estado alojadas en la pared de duela en la vivienda de la Sra. M. L. C. de 80 a\u00f1os de edad, luego de ser agredida por varias ocasiones decidi\u00f3 alertar a la divisi\u00f3n ap\u00edcola del CB-MCP.<\/p>\n<p>\ud83d\udc68\u200d\ud83d\ude92\ud83d\udc1dDurante dos horas de trabajo se logr\u00f3 culminar la extracci\u00f3n de las abejas teniendo que desarmar la pared para poder rescatarlas, una vez culminado el trabajo se deja las recomendaciones necesarias para seguridad de la propietaria.<\/p>\n<p>\ud83d\udc1dEst\u00e1s abejas son muy importantes para nuestra naturaleza y es una especie en peligro de extinci\u00f3n, es por eso que tratamos de rescatarlas poniendo nuestro granito de arena en la conservaci\u00f3n del medio ambiente y la fauna silvestre.<\/p>\n<p><a href=\"https:\/\/bomberos.puyo.gob.ec\/2019\/wp-content\/uploads\/1672345754_231_RESCATE-DE-ABEJAS.jpg\"><img decoding=\"async\" class=\"wp_automatic_fb_img\" title=\"\" src=\"https:\/\/bomberos.puyo.gob.ec\/2019\/wp-content\/uploads\/1672345754_231_RESCATE-DE-ABEJAS.jpg\" \/><\/a><br \/><a href=\"https:\/\/bomberos.puyo.gob.ec\/2019\/wp-content\/uploads\/1672345755_152_RESCATE-DE-ABEJAS.jpg\"><img decoding=\"async\" class=\"wp_automatic_fb_img\" title=\"\" src=\"https:\/\/bomberos.puyo.gob.ec\/2019\/wp-content\/uploads\/1672345755_152_RESCATE-DE-ABEJAS.jpg\" \/><\/a><br \/>\n<br \/><a href=\"https:\/\/www.facebook.com\/465093860312824\/posts\/2371955212960003\">en facebook&#8230; <\/a>  <\/p>\n","protected":false},"excerpt":{"rendered":"<p>|RESCATE DE ABEJAS|<\/p>\n<p>\ud83d\udc1d Por llamado del ECU911, la unidad B3 se dirigi\u00f3 hasta el barrio Amazonas a realizar el rescate de una colmena de abejas (AFRICANIZADAS APIMELIFERAS).<\/p>\n<p>Durante varios a\u00f1os estas han estado alojadas en la pared de duela en la vivienda de la Sra. M. L. C. de 80 a\u00f1os de edad, luego de ser agredida por varias ocasiones decidi\u00f3 alertar a la divisi\u00f3n ap\u00edcola del CB-MCP.<\/p>\n<p>\ud83d\udc68\u200d\ud83d\ude92\ud83d\udc1dDurante dos horas de trabajo se logr\u00f3 culminar la extracci\u00f3n de las abejas teniendo que desarmar la pared para poder rescatarlas, una vez culminado el trabajo se deja las recomendaciones necesarias para seguridad de la propietaria.<\/p>\n<p>\ud83d\udc1dEst\u00e1s abejas son muy importantes para nuestra naturaleza y es una especie en peligro de extinci\u00f3n, es por eso que tratamos de rescatarlas poniendo nuestro granito de arena en la conservaci\u00f3n del medio ambiente y la fauna silvestre.<\/p>\n<p><a href=\"https:\/\/scontent.fuio15-1.fna.fbcdn.net\/v\/t39.30808-6\/318085022_2371955159626675_6821103215467915788_n.jpg?stp=cp6_dst-jpg&#038;_nc_cat=106&#038;ccb=1-7&#038;_nc_sid=8bfeb9&#038;_nc_ohc=VvVi-02enXIAX-Lx7Xc&#038;_nc_ht=scontent.fuio15-1.fna&#038;oh=00_AfCfSQISmvJcISc4tzBH8Pl6b4Au4SIMWasXj0DpxtPSZA&#038;oe=63B37510\"><img decoding=\"async\" class=\"wp_automatic_fb_img\" title=\"\" src=\"https:\/\/scontent.fuio15-1.fna.fbcdn.net\/v\/t39.30808-6\/318085022_2371955159626675_6821103215467915788_n.jpg?stp=cp6_dst-jpg&#038;_nc_cat=106&#038;ccb=1-7&#038;_nc_sid=8bfeb9&#038;_nc_ohc=VvVi-02enXIAX-Lx7Xc&#038;_nc_ht=scontent.fuio15-1.fna&#038;oh=00_AfCfSQISmvJcISc4tzBH8Pl6b4Au4SIMWasXj0DpxtPSZA&#038;oe=63B37510\" \/><\/a><br \/><a href=\"https:\/\/scontent.fuio15-1.fna.fbcdn.net\/v\/t39.30808-6\/318065221_2371955149626676_1581401010245626033_n.jpg?stp=cp6_dst-jpg&#038;_nc_cat=109&#038;ccb=1-7&#038;_nc_sid=8bfeb9&#038;_nc_ohc=9Wp4m-j7kBsAX_1MWRG&#038;_nc_ht=scontent.fuio15-1.fna&#038;oh=00_AfCcYBcUSIG16RZ_dCzj746NEtzFhi-wO9GCzk1uSKgpTw&#038;oe=63B29772\"><img decoding=\"async\" class=\"wp_automatic_fb_img\" title=\"\" src=\"https:\/\/scontent.fuio15-1.fna.fbcdn.net\/v\/t39.30808-6\/318065221_2371955149626676_1581401010245626033_n.jpg?stp=cp6_dst-jpg&#038;_nc_cat=109&#038;ccb=1-7&#038;_nc_sid=8bfeb9&#038;_nc_ohc=9Wp4m-j7kBsAX_1MWRG&#038;_nc_ht=scontent.fuio15-1.fna&#038;oh=00_AfCcYBcUSIG16RZ_dCzj746NEtzFhi-wO9GCzk1uSKgpTw&#038;oe=63B29772\" \/><\/a><\/p>\n","protected":false},"author":1,"featured_media":2367,"comment_status":"open","ping_status":"open","sticky":false,"template":"","format":"standard","meta":[],"categories":[1],"tags":[72,183],"_links":{"self":[{"href":"https:\/\/bomberos.puyo.gob.ec\/2019\/wp-json\/wp\/v2\/posts\/2366"}],"collection":[{"href":"https:\/\/bomberos.puyo.gob.ec\/2019\/wp-json\/wp\/v2\/posts"}],"about":[{"href":"https:\/\/bomberos.puyo.gob.ec\/2019\/wp-json\/wp\/v2\/types\/post"}],"author":[{"embeddable":true,"href":"https:\/\/bomberos.puyo.gob.ec\/2019\/wp-json\/wp\/v2\/users\/1"}],"replies":[{"embeddable":true,"href":"https:\/\/bomberos.puyo.gob.ec\/2019\/wp-json\/wp\/v2\/comments?post=2366"}],"version-history":[{"count":1,"href":"https:\/\/bomberos.puyo.gob.ec\/2019\/wp-json\/wp\/v2\/posts\/2366\/revisions"}],"predecessor-version":[{"id":2368,"href":"https:\/\/bomberos.puyo.gob.ec\/2019\/wp-json\/wp\/v2\/posts\/2366\/revisions\/2368"}],"wp:featuredmedia":[{"embeddable":true,"href":"https:\/\/bomberos.puyo.gob.ec\/2019\/wp-json\/wp\/v2\/media\/2367"}],"wp:attachment":[{"href":"https:\/\/bomberos.puyo.gob.ec\/2019\/wp-json\/wp\/v2\/media?parent=2366"}],"wp:term":[{"taxonomy":"category","embeddable":true,"href":"https:\/\/bomberos.puyo.gob.ec\/2019\/wp-json\/wp\/v2\/categories?post=2366"},{"taxonomy":"post_tag","embeddable":true,"href":"https:\/\/bomberos.puyo.gob.ec\/2019\/wp-json\/wp\/v2\/tags?post=2366"}],"curies":[{"name":"wp","href":"https:\/\/api.w.org\/{rel}","templated":true}]}}