{"id":2360,"date":"2022-12-08T13:49:27","date_gmt":"2022-12-08T18:49:27","guid":{"rendered":"https:\/\/bomberos.puyo.gob.ec\/capacitacion-prevencion-se-realiza-una-capacitacion-segun-el-cronograma-de\/"},"modified":"2022-12-29T15:22:01","modified_gmt":"2022-12-29T20:22:01","slug":"capacitacion-prevencion-se-realiza-una-capacitacion-segun-el-cronograma-de","status":"publish","type":"post","link":"https:\/\/bomberos.puyo.gob.ec\/2019\/capacitacion-prevencion-se-realiza-una-capacitacion-segun-el-cronograma-de\/","title":{"rendered":"|CAPACITACI\u00d3N PREVENCI\u00d3N|\n Se realiza una capacitaci\u00f3n seg\u00fan el cronograma de &#8230;"},"content":{"rendered":"<div><span><\/p>\n<p>|CAPACITACI\u00d3N PREVENCI\u00d3N|<\/p>\n<p> Se realiza una capacitaci\u00f3n seg\u00fan el cronograma de trabajo del Distrito de Educaci\u00f3n 16D01 Pastaza.<\/p>\n<p> Tema: Pirotecnia Segura.<br \/> Capacitados: Bro. Henry Paredes.<br \/> Dirigida a los estudiantes de la comunidad Chuwitayo de EBGU 2dos a 8vos, donde se trabaja con 90 alumnos.<\/p>\n<p><\/span><\/div>\n<p><a href=\"https:\/\/facebook.com\/story.php?story_fbid=pfbid0oAFWTqcGTw8BZrfheEqvWsvrtWNW42qzGosfaajyE5as3BSdh9VBcWwfNAZak9gel&amp;id=465093860312824&amp;eav=AfZU_qbYxGEHFWj806ciOAJcuxw95DzLahD9nuHiW1NLofGmNziHnSx7GnXccNuKS8g&amp;viewer=465093860312824&amp;m_entstream_source=timeline&amp;__tn__=%2As%2As-R&amp;paipv=1\" aria-label=\"Abrir historia\" class=\"_5msj\"><\/a><\/p>\n<p><a href=\"https:\/\/bomberos.puyo.gob.ec\/2019\/wp-content\/uploads\/CAPACITACION-PREVENCION-Se-realiza-una-capacitacion-segun-el-cronograma-de.jpg\"><img decoding=\"async\" class=\"wp_automatic_fb_img\" title=\"\" src=\"https:\/\/bomberos.puyo.gob.ec\/2019\/wp-content\/uploads\/CAPACITACION-PREVENCION-Se-realiza-una-capacitacion-segun-el-cronograma-de.jpg\" \/><\/a><br \/><a href=\"https:\/\/bomberos.puyo.gob.ec\/2019\/wp-content\/uploads\/1672345320_920_CAPACITACION-PREVENCION-Se-realiza-una-capacitacion-segun-el-cronograma-de.jpg\"><img decoding=\"async\" class=\"wp_automatic_fb_img\" title=\"\" src=\"https:\/\/bomberos.puyo.gob.ec\/2019\/wp-content\/uploads\/1672345320_920_CAPACITACION-PREVENCION-Se-realiza-una-capacitacion-segun-el-cronograma-de.jpg\" \/><\/a><br \/>\n<br \/><a href=\"https:\/\/www.facebook.com\/465093860312824\/posts\/2375886172566907\">en facebook&#8230; <\/a>  <\/p>\n","protected":false},"excerpt":{"rendered":"<div><span><\/p>\n<p>|CAPACITACI\u00d3N PREVENCI\u00d3N|<\/p>\n<p> Se realiza una capacitaci\u00f3n seg\u00fan el cronograma de trabajo del Distrito de Educaci\u00f3n 16D01 Pastaza.<\/p>\n<p> Tema: Pirotecnia Segura.<br \/> Capacitados: Bro. Henry Paredes.<br \/> Dirigida a los estudiantes de la comunidad Chuwitayo de EBGU 2dos a 8vos, donde se trabaja con 90 alumnos.<\/p>\n<p><\/span><\/div>\n<p><a href=\"https:\/\/facebook.com\/story.php?story_fbid=pfbid0oAFWTqcGTw8BZrfheEqvWsvrtWNW42qzGosfaajyE5as3BSdh9VBcWwfNAZak9gel&amp;id=465093860312824&amp;eav=AfZU_qbYxGEHFWj806ciOAJcuxw95DzLahD9nuHiW1NLofGmNziHnSx7GnXccNuKS8g&amp;viewer=465093860312824&amp;m_entstream_source=timeline&amp;__tn__=%2As%2As-R&amp;paipv=1\" aria-label=\"Abrir historia\" class=\"_5msj\"><\/a><\/p>\n<p><a href=\"https:\/\/scontent.fuio15-1.fna.fbcdn.net\/v\/t39.30808-6\/318933321_2375886102566914_4959663555627807972_n.jpg?_nc_cat=102&#038;ccb=1-7&#038;_nc_sid=8bfeb9&#038;_nc_ohc=SDYxNul0NLUAX9e1G5s&#038;_nc_ht=scontent.fuio15-1.fna&#038;oh=00_AfCbWC4Y-mbMxfPU4oSSNRxeY6DK-7PrheqwaNvSFp4C7Q&#038;oe=63B307C0\"><img decoding=\"async\" class=\"wp_automatic_fb_img\" title=\"\" src=\"https:\/\/scontent.fuio15-1.fna.fbcdn.net\/v\/t39.30808-6\/318933321_2375886102566914_4959663555627807972_n.jpg?_nc_cat=102&#038;ccb=1-7&#038;_nc_sid=8bfeb9&#038;_nc_ohc=SDYxNul0NLUAX9e1G5s&#038;_nc_ht=scontent.fuio15-1.fna&#038;oh=00_AfCbWC4Y-mbMxfPU4oSSNRxeY6DK-7PrheqwaNvSFp4C7Q&#038;oe=63B307C0\" \/><\/a><br \/><a href=\"https:\/\/scontent.fuio15-1.fna.fbcdn.net\/v\/t39.30808-6\/319270358_2375886112566913_3145399992707801031_n.jpg?_nc_cat=106&#038;ccb=1-7&#038;_nc_sid=8bfeb9&#038;_nc_ohc=wXmkR5FtWb0AX-SPRoA&#038;_nc_ht=scontent.fuio15-1.fna&#038;oh=00_AfCUE_QMj__vQD2CgtaeE89E-tLnLuM0BL8ocyhWs7dcEQ&#038;oe=63B2DAFD\"><img decoding=\"async\" class=\"wp_automatic_fb_img\" title=\"\" src=\"https:\/\/scontent.fuio15-1.fna.fbcdn.net\/v\/t39.30808-6\/319270358_2375886112566913_3145399992707801031_n.jpg?_nc_cat=106&#038;ccb=1-7&#038;_nc_sid=8bfeb9&#038;_nc_ohc=wXmkR5FtWb0AX-SPRoA&#038;_nc_ht=scontent.fuio15-1.fna&#038;oh=00_AfCUE_QMj__vQD2CgtaeE89E-tLnLuM0BL8ocyhWs7dcEQ&#038;oe=63B2DAFD\" \/><\/a><\/p>\n","protected":false},"author":1,"featured_media":2361,"comment_status":"open","ping_status":"open","sticky":false,"template":"","format":"standard","meta":[],"categories":[1],"tags":[65,841,39,692,840,119],"_links":{"self":[{"href":"https:\/\/bomberos.puyo.gob.ec\/2019\/wp-json\/wp\/v2\/posts\/2360"}],"collection":[{"href":"https:\/\/bomberos.puyo.gob.ec\/2019\/wp-json\/wp\/v2\/posts"}],"about":[{"href":"https:\/\/bomberos.puyo.gob.ec\/2019\/wp-json\/wp\/v2\/types\/post"}],"author":[{"embeddable":true,"href":"https:\/\/bomberos.puyo.gob.ec\/2019\/wp-json\/wp\/v2\/users\/1"}],"replies":[{"embeddable":true,"href":"https:\/\/bomberos.puyo.gob.ec\/2019\/wp-json\/wp\/v2\/comments?post=2360"}],"version-history":[{"count":1,"href":"https:\/\/bomberos.puyo.gob.ec\/2019\/wp-json\/wp\/v2\/posts\/2360\/revisions"}],"predecessor-version":[{"id":2362,"href":"https:\/\/bomberos.puyo.gob.ec\/2019\/wp-json\/wp\/v2\/posts\/2360\/revisions\/2362"}],"wp:featuredmedia":[{"embeddable":true,"href":"https:\/\/bomberos.puyo.gob.ec\/2019\/wp-json\/wp\/v2\/media\/2361"}],"wp:attachment":[{"href":"https:\/\/bomberos.puyo.gob.ec\/2019\/wp-json\/wp\/v2\/media?parent=2360"}],"wp:term":[{"taxonomy":"category","embeddable":true,"href":"https:\/\/bomberos.puyo.gob.ec\/2019\/wp-json\/wp\/v2\/categories?post=2360"},{"taxonomy":"post_tag","embeddable":true,"href":"https:\/\/bomberos.puyo.gob.ec\/2019\/wp-json\/wp\/v2\/tags?post=2360"}],"curies":[{"name":"wp","href":"https:\/\/api.w.org\/{rel}","templated":true}]}}