{"id":2342,"date":"2022-12-12T09:56:59","date_gmt":"2022-12-12T14:56:59","guid":{"rendered":"https:\/\/bomberos.puyo.gob.ec\/embarazo-a-termino-la-unidad-a5-se-dirigio-a-la-comunidad-huagrayacu-en-el\/"},"modified":"2022-12-29T15:08:07","modified_gmt":"2022-12-29T20:08:07","slug":"embarazo-a-termino-la-unidad-a5-se-dirigio-a-la-comunidad-huagrayacu-en-el","status":"publish","type":"post","link":"https:\/\/bomberos.puyo.gob.ec\/2019\/embarazo-a-termino-la-unidad-a5-se-dirigio-a-la-comunidad-huagrayacu-en-el\/","title":{"rendered":"|EMBARAZO A T\u00c9RMINO|\n La unidad A5 se dirigi\u00f3 a la comunidad Huagrayacu, en el&#8230;"},"content":{"rendered":"<div><span><\/p>\n<p>|EMBARAZO A T\u00c9RMINO|<\/p>\n<p> La unidad A5 se dirigi\u00f3 a la comunidad Huagrayacu, en el lugar se atiende a una paciente de de 23 a\u00f1os de edad, misma que presentaba parto expulsivo la cual es atendida inmediatamente por el personal m\u00e9dico del Hospital General Puyo quedando a cargo del m\u00e9dico de guardia.<\/p>\n<p><\/span><\/div>\n<p><a href=\"https:\/\/facebook.com\/story.php?story_fbid=pfbid0gDbPVqYKQTRHNf19zyHnzvoahVSic5aSPCaupatNqvnUjTe79brV92n6tQTcSSMSl&amp;id=465093860312824&amp;eav=AfapaFvNqqOAlWDUD-Qn8GTKAyJELPUJQwqVk8xaNVClMB1Dgs7zndWqlOK3ezp0iGw&amp;viewer=465093860312824&amp;m_entstream_source=timeline&amp;__tn__=%2As%2As-R&amp;paipv=1\" aria-label=\"Abrir historia\" class=\"_5msj\"><\/a><\/p>\n<p><a href=\"https:\/\/bomberos.puyo.gob.ec\/2019\/wp-content\/uploads\/EMBARAZO-A-TERMINO-La-unidad-A5-se-dirigio-a-la.jpg\"><img decoding=\"async\" class=\"wp_automatic_fb_img\" title=\"\" src=\"https:\/\/bomberos.puyo.gob.ec\/2019\/wp-content\/uploads\/EMBARAZO-A-TERMINO-La-unidad-A5-se-dirigio-a-la.jpg\" \/><\/a><br \/>\n<br \/><a href=\"https:\/\/www.facebook.com\/465093860312824\/posts\/2379542692201255\">en facebook&#8230; <\/a>  <\/p>\n","protected":false},"excerpt":{"rendered":"<div><span><\/p>\n<p>|EMBARAZO A T\u00c9RMINO|<\/p>\n<p> La unidad A5 se dirigi\u00f3 a la comunidad Huagrayacu, en el lugar se atiende a una paciente de de 23 a\u00f1os de edad, misma que presentaba parto expulsivo la cual es atendida inmediatamente por el personal m\u00e9dico del Hospital General Puyo quedando a cargo del m\u00e9dico de guardia.<\/p>\n<p><\/span><\/div>\n<p><a href=\"https:\/\/facebook.com\/story.php?story_fbid=pfbid0gDbPVqYKQTRHNf19zyHnzvoahVSic5aSPCaupatNqvnUjTe79brV92n6tQTcSSMSl&amp;id=465093860312824&amp;eav=AfapaFvNqqOAlWDUD-Qn8GTKAyJELPUJQwqVk8xaNVClMB1Dgs7zndWqlOK3ezp0iGw&amp;viewer=465093860312824&amp;m_entstream_source=timeline&amp;__tn__=%2As%2As-R&amp;paipv=1\" aria-label=\"Abrir historia\" class=\"_5msj\"><\/a><\/p>\n<p><a href=\"https:\/\/scontent.fuio15-1.fna.fbcdn.net\/v\/t39.30808-6\/319870198_2379542662201258_7613596800837783742_n.jpg?stp=cp6_dst-jpg_s720x720&#038;_nc_cat=109&#038;ccb=1-7&#038;_nc_sid=8bfeb9&#038;_nc_ohc=WoYw2L4NEz4AX9X6Uil&#038;_nc_ht=scontent.fuio15-1.fna&#038;oh=00_AfDNIWRwuo_JaLU_I18UYlwxgUtFRKZn978IobM3ro40Og&#038;oe=63B312B0\"><img decoding=\"async\" class=\"wp_automatic_fb_img\" title=\"\" src=\"https:\/\/scontent.fuio15-1.fna.fbcdn.net\/v\/t39.30808-6\/319870198_2379542662201258_7613596800837783742_n.jpg?stp=cp6_dst-jpg_s720x720&#038;_nc_cat=109&#038;ccb=1-7&#038;_nc_sid=8bfeb9&#038;_nc_ohc=WoYw2L4NEz4AX9X6Uil&#038;_nc_ht=scontent.fuio15-1.fna&#038;oh=00_AfDNIWRwuo_JaLU_I18UYlwxgUtFRKZn978IobM3ro40Og&#038;oe=63B312B0\" \/><\/a><\/p>\n","protected":false},"author":1,"featured_media":2343,"comment_status":"open","ping_status":"open","sticky":false,"template":"","format":"standard","meta":[],"categories":[1],"tags":[66,722,371,249,830,829,41],"_links":{"self":[{"href":"https:\/\/bomberos.puyo.gob.ec\/2019\/wp-json\/wp\/v2\/posts\/2342"}],"collection":[{"href":"https:\/\/bomberos.puyo.gob.ec\/2019\/wp-json\/wp\/v2\/posts"}],"about":[{"href":"https:\/\/bomberos.puyo.gob.ec\/2019\/wp-json\/wp\/v2\/types\/post"}],"author":[{"embeddable":true,"href":"https:\/\/bomberos.puyo.gob.ec\/2019\/wp-json\/wp\/v2\/users\/1"}],"replies":[{"embeddable":true,"href":"https:\/\/bomberos.puyo.gob.ec\/2019\/wp-json\/wp\/v2\/comments?post=2342"}],"version-history":[{"count":1,"href":"https:\/\/bomberos.puyo.gob.ec\/2019\/wp-json\/wp\/v2\/posts\/2342\/revisions"}],"predecessor-version":[{"id":2344,"href":"https:\/\/bomberos.puyo.gob.ec\/2019\/wp-json\/wp\/v2\/posts\/2342\/revisions\/2344"}],"wp:featuredmedia":[{"embeddable":true,"href":"https:\/\/bomberos.puyo.gob.ec\/2019\/wp-json\/wp\/v2\/media\/2343"}],"wp:attachment":[{"href":"https:\/\/bomberos.puyo.gob.ec\/2019\/wp-json\/wp\/v2\/media?parent=2342"}],"wp:term":[{"taxonomy":"category","embeddable":true,"href":"https:\/\/bomberos.puyo.gob.ec\/2019\/wp-json\/wp\/v2\/categories?post=2342"},{"taxonomy":"post_tag","embeddable":true,"href":"https:\/\/bomberos.puyo.gob.ec\/2019\/wp-json\/wp\/v2\/tags?post=2342"}],"curies":[{"name":"wp","href":"https:\/\/api.w.org\/{rel}","templated":true}]}}