{"id":2339,"date":"2022-12-12T14:10:39","date_gmt":"2022-12-12T19:10:39","guid":{"rendered":"https:\/\/bomberos.puyo.gob.ec\/capacitacion-prevencion\/"},"modified":"2022-12-29T15:06:09","modified_gmt":"2022-12-29T20:06:09","slug":"capacitacion-prevencion","status":"publish","type":"post","link":"https:\/\/bomberos.puyo.gob.ec\/2019\/capacitacion-prevencion\/","title":{"rendered":"|CAPACITACI\u00d3N PREVENCI\u00d3N|&#8230;"},"content":{"rendered":"<p>|CAPACITACI\u00d3N PREVENCI\u00d3N|<\/p>\n<p>Se realiza la capacitaci\u00f3n seg\u00fan el cronograma de trabajo en coordinaci\u00f3n con el Distrito de Educaci\u00f3n 16D01 Pastaza. <\/p>\n<p>Tema: Pirotecnia Segura.<br \/>\nCapacitador: Bro. Paredes Henry y Bro. Castillo Hector.<br \/>\nDirigida a los estudiantes de la U. E. Francisco de Orellana de EBGU 6tos a 8vos, donde se trabaja con 460 alumnos.<\/p>\n<p><a href=\"https:\/\/bomberos.puyo.gob.ec\/2019\/wp-content\/uploads\/CAPACITACION-PREVENCION.jpg\"><img decoding=\"async\" class=\"wp_automatic_fb_img\" title=\"\" src=\"https:\/\/bomberos.puyo.gob.ec\/2019\/wp-content\/uploads\/CAPACITACION-PREVENCION.jpg\" \/><\/a><br \/><a href=\"https:\/\/bomberos.puyo.gob.ec\/2019\/wp-content\/uploads\/1672344367_221_CAPACITACION-PREVENCION.jpg\"><img decoding=\"async\" class=\"wp_automatic_fb_img\" title=\"\" src=\"https:\/\/bomberos.puyo.gob.ec\/2019\/wp-content\/uploads\/1672344367_221_CAPACITACION-PREVENCION.jpg\" \/><\/a><br \/>\n<br \/><a href=\"https:\/\/www.facebook.com\/465093860312824\/posts\/2379727155516142\">en facebook&#8230; <\/a>  <\/p>\n","protected":false},"excerpt":{"rendered":"<p>|CAPACITACI\u00d3N PREVENCI\u00d3N|<\/p>\n<p>Se realiza la capacitaci\u00f3n seg\u00fan el cronograma de trabajo en coordinaci\u00f3n con el Distrito de Educaci\u00f3n 16D01 Pastaza. <\/p>\n<p>Tema: Pirotecnia Segura.<br \/>\nCapacitador: Bro. Paredes Henry y Bro. Castillo Hector.<br \/>\nDirigida a los estudiantes de la U. E. Francisco de Orellana de EBGU 6tos a 8vos, donde se trabaja con 460 alumnos.<\/p>\n<p><a href=\"https:\/\/scontent.fuio15-1.fna.fbcdn.net\/v\/t39.30808-6\/319849578_2379727078849483_6580254597760961032_n.jpg?stp=cp6_dst-jpg&#038;_nc_cat=100&#038;ccb=1-7&#038;_nc_sid=8bfeb9&#038;_nc_ohc=t9wYVJrV60UAX_bn35R&#038;_nc_ht=scontent.fuio15-1.fna&#038;oh=00_AfCMZcVJOtZ81I17lIsnJFJfj5kpHhqYf8-02Bu6y3sHBQ&#038;oe=63B2D625\"><img decoding=\"async\" class=\"wp_automatic_fb_img\" title=\"\" src=\"https:\/\/scontent.fuio15-1.fna.fbcdn.net\/v\/t39.30808-6\/319849578_2379727078849483_6580254597760961032_n.jpg?stp=cp6_dst-jpg&#038;_nc_cat=100&#038;ccb=1-7&#038;_nc_sid=8bfeb9&#038;_nc_ohc=t9wYVJrV60UAX_bn35R&#038;_nc_ht=scontent.fuio15-1.fna&#038;oh=00_AfCMZcVJOtZ81I17lIsnJFJfj5kpHhqYf8-02Bu6y3sHBQ&#038;oe=63B2D625\" \/><\/a><br \/><a href=\"https:\/\/scontent.fuio15-1.fna.fbcdn.net\/v\/t39.30808-6\/319647589_2379727102182814_1730938617907731296_n.jpg?stp=cp6_dst-jpg&#038;_nc_cat=102&#038;ccb=1-7&#038;_nc_sid=8bfeb9&#038;_nc_ohc=n3kpleTzFI0AX9q0F9H&#038;_nc_ht=scontent.fuio15-1.fna&#038;oh=00_AfCblmSjxO_AXVWUAodTHLHNK7CTnGbACzpGOzxUJRe2Yw&#038;oe=63B36768\"><img decoding=\"async\" class=\"wp_automatic_fb_img\" title=\"\" src=\"https:\/\/scontent.fuio15-1.fna.fbcdn.net\/v\/t39.30808-6\/319647589_2379727102182814_1730938617907731296_n.jpg?stp=cp6_dst-jpg&#038;_nc_cat=102&#038;ccb=1-7&#038;_nc_sid=8bfeb9&#038;_nc_ohc=n3kpleTzFI0AX9q0F9H&#038;_nc_ht=scontent.fuio15-1.fna&#038;oh=00_AfCblmSjxO_AXVWUAodTHLHNK7CTnGbACzpGOzxUJRe2Yw&#038;oe=63B36768\" \/><\/a><\/p>\n","protected":false},"author":1,"featured_media":2340,"comment_status":"open","ping_status":"open","sticky":false,"template":"","format":"standard","meta":[],"categories":[1],"tags":[65,39],"_links":{"self":[{"href":"https:\/\/bomberos.puyo.gob.ec\/2019\/wp-json\/wp\/v2\/posts\/2339"}],"collection":[{"href":"https:\/\/bomberos.puyo.gob.ec\/2019\/wp-json\/wp\/v2\/posts"}],"about":[{"href":"https:\/\/bomberos.puyo.gob.ec\/2019\/wp-json\/wp\/v2\/types\/post"}],"author":[{"embeddable":true,"href":"https:\/\/bomberos.puyo.gob.ec\/2019\/wp-json\/wp\/v2\/users\/1"}],"replies":[{"embeddable":true,"href":"https:\/\/bomberos.puyo.gob.ec\/2019\/wp-json\/wp\/v2\/comments?post=2339"}],"version-history":[{"count":1,"href":"https:\/\/bomberos.puyo.gob.ec\/2019\/wp-json\/wp\/v2\/posts\/2339\/revisions"}],"predecessor-version":[{"id":2341,"href":"https:\/\/bomberos.puyo.gob.ec\/2019\/wp-json\/wp\/v2\/posts\/2339\/revisions\/2341"}],"wp:featuredmedia":[{"embeddable":true,"href":"https:\/\/bomberos.puyo.gob.ec\/2019\/wp-json\/wp\/v2\/media\/2340"}],"wp:attachment":[{"href":"https:\/\/bomberos.puyo.gob.ec\/2019\/wp-json\/wp\/v2\/media?parent=2339"}],"wp:term":[{"taxonomy":"category","embeddable":true,"href":"https:\/\/bomberos.puyo.gob.ec\/2019\/wp-json\/wp\/v2\/categories?post=2339"},{"taxonomy":"post_tag","embeddable":true,"href":"https:\/\/bomberos.puyo.gob.ec\/2019\/wp-json\/wp\/v2\/tags?post=2339"}],"curies":[{"name":"wp","href":"https:\/\/api.w.org\/{rel}","templated":true}]}}