{"id":2334,"date":"2022-12-12T22:46:56","date_gmt":"2022-12-13T03:46:56","guid":{"rendered":"https:\/\/bomberos.puyo.gob.ec\/fuga-de-gas-con-flama\/"},"modified":"2022-12-29T15:00:29","modified_gmt":"2022-12-29T20:00:29","slug":"fuga-de-gas-con-flama","status":"publish","type":"post","link":"https:\/\/bomberos.puyo.gob.ec\/2019\/fuga-de-gas-con-flama\/","title":{"rendered":"|FUGA DE GAS CON FLAMA|&#8230;"},"content":{"rendered":"<p>|FUGA DE GAS CON FLAMA|<\/p>\n<p>Por llamado de #Ecu911, la unidad B3 y R3 se dirigi\u00f3 a una fuga de gas en el barrio La Merced, en el lugar se confirma una fuga de gas GLP con flama, la misma que produjo un fogonazo causando quemaduras de primer grado en varias extremidades de la Sra. O. Ll. de 47 a\u00f1os de edad propietaria del domicilio.<\/p>\n<p>Luego de brindarle la atenci\u00f3n necesaria a la paciente y trasladarla al Hospital, el personal de la B3 confirma que la fuga se inici\u00f3 por una mala instalaci\u00f3n de la manguera en el regulador. <\/p>\n<p>Se realiza una ventilaci\u00f3n del lugar adem\u00e1s se deja las recomendaciones necesarias para una nueva instalaci\u00f3n del regulador.<\/p>\n<p><a href=\"https:\/\/bomberos.puyo.gob.ec\/2019\/wp-content\/uploads\/FUGA-DE-GAS-CON-FLAMA.jpg\"><img decoding=\"async\" class=\"wp_automatic_fb_img\" title=\"\" src=\"https:\/\/bomberos.puyo.gob.ec\/2019\/wp-content\/uploads\/FUGA-DE-GAS-CON-FLAMA.jpg\" \/><\/a><br \/><a href=\"https:\/\/bomberos.puyo.gob.ec\/2019\/wp-content\/uploads\/1672344028_948_FUGA-DE-GAS-CON-FLAMA.jpg\"><img decoding=\"async\" class=\"wp_automatic_fb_img\" title=\"\" src=\"https:\/\/bomberos.puyo.gob.ec\/2019\/wp-content\/uploads\/1672344028_948_FUGA-DE-GAS-CON-FLAMA.jpg\" \/><\/a><br \/>\n<br \/><a href=\"https:\/\/www.facebook.com\/465093860312824\/posts\/2380081848814006\">en facebook&#8230; <\/a>  <\/p>\n","protected":false},"excerpt":{"rendered":"<p>|FUGA DE GAS CON FLAMA|<\/p>\n<p>Por llamado de #Ecu911, la unidad B3 y R3 se dirigi\u00f3 a una fuga de gas en el barrio La Merced, en el lugar se confirma una fuga de gas GLP con flama, la misma que produjo un fogonazo causando quemaduras de primer grado en varias extremidades de la Sra. O. Ll. de 47 a\u00f1os de edad propietaria del domicilio.<\/p>\n<p>Luego de brindarle la atenci\u00f3n necesaria a la paciente y trasladarla al Hospital, el personal de la B3 confirma que la fuga se inici\u00f3 por una mala instalaci\u00f3n de la manguera en el regulador. <\/p>\n<p>Se realiza una ventilaci\u00f3n del lugar adem\u00e1s se deja las recomendaciones necesarias para una nueva instalaci\u00f3n del regulador.<\/p>\n<p><a href=\"https:\/\/scontent.fuio15-1.fna.fbcdn.net\/v\/t39.30808-6\/319712928_537931224907654_3178939753517335528_n.jpg?stp=cp6_dst-jpg&#038;_nc_cat=101&#038;ccb=1-7&#038;_nc_sid=8bfeb9&#038;_nc_ohc=19xwIavd4O4AX9yVyB9&#038;_nc_ht=scontent.fuio15-1.fna&#038;oh=00_AfAxQvOpwenUSlN7oBKSD2XuJKtR3qzPD8wp6bquLOcpaQ&#038;oe=63B35D6C\"><img decoding=\"async\" class=\"wp_automatic_fb_img\" title=\"\" src=\"https:\/\/scontent.fuio15-1.fna.fbcdn.net\/v\/t39.30808-6\/319712928_537931224907654_3178939753517335528_n.jpg?stp=cp6_dst-jpg&#038;_nc_cat=101&#038;ccb=1-7&#038;_nc_sid=8bfeb9&#038;_nc_ohc=19xwIavd4O4AX9yVyB9&#038;_nc_ht=scontent.fuio15-1.fna&#038;oh=00_AfAxQvOpwenUSlN7oBKSD2XuJKtR3qzPD8wp6bquLOcpaQ&#038;oe=63B35D6C\" \/><\/a><br \/><a href=\"https:\/\/scontent.fuio15-1.fna.fbcdn.net\/v\/t39.30808-6\/319725180_1489154238238113_5165274948206769728_n.jpg?stp=cp6_dst-jpg&#038;_nc_cat=100&#038;ccb=1-7&#038;_nc_sid=8bfeb9&#038;_nc_ohc=j-jlNlk2jxMAX-lxkVy&#038;_nc_ht=scontent.fuio15-1.fna&#038;oh=00_AfBSgyzio0raHeSW02tNyLKqpRuS5Lu4gIj5dGJPjFWJAA&#038;oe=63B1FDA2\"><img decoding=\"async\" class=\"wp_automatic_fb_img\" title=\"\" src=\"https:\/\/scontent.fuio15-1.fna.fbcdn.net\/v\/t39.30808-6\/319725180_1489154238238113_5165274948206769728_n.jpg?stp=cp6_dst-jpg&#038;_nc_cat=100&#038;ccb=1-7&#038;_nc_sid=8bfeb9&#038;_nc_ohc=j-jlNlk2jxMAX-lxkVy&#038;_nc_ht=scontent.fuio15-1.fna&#038;oh=00_AfBSgyzio0raHeSW02tNyLKqpRuS5Lu4gIj5dGJPjFWJAA&#038;oe=63B1FDA2\" \/><\/a><\/p>\n","protected":false},"author":1,"featured_media":2335,"comment_status":"open","ping_status":"open","sticky":false,"template":"","format":"standard","meta":[],"categories":[1],"tags":[42,821,381,382],"_links":{"self":[{"href":"https:\/\/bomberos.puyo.gob.ec\/2019\/wp-json\/wp\/v2\/posts\/2334"}],"collection":[{"href":"https:\/\/bomberos.puyo.gob.ec\/2019\/wp-json\/wp\/v2\/posts"}],"about":[{"href":"https:\/\/bomberos.puyo.gob.ec\/2019\/wp-json\/wp\/v2\/types\/post"}],"author":[{"embeddable":true,"href":"https:\/\/bomberos.puyo.gob.ec\/2019\/wp-json\/wp\/v2\/users\/1"}],"replies":[{"embeddable":true,"href":"https:\/\/bomberos.puyo.gob.ec\/2019\/wp-json\/wp\/v2\/comments?post=2334"}],"version-history":[{"count":1,"href":"https:\/\/bomberos.puyo.gob.ec\/2019\/wp-json\/wp\/v2\/posts\/2334\/revisions"}],"predecessor-version":[{"id":2336,"href":"https:\/\/bomberos.puyo.gob.ec\/2019\/wp-json\/wp\/v2\/posts\/2334\/revisions\/2336"}],"wp:featuredmedia":[{"embeddable":true,"href":"https:\/\/bomberos.puyo.gob.ec\/2019\/wp-json\/wp\/v2\/media\/2335"}],"wp:attachment":[{"href":"https:\/\/bomberos.puyo.gob.ec\/2019\/wp-json\/wp\/v2\/media?parent=2334"}],"wp:term":[{"taxonomy":"category","embeddable":true,"href":"https:\/\/bomberos.puyo.gob.ec\/2019\/wp-json\/wp\/v2\/categories?post=2334"},{"taxonomy":"post_tag","embeddable":true,"href":"https:\/\/bomberos.puyo.gob.ec\/2019\/wp-json\/wp\/v2\/tags?post=2334"}],"curies":[{"name":"wp","href":"https:\/\/api.w.org\/{rel}","templated":true}]}}