{"id":2328,"date":"2022-12-12T22:44:01","date_gmt":"2022-12-13T03:44:01","guid":{"rendered":"https:\/\/bomberos.puyo.gob.ec\/abnegacion-y-disciplina-rescate-de-abejas-por-llamado-del-e\/"},"modified":"2022-12-29T14:59:46","modified_gmt":"2022-12-29T19:59:46","slug":"abnegacion-y-disciplina-rescate-de-abejas-por-llamado-del-e","status":"publish","type":"post","link":"https:\/\/bomberos.puyo.gob.ec\/2019\/abnegacion-y-disciplina-rescate-de-abejas-por-llamado-del-e\/","title":{"rendered":"|ABNEGACI\u00d3N Y DISCIPLINA|\n\n\n\n\n\n\n\n **RESCATE DE* *ABEJAS** \n  Por llamado del e&#8230;"},"content":{"rendered":"<p>|ABNEGACI\u00d3N Y DISCIPLINA|<\/p>\n<p><a href=\"https:\/\/facebook.com\/story.php?story_fbid=pfbid02U7GBDFwXdaiCzavA4BRh44572GJo5Y1fQ3BvjQJ1hFgb5zMCNmcaXcv3BHgqG4e5l&amp;id=465093860312824&amp;eav=AfZ742k4oGrocBeLw-3_RCtKavUk0EgAbCmlRRta3wWpyZb-w3L4DuqY0VCpCMEHtaY&amp;viewer=465093860312824&amp;m_entstream_source=timeline&amp;__tn__=%2As%2As-R&amp;paipv=1\" aria-label=\"Abrir historia\" class=\"_5msj\"><\/a><\/p>\n<p>\ud83d\udc1d **RESCATE DE* *ABEJAS** \ud83d\udc68\u200d\ud83d\ude92<br \/>\n \ud83d\udc1d Por llamado del ecu911 la unidad B3 se dirige hasta el barrio.plaza Aray a realizar el rescate de un enjambre de abejas<br \/>\ud83d\udc1d *AFRICANIZADAS* *APIMELIFERAS* \ud83d\udc1d<br \/> El se\u00f1or Danny Cunalata de 25 a\u00f1os de edad luego de encontrarse con una grata visita en su ropero, un lindo enjambre de abejas AFRICANIZADAS se alojaron en su ropero desde la ma\u00f1ana,  luego de recibir varios piquetes y al sentir que su familia estaba en riesgo decidi\u00f3 alertar a la divisi\u00f3n apicola del *CB-MCP*  <\/p>\n<p> \ud83d\udc68\u200d\ud83d\ude92\ud83d\udc1dEl personal del CBM-CP <br \/> Durante unos minutos de trabajo equipados y con seguridad logro la captura del enjambre de  abejas, una vez culminado el trabajo se deja las recomendaciones necesarias para su seguridad al propietario<br \/>\n Luego las abejas son trasladadas a un lugar seguro lejos de la ciudad<br \/>\n \ud83d\udc1d\ud83d\udc1dEst\u00e1s abejas son muy importantes para nuestra naturaleza y es una especie en peligro de extinci\u00f3n, es por eso que tratamos de rescatarlas poniendo nuestro granito de arena en la conservaci\u00f3n del medio ambiente y la fauna silvestre. *CB-MCP*<\/p>\n<p><a href=\"https:\/\/facebook.com\/story.php?story_fbid=pfbid0qqDk6fDZfKZBYng2LMYfRQgk5fbGTFMMggXVRwP8hK2xfJYSaU6wKzSKW8ArVW4Zl&amp;id=108572041816273&amp;eav=AfbWCe8CU7Y_JbHNnm_tgMYNrcQAmixsLqynfKKgLICejBJRP2cNlt7TOO0bt573qlE&amp;viewer=465093860312824&amp;m_entstream_source=timeline&amp;__tn__=%2As%2AsH-R&amp;paipv=1\" aria-label=\"Abrir historia\" class=\"_5msj\"><\/a><\/p>\n<p><a href=\"https:\/\/bomberos.puyo.gob.ec\/2019\/wp-content\/uploads\/ABNEGACION-Y-DISCIPLINA-RESCATE-DE-ABEJAS-Por-llamado-del-e.jpg\"><img decoding=\"async\" class=\"wp_automatic_fb_img\" title=\"\" src=\"https:\/\/bomberos.puyo.gob.ec\/2019\/wp-content\/uploads\/ABNEGACION-Y-DISCIPLINA-RESCATE-DE-ABEJAS-Por-llamado-del-e.jpg\" \/><\/a><br \/><a href=\"https:\/\/bomberos.puyo.gob.ec\/2019\/wp-content\/uploads\/1672343985_455_ABNEGACION-Y-DISCIPLINA-RESCATE-DE-ABEJAS-Por-llamado-del-e.jpg\"><img decoding=\"async\" class=\"wp_automatic_fb_img\" title=\"\" src=\"https:\/\/bomberos.puyo.gob.ec\/2019\/wp-content\/uploads\/1672343985_455_ABNEGACION-Y-DISCIPLINA-RESCATE-DE-ABEJAS-Por-llamado-del-e.jpg\" \/><\/a><br \/>\n<br \/><a href=\"https:\/\/www.facebook.com\/465093860312824\/posts\/2380651625423695\">en facebook&#8230; <\/a>  <\/p>\n","protected":false},"excerpt":{"rendered":"<p>|ABNEGACI\u00d3N Y DISCIPLINA|<\/p>\n<p><a href=\"https:\/\/facebook.com\/story.php?story_fbid=pfbid02U7GBDFwXdaiCzavA4BRh44572GJo5Y1fQ3BvjQJ1hFgb5zMCNmcaXcv3BHgqG4e5l&amp;id=465093860312824&amp;eav=AfZ742k4oGrocBeLw-3_RCtKavUk0EgAbCmlRRta3wWpyZb-w3L4DuqY0VCpCMEHtaY&amp;viewer=465093860312824&amp;m_entstream_source=timeline&amp;__tn__=%2As%2As-R&amp;paipv=1\" aria-label=\"Abrir historia\" class=\"_5msj\"><\/a><\/p>\n<p>\ud83d\udc1d **RESCATE DE* *ABEJAS** \ud83d\udc68\u200d\ud83d\ude92<br \/>\n \ud83d\udc1d Por llamado del ecu911 la unidad B3 se dirige hasta el barrio.plaza Aray a realizar el rescate de un enjambre de abejas<br \/>\ud83d\udc1d *AFRICANIZADAS* *APIMELIFERAS* \ud83d\udc1d<br \/> El se\u00f1or Danny Cunalata de 25 a\u00f1os de edad luego de encontrarse con una grata visita en su ropero, un lindo enjambre de abejas AFRICANIZADAS se alojaron en su ropero desde la ma\u00f1ana,  luego de recibir varios piquetes y al sentir que su familia estaba en riesgo decidi\u00f3 alertar a la divisi\u00f3n apicola del *CB-MCP*  <\/p>\n<p> \ud83d\udc68\u200d\ud83d\ude92\ud83d\udc1dEl personal del CBM-CP <br \/> Durante unos minutos de trabajo equipados y con seguridad logro la captura del enjambre de  abejas, una vez culminado el trabajo se deja las recomendaciones necesarias para su seguridad al propietario<br \/>\n Luego las abejas son trasladadas a un lugar seguro lejos de la ciudad<br \/>\n \ud83d\udc1d\ud83d\udc1dEst\u00e1s abejas son muy importantes para nuestra naturaleza y es una especie en peligro de extinci\u00f3n, es por eso que tratamos de rescatarlas poniendo nuestro granito de arena en la conservaci\u00f3n del medio ambiente y la fauna silvestre. *CB-MCP*<\/p>\n<p><a href=\"https:\/\/facebook.com\/story.php?story_fbid=pfbid0qqDk6fDZfKZBYng2LMYfRQgk5fbGTFMMggXVRwP8hK2xfJYSaU6wKzSKW8ArVW4Zl&amp;id=108572041816273&amp;eav=AfbWCe8CU7Y_JbHNnm_tgMYNrcQAmixsLqynfKKgLICejBJRP2cNlt7TOO0bt573qlE&amp;viewer=465093860312824&amp;m_entstream_source=timeline&amp;__tn__=%2As%2AsH-R&amp;paipv=1\" aria-label=\"Abrir historia\" class=\"_5msj\"><\/a><\/p>\n<p><a href=\"https:\/\/scontent.fuio15-1.fna.fbcdn.net\/v\/t39.30808-6\/319844296_1109686313036793_6195030200308848274_n.jpg?_nc_cat=106&#038;ccb=1-7&#038;_nc_sid=8bfeb9&#038;_nc_ohc=SWdltHIxVpsAX_yRtJb&#038;_nc_ht=scontent.fuio15-1.fna&#038;oh=00_AfBlF08wCgsgKPCzvCtLXDtPPAszBt1bICp-TxSINd-u6w&#038;oe=63B2DFDB\"><img decoding=\"async\" class=\"wp_automatic_fb_img\" title=\"\" src=\"https:\/\/scontent.fuio15-1.fna.fbcdn.net\/v\/t39.30808-6\/319844296_1109686313036793_6195030200308848274_n.jpg?_nc_cat=106&#038;ccb=1-7&#038;_nc_sid=8bfeb9&#038;_nc_ohc=SWdltHIxVpsAX_yRtJb&#038;_nc_ht=scontent.fuio15-1.fna&#038;oh=00_AfBlF08wCgsgKPCzvCtLXDtPPAszBt1bICp-TxSINd-u6w&#038;oe=63B2DFDB\" \/><\/a><br \/><a href=\"https:\/\/scontent.fuio15-1.fna.fbcdn.net\/v\/t39.30808-6\/319938944_1352106605530993_5553021169783805506_n.jpg?_nc_cat=103&#038;ccb=1-7&#038;_nc_sid=8bfeb9&#038;_nc_ohc=XvgCPdQdj4oAX8y9NYS&#038;_nc_ht=scontent.fuio15-1.fna&#038;oh=00_AfANVbaLZ_Zbr_zYY-fyWZDWhpu2AHuObWXUrFz2sqA5UA&#038;oe=63B3317C\"><img decoding=\"async\" class=\"wp_automatic_fb_img\" title=\"\" src=\"https:\/\/scontent.fuio15-1.fna.fbcdn.net\/v\/t39.30808-6\/319938944_1352106605530993_5553021169783805506_n.jpg?_nc_cat=103&#038;ccb=1-7&#038;_nc_sid=8bfeb9&#038;_nc_ohc=XvgCPdQdj4oAX8y9NYS&#038;_nc_ht=scontent.fuio15-1.fna&#038;oh=00_AfANVbaLZ_Zbr_zYY-fyWZDWhpu2AHuObWXUrFz2sqA5UA&#038;oe=63B3317C\" \/><\/a><\/p>\n","protected":false},"author":1,"featured_media":2329,"comment_status":"open","ping_status":"open","sticky":false,"template":"","format":"standard","meta":[],"categories":[1],"tags":[72,818,32,819,820,31,30,183],"_links":{"self":[{"href":"https:\/\/bomberos.puyo.gob.ec\/2019\/wp-json\/wp\/v2\/posts\/2328"}],"collection":[{"href":"https:\/\/bomberos.puyo.gob.ec\/2019\/wp-json\/wp\/v2\/posts"}],"about":[{"href":"https:\/\/bomberos.puyo.gob.ec\/2019\/wp-json\/wp\/v2\/types\/post"}],"author":[{"embeddable":true,"href":"https:\/\/bomberos.puyo.gob.ec\/2019\/wp-json\/wp\/v2\/users\/1"}],"replies":[{"embeddable":true,"href":"https:\/\/bomberos.puyo.gob.ec\/2019\/wp-json\/wp\/v2\/comments?post=2328"}],"version-history":[{"count":1,"href":"https:\/\/bomberos.puyo.gob.ec\/2019\/wp-json\/wp\/v2\/posts\/2328\/revisions"}],"predecessor-version":[{"id":2330,"href":"https:\/\/bomberos.puyo.gob.ec\/2019\/wp-json\/wp\/v2\/posts\/2328\/revisions\/2330"}],"wp:featuredmedia":[{"embeddable":true,"href":"https:\/\/bomberos.puyo.gob.ec\/2019\/wp-json\/wp\/v2\/media\/2329"}],"wp:attachment":[{"href":"https:\/\/bomberos.puyo.gob.ec\/2019\/wp-json\/wp\/v2\/media?parent=2328"}],"wp:term":[{"taxonomy":"category","embeddable":true,"href":"https:\/\/bomberos.puyo.gob.ec\/2019\/wp-json\/wp\/v2\/categories?post=2328"},{"taxonomy":"post_tag","embeddable":true,"href":"https:\/\/bomberos.puyo.gob.ec\/2019\/wp-json\/wp\/v2\/tags?post=2328"}],"curies":[{"name":"wp","href":"https:\/\/api.w.org\/{rel}","templated":true}]}}