{"id":2226,"date":"2021-07-28T16:41:08","date_gmt":"2021-07-28T21:41:08","guid":{"rendered":"https:\/\/bomberos.puyo.gob.ec\/emergencia-medica-22\/"},"modified":"2021-07-28T17:13:01","modified_gmt":"2021-07-28T22:13:01","slug":"emergencia-medica-22","status":"publish","type":"post","link":"https:\/\/bomberos.puyo.gob.ec\/2019\/emergencia-medica-22\/","title":{"rendered":"|EMERGENCIA M\u00c9DICA|&#8230;"},"content":{"rendered":"<p>|EMERGENCIA M\u00c9DICA|<\/p>\n<p>Por llamado del #ECU911,la unidad A3 se dirigi\u00f3 a la comunidad San Jacinto, en el lugar se atiende a una paciente de nombres P. L. U. R. de 16 a\u00f1os de edad misma que presenta Labor de Parto de un neonato de sexo femenino, se procede a realizar la valoraci\u00f3n de los signos vitales posteriormente se los traslado al Hospital General Puyo donde son recibidas por el m\u00e9dico en turno.<\/p>\n<p><a href=\"https:\/\/bomberos.puyo.gob.ec\/2019\/wp-content\/uploads\/1627510379_916_EMERGENCIA-MEDICA.jpg\"><img decoding=\"async\" class=\"wp_automatic_fb_img\" title=\"\" src=\"https:\/\/bomberos.puyo.gob.ec\/2019\/wp-content\/uploads\/1627510379_916_EMERGENCIA-MEDICA.jpg\" \/><\/a><br \/><a href=\"https:\/\/bomberos.puyo.gob.ec\/2019\/wp-content\/uploads\/1627510379_34_EMERGENCIA-MEDICA.jpg\"><img decoding=\"async\" class=\"wp_automatic_fb_img\" title=\"\" src=\"https:\/\/bomberos.puyo.gob.ec\/2019\/wp-content\/uploads\/1627510379_34_EMERGENCIA-MEDICA.jpg\" \/><\/a><br \/><a href=\"https:\/\/bomberos.puyo.gob.ec\/2019\/wp-content\/uploads\/1627510379_396_EMERGENCIA-MEDICA.jpg\"><img decoding=\"async\" class=\"wp_automatic_fb_img\" title=\"\" src=\"https:\/\/bomberos.puyo.gob.ec\/2019\/wp-content\/uploads\/1627510379_396_EMERGENCIA-MEDICA.jpg\" \/><\/a><br \/>\n<br \/><a href=\"https:\/\/www.facebook.com\/465093860312824\/posts\/1981953465293515\">en facebook&#8230; <\/a>  <\/p>\n","protected":false},"excerpt":{"rendered":"<p>|EMERGENCIA M\u00c9DICA|<\/p>\n<p>Por llamado del #ECU911,la unidad A3 se dirigi\u00f3 a la comunidad San Jacinto, en el lugar se atiende a una paciente de nombres P. L. U. R. de 16 a\u00f1os de edad misma que presenta Labor de Parto de un neonato de sexo femenino, se procede a realizar la valoraci\u00f3n de los signos vitales posteriormente se los traslado al Hospital General Puyo donde son recibidas por el m\u00e9dico en turno.<\/p>\n<p><a href=\"https:\/\/scontent.fuio15-1.fna.fbcdn.net\/v\/t1.6435-9\/227424035_1981953325293529_4854459322721078492_n.jpg?_nc_cat=104&#038;ccb=1-3&#038;_nc_sid=8bfeb9&#038;_nc_eui2=AeGRXfwjwxoM2f_rwztS_3_y4mxtjvmEWsHibG2O-YRawfKL-8iQAbaYNN3HJ8im9QkRIbjMPVm6p5X0f2RRl7IF&#038;_nc_ohc=cnjmKtUHddMAX-4j30R&#038;_nc_ht=scontent.fuio15-1.fna&#038;oh=600210f3bb39bdae9a69a75cedee10c9&#038;oe=6127430B\"><img decoding=\"async\" class=\"wp_automatic_fb_img\" title=\"\" src=\"https:\/\/scontent.fuio15-1.fna.fbcdn.net\/v\/t1.6435-9\/227424035_1981953325293529_4854459322721078492_n.jpg?_nc_cat=104&#038;ccb=1-3&#038;_nc_sid=8bfeb9&#038;_nc_eui2=AeGRXfwjwxoM2f_rwztS_3_y4mxtjvmEWsHibG2O-YRawfKL-8iQAbaYNN3HJ8im9QkRIbjMPVm6p5X0f2RRl7IF&#038;_nc_ohc=cnjmKtUHddMAX-4j30R&#038;_nc_ht=scontent.fuio15-1.fna&#038;oh=600210f3bb39bdae9a69a75cedee10c9&#038;oe=6127430B\" \/><\/a><br \/><a href=\"https:\/\/scontent.fuio15-1.fna.fbcdn.net\/v\/t1.6435-9\/227699544_1981953298626865_3662475451379151322_n.jpg?_nc_cat=107&#038;ccb=1-3&#038;_nc_sid=8bfeb9&#038;_nc_eui2=AeGPYQYZ-rl3Pc9K929Xl2jBNef-tZ_AsNk15_61n8Cw2fGaX8wiXwu5vAI2EqKhhyxibfN79yY3pj75BuYSinrp&#038;_nc_ohc=MJgNE-656N4AX_VRAn9&#038;_nc_ht=scontent.fuio15-1.fna&#038;oh=b8e8178ec9c4cdd47b4650336a6b1d17&#038;oe=6127B2EE\"><img decoding=\"async\" class=\"wp_automatic_fb_img\" title=\"\" src=\"https:\/\/scontent.fuio15-1.fna.fbcdn.net\/v\/t1.6435-9\/227699544_1981953298626865_3662475451379151322_n.jpg?_nc_cat=107&#038;ccb=1-3&#038;_nc_sid=8bfeb9&#038;_nc_eui2=AeGPYQYZ-rl3Pc9K929Xl2jBNef-tZ_AsNk15_61n8Cw2fGaX8wiXwu5vAI2EqKhhyxibfN79yY3pj75BuYSinrp&#038;_nc_ohc=MJgNE-656N4AX_VRAn9&#038;_nc_ht=scontent.fuio15-1.fna&#038;oh=b8e8178ec9c4cdd47b4650336a6b1d17&#038;oe=6127B2EE\" \/><\/a><br \/><a href=\"https:\/\/scontent.fuio15-1.fna.fbcdn.net\/v\/t1.6435-9\/221967232_1981953328626862_3308392158612977329_n.jpg?_nc_cat=101&#038;ccb=1-3&#038;_nc_sid=8bfeb9&#038;_nc_eui2=AeHjz_WmwE27MtqdXvSX9TF5clCBlLvomFZyUIGUu-iYVvK_F5oL6bmrFTf8WFEgt3HYmPKZHsyX1jA9OQVttZ3k&#038;_nc_ohc=WCqOd0N0LGkAX_mgEdN&#038;_nc_ht=scontent.fuio15-1.fna&#038;oh=8f7a656ee612f46e21b5e41b3ea43888&#038;oe=6128BA89\"><img decoding=\"async\" class=\"wp_automatic_fb_img\" title=\"\" src=\"https:\/\/scontent.fuio15-1.fna.fbcdn.net\/v\/t1.6435-9\/221967232_1981953328626862_3308392158612977329_n.jpg?_nc_cat=101&#038;ccb=1-3&#038;_nc_sid=8bfeb9&#038;_nc_eui2=AeHjz_WmwE27MtqdXvSX9TF5clCBlLvomFZyUIGUu-iYVvK_F5oL6bmrFTf8WFEgt3HYmPKZHsyX1jA9OQVttZ3k&#038;_nc_ohc=WCqOd0N0LGkAX_mgEdN&#038;_nc_ht=scontent.fuio15-1.fna&#038;oh=8f7a656ee612f46e21b5e41b3ea43888&#038;oe=6128BA89\" \/><\/a><\/p>\n","protected":false},"author":1,"featured_media":2227,"comment_status":"open","ping_status":"open","sticky":false,"template":"","format":"standard","meta":[],"categories":[1],"tags":[182,251],"_links":{"self":[{"href":"https:\/\/bomberos.puyo.gob.ec\/2019\/wp-json\/wp\/v2\/posts\/2226"}],"collection":[{"href":"https:\/\/bomberos.puyo.gob.ec\/2019\/wp-json\/wp\/v2\/posts"}],"about":[{"href":"https:\/\/bomberos.puyo.gob.ec\/2019\/wp-json\/wp\/v2\/types\/post"}],"author":[{"embeddable":true,"href":"https:\/\/bomberos.puyo.gob.ec\/2019\/wp-json\/wp\/v2\/users\/1"}],"replies":[{"embeddable":true,"href":"https:\/\/bomberos.puyo.gob.ec\/2019\/wp-json\/wp\/v2\/comments?post=2226"}],"version-history":[{"count":1,"href":"https:\/\/bomberos.puyo.gob.ec\/2019\/wp-json\/wp\/v2\/posts\/2226\/revisions"}],"predecessor-version":[{"id":2228,"href":"https:\/\/bomberos.puyo.gob.ec\/2019\/wp-json\/wp\/v2\/posts\/2226\/revisions\/2228"}],"wp:featuredmedia":[{"embeddable":true,"href":"https:\/\/bomberos.puyo.gob.ec\/2019\/wp-json\/wp\/v2\/media\/2227"}],"wp:attachment":[{"href":"https:\/\/bomberos.puyo.gob.ec\/2019\/wp-json\/wp\/v2\/media?parent=2226"}],"wp:term":[{"taxonomy":"category","embeddable":true,"href":"https:\/\/bomberos.puyo.gob.ec\/2019\/wp-json\/wp\/v2\/categories?post=2226"},{"taxonomy":"post_tag","embeddable":true,"href":"https:\/\/bomberos.puyo.gob.ec\/2019\/wp-json\/wp\/v2\/tags?post=2226"}],"curies":[{"name":"wp","href":"https:\/\/api.w.org\/{rel}","templated":true}]}}