{"id":2215,"date":"2021-07-25T10:21:33","date_gmt":"2021-07-25T15:21:33","guid":{"rendered":"https:\/\/bomberos.puyo.gob.ec\/emergencia-medica-20\/"},"modified":"2021-07-25T10:36:42","modified_gmt":"2021-07-25T15:36:42","slug":"emergencia-medica-20","status":"publish","type":"post","link":"https:\/\/bomberos.puyo.gob.ec\/2019\/emergencia-medica-20\/","title":{"rendered":"|EMERGENCIA M\u00c9DICA|&#8230;"},"content":{"rendered":"<p>|EMERGENCIA M\u00c9DICA|<\/p>\n<p>Por llamado del #ECU911, la unidad A3 se dirigi\u00f3 al Sector del Terminal Terrestre, en el lugar se atiende a un paciente de sexo masculino de nombre: E. D. M. S. de 22 a\u00f1os de edad, mismo que presenta atrofia muscular a causa de un cuadro cl\u00ednico de Mielomenignocele interno.<br \/>\nEs llevado a la Cl\u00ednica Gadytra donde lo recibe el m\u00e9dico en turno.<\/p>\n<p><a href=\"https:\/\/bomberos.puyo.gob.ec\/2019\/wp-content\/uploads\/1627227400_741_EMERGENCIA-MEDICA.jpg\"><img decoding=\"async\" class=\"wp_automatic_fb_img\" title=\"\" src=\"https:\/\/bomberos.puyo.gob.ec\/2019\/wp-content\/uploads\/1627227400_741_EMERGENCIA-MEDICA.jpg\" \/><\/a><br \/>\n<br \/><a href=\"https:\/\/www.facebook.com\/465093860312824\/posts\/1979355005553361\">en facebook&#8230; <\/a>  <\/p>\n","protected":false},"excerpt":{"rendered":"<p>|EMERGENCIA M\u00c9DICA|<\/p>\n<p>Por llamado del #ECU911, la unidad A3 se dirigi\u00f3 al Sector del Terminal Terrestre, en el lugar se atiende a un paciente de sexo masculino de nombre: E. D. M. S. de 22 a\u00f1os de edad, mismo que presenta atrofia muscular a causa de un cuadro cl\u00ednico de Mielomenignocele interno.<br \/>\nEs llevado a la Cl\u00ednica Gadytra donde lo recibe el m\u00e9dico en turno.<\/p>\n<p><a href=\"https:\/\/scontent.fuio15-1.fna.fbcdn.net\/v\/t1.6435-9\/s720x720\/219470085_1979354958886699_2370695450705608721_n.jpg?_nc_cat=104&#038;ccb=1-3&#038;_nc_sid=8bfeb9&#038;_nc_eui2=AeF9qolQewlG5xD7wlbq6qtyzEugun-3RaDMS6C6f7dFoNL2I6U7j48TjD9aSuKAfeaUJFKeQdxUv4xa3Fg0G_eB&#038;_nc_ohc=ZAIgGJptnCcAX-XpQ16&#038;_nc_ht=scontent.fuio15-1.fna&#038;oh=cb700246e27fcc8992776caa57794523&#038;oe=6123FE85\"><img decoding=\"async\" class=\"wp_automatic_fb_img\" title=\"\" src=\"https:\/\/scontent.fuio15-1.fna.fbcdn.net\/v\/t1.6435-9\/s720x720\/219470085_1979354958886699_2370695450705608721_n.jpg?_nc_cat=104&#038;ccb=1-3&#038;_nc_sid=8bfeb9&#038;_nc_eui2=AeF9qolQewlG5xD7wlbq6qtyzEugun-3RaDMS6C6f7dFoNL2I6U7j48TjD9aSuKAfeaUJFKeQdxUv4xa3Fg0G_eB&#038;_nc_ohc=ZAIgGJptnCcAX-XpQ16&#038;_nc_ht=scontent.fuio15-1.fna&#038;oh=cb700246e27fcc8992776caa57794523&#038;oe=6123FE85\" \/><\/a><\/p>\n","protected":false},"author":1,"featured_media":2216,"comment_status":"open","ping_status":"open","sticky":false,"template":"","format":"standard","meta":[],"categories":[1],"tags":[182,251],"_links":{"self":[{"href":"https:\/\/bomberos.puyo.gob.ec\/2019\/wp-json\/wp\/v2\/posts\/2215"}],"collection":[{"href":"https:\/\/bomberos.puyo.gob.ec\/2019\/wp-json\/wp\/v2\/posts"}],"about":[{"href":"https:\/\/bomberos.puyo.gob.ec\/2019\/wp-json\/wp\/v2\/types\/post"}],"author":[{"embeddable":true,"href":"https:\/\/bomberos.puyo.gob.ec\/2019\/wp-json\/wp\/v2\/users\/1"}],"replies":[{"embeddable":true,"href":"https:\/\/bomberos.puyo.gob.ec\/2019\/wp-json\/wp\/v2\/comments?post=2215"}],"version-history":[{"count":1,"href":"https:\/\/bomberos.puyo.gob.ec\/2019\/wp-json\/wp\/v2\/posts\/2215\/revisions"}],"predecessor-version":[{"id":2217,"href":"https:\/\/bomberos.puyo.gob.ec\/2019\/wp-json\/wp\/v2\/posts\/2215\/revisions\/2217"}],"wp:featuredmedia":[{"embeddable":true,"href":"https:\/\/bomberos.puyo.gob.ec\/2019\/wp-json\/wp\/v2\/media\/2216"}],"wp:attachment":[{"href":"https:\/\/bomberos.puyo.gob.ec\/2019\/wp-json\/wp\/v2\/media?parent=2215"}],"wp:term":[{"taxonomy":"category","embeddable":true,"href":"https:\/\/bomberos.puyo.gob.ec\/2019\/wp-json\/wp\/v2\/categories?post=2215"},{"taxonomy":"post_tag","embeddable":true,"href":"https:\/\/bomberos.puyo.gob.ec\/2019\/wp-json\/wp\/v2\/tags?post=2215"}],"curies":[{"name":"wp","href":"https:\/\/api.w.org\/{rel}","templated":true}]}}