{"id":2212,"date":"2021-07-24T20:37:26","date_gmt":"2021-07-25T01:37:26","guid":{"rendered":"https:\/\/bomberos.puyo.gob.ec\/conato-de-incendio-3\/"},"modified":"2021-07-24T21:02:26","modified_gmt":"2021-07-25T02:02:26","slug":"conato-de-incendio-3","status":"publish","type":"post","link":"https:\/\/bomberos.puyo.gob.ec\/2019\/conato-de-incendio-3\/","title":{"rendered":"|CONATO DE INCENDIO|&#8230;"},"content":{"rendered":"<p>|CONATO DE INCENDIO|<\/p>\n<p>Por llamado del #ECU911, la unidad B3 y C2 se dirigieron al Km 15 v\u00eda Macas sector del Talin.<br \/>\nLlegando al lugar se verifica un conato de incendio con una afectaci\u00f3n del 30% producto de un corto circuito en una vivienda de madera, se logra visualizar da\u00f1os materiales puesto que se procede a realizar maniobras de enfriamiento con 2 tramos de manguera evitando la propagaci\u00f3n del mismo.<br \/>\nUna vez dejando seguro el lugar se brinda las recomendaciones pertinentes al propietario M. Y. de 54 a\u00f1os de edad.<\/p>\n<p><a href=\"https:\/\/bomberos.puyo.gob.ec\/2019\/wp-content\/uploads\/1627178544_113_CONATO-DE-INCENDIO.jpg\"><img decoding=\"async\" class=\"wp_automatic_fb_img\" title=\"\" src=\"https:\/\/bomberos.puyo.gob.ec\/2019\/wp-content\/uploads\/1627178544_113_CONATO-DE-INCENDIO.jpg\" \/><\/a><br \/><a href=\"https:\/\/bomberos.puyo.gob.ec\/2019\/wp-content\/uploads\/1627178545_302_CONATO-DE-INCENDIO.jpg\"><img decoding=\"async\" class=\"wp_automatic_fb_img\" title=\"\" src=\"https:\/\/bomberos.puyo.gob.ec\/2019\/wp-content\/uploads\/1627178545_302_CONATO-DE-INCENDIO.jpg\" \/><\/a><br \/><a href=\"https:\/\/bomberos.puyo.gob.ec\/2019\/wp-content\/uploads\/1627178545_845_CONATO-DE-INCENDIO.jpg\"><img decoding=\"async\" class=\"wp_automatic_fb_img\" title=\"\" src=\"https:\/\/bomberos.puyo.gob.ec\/2019\/wp-content\/uploads\/1627178545_845_CONATO-DE-INCENDIO.jpg\" \/><\/a><br \/>\n<br \/><a href=\"https:\/\/www.facebook.com\/465093860312824\/posts\/1978931052262423\">en facebook&#8230; <\/a>  <\/p>\n","protected":false},"excerpt":{"rendered":"<p>|CONATO DE INCENDIO|<\/p>\n<p>Por llamado del #ECU911, la unidad B3 y C2 se dirigieron al Km 15 v\u00eda Macas sector del Talin.<br \/>\nLlegando al lugar se verifica un conato de incendio con una afectaci\u00f3n del 30% producto de un corto circuito en una vivienda de madera, se logra visualizar da\u00f1os materiales puesto que se procede a realizar maniobras de enfriamiento con 2 tramos de manguera evitando la propagaci\u00f3n del mismo.<br \/>\nUna vez dejando seguro el lugar se brinda las recomendaciones pertinentes al propietario M. Y. de 54 a\u00f1os de edad.<\/p>\n<p><a href=\"https:\/\/scontent.fuio15-1.fna.fbcdn.net\/v\/t1.6435-9\/224519965_1978930975595764_1994011027916707188_n.jpg?_nc_cat=103&#038;ccb=1-3&#038;_nc_sid=8bfeb9&#038;_nc_eui2=AeEfEhu5v_UY77nF8-AIjWQmQhe-eqOR775CF756o5Hvvp8j5Q3GVwCAVdiUlIxCIxEPeASTu7tUwzq39W7H8HfW&#038;_nc_ohc=PEsV2AuSGTYAX_Ihhkz&#038;_nc_ht=scontent.fuio15-1.fna&#038;oh=6148757f359208d5d3a412f04e1040dd&#038;oe=61212287\"><img decoding=\"async\" class=\"wp_automatic_fb_img\" title=\"\" src=\"https:\/\/scontent.fuio15-1.fna.fbcdn.net\/v\/t1.6435-9\/224519965_1978930975595764_1994011027916707188_n.jpg?_nc_cat=103&#038;ccb=1-3&#038;_nc_sid=8bfeb9&#038;_nc_eui2=AeEfEhu5v_UY77nF8-AIjWQmQhe-eqOR775CF756o5Hvvp8j5Q3GVwCAVdiUlIxCIxEPeASTu7tUwzq39W7H8HfW&#038;_nc_ohc=PEsV2AuSGTYAX_Ihhkz&#038;_nc_ht=scontent.fuio15-1.fna&#038;oh=6148757f359208d5d3a412f04e1040dd&#038;oe=61212287\" \/><\/a><br \/><a href=\"https:\/\/scontent.fuio15-1.fna.fbcdn.net\/v\/t1.6435-9\/220444077_1978930988929096_4396656737215116098_n.jpg?_nc_cat=107&#038;ccb=1-3&#038;_nc_sid=8bfeb9&#038;_nc_eui2=AeEs3aOzh3lt386qAf5Bi5Y5RCP1VVg5yLVEI_VVWDnItW-A67PF3jt50dhOBuHKiDcmlJNNk6JTf91qC5xFCHAk&#038;_nc_ohc=uLFRJif81K8AX_3Zdsl&#038;_nc_oc=AQlPqMkWGMzXH1EwPb7Jhr77Ga0mhWFBbhyWP-Dt296yPKjXS2w6rRJGgr1662F30J4&#038;_nc_ht=scontent.fuio15-1.fna&#038;oh=a5502eb20b618f2f1599f0c990f4c1bb&#038;oe=6120FCD5\"><img decoding=\"async\" class=\"wp_automatic_fb_img\" title=\"\" src=\"https:\/\/scontent.fuio15-1.fna.fbcdn.net\/v\/t1.6435-9\/220444077_1978930988929096_4396656737215116098_n.jpg?_nc_cat=107&#038;ccb=1-3&#038;_nc_sid=8bfeb9&#038;_nc_eui2=AeEs3aOzh3lt386qAf5Bi5Y5RCP1VVg5yLVEI_VVWDnItW-A67PF3jt50dhOBuHKiDcmlJNNk6JTf91qC5xFCHAk&#038;_nc_ohc=uLFRJif81K8AX_3Zdsl&#038;_nc_oc=AQlPqMkWGMzXH1EwPb7Jhr77Ga0mhWFBbhyWP-Dt296yPKjXS2w6rRJGgr1662F30J4&#038;_nc_ht=scontent.fuio15-1.fna&#038;oh=a5502eb20b618f2f1599f0c990f4c1bb&#038;oe=6120FCD5\" \/><\/a><br \/><a href=\"https:\/\/scontent.fuio15-1.fna.fbcdn.net\/v\/t1.6435-9\/223266295_1978930995595762_5479359623892567640_n.jpg?_nc_cat=100&#038;ccb=1-3&#038;_nc_sid=8bfeb9&#038;_nc_eui2=AeEglkVkY-fx4bavjWgx4xMl6YKIA7kp6PPpgogDuSno86ElV8-tjK4nWw_s7-G2z_Ez1hUi6eSxdf7uzCsym5W-&#038;_nc_ohc=oqT8EIcduwsAX-xXXfD&#038;_nc_ht=scontent.fuio15-1.fna&#038;oh=e23827f37f523fd3650c6b0efe37ff9e&#038;oe=6123956A\"><img decoding=\"async\" class=\"wp_automatic_fb_img\" title=\"\" src=\"https:\/\/scontent.fuio15-1.fna.fbcdn.net\/v\/t1.6435-9\/223266295_1978930995595762_5479359623892567640_n.jpg?_nc_cat=100&#038;ccb=1-3&#038;_nc_sid=8bfeb9&#038;_nc_eui2=AeEglkVkY-fx4bavjWgx4xMl6YKIA7kp6PPpgogDuSno86ElV8-tjK4nWw_s7-G2z_Ez1hUi6eSxdf7uzCsym5W-&#038;_nc_ohc=oqT8EIcduwsAX-xXXfD&#038;_nc_ht=scontent.fuio15-1.fna&#038;oh=e23827f37f523fd3650c6b0efe37ff9e&#038;oe=6123956A\" \/><\/a><\/p>\n","protected":false},"author":1,"featured_media":2213,"comment_status":"open","ping_status":"open","sticky":false,"template":"","format":"standard","meta":[],"categories":[1],"tags":[786,46],"_links":{"self":[{"href":"https:\/\/bomberos.puyo.gob.ec\/2019\/wp-json\/wp\/v2\/posts\/2212"}],"collection":[{"href":"https:\/\/bomberos.puyo.gob.ec\/2019\/wp-json\/wp\/v2\/posts"}],"about":[{"href":"https:\/\/bomberos.puyo.gob.ec\/2019\/wp-json\/wp\/v2\/types\/post"}],"author":[{"embeddable":true,"href":"https:\/\/bomberos.puyo.gob.ec\/2019\/wp-json\/wp\/v2\/users\/1"}],"replies":[{"embeddable":true,"href":"https:\/\/bomberos.puyo.gob.ec\/2019\/wp-json\/wp\/v2\/comments?post=2212"}],"version-history":[{"count":1,"href":"https:\/\/bomberos.puyo.gob.ec\/2019\/wp-json\/wp\/v2\/posts\/2212\/revisions"}],"predecessor-version":[{"id":2214,"href":"https:\/\/bomberos.puyo.gob.ec\/2019\/wp-json\/wp\/v2\/posts\/2212\/revisions\/2214"}],"wp:featuredmedia":[{"embeddable":true,"href":"https:\/\/bomberos.puyo.gob.ec\/2019\/wp-json\/wp\/v2\/media\/2213"}],"wp:attachment":[{"href":"https:\/\/bomberos.puyo.gob.ec\/2019\/wp-json\/wp\/v2\/media?parent=2212"}],"wp:term":[{"taxonomy":"category","embeddable":true,"href":"https:\/\/bomberos.puyo.gob.ec\/2019\/wp-json\/wp\/v2\/categories?post=2212"},{"taxonomy":"post_tag","embeddable":true,"href":"https:\/\/bomberos.puyo.gob.ec\/2019\/wp-json\/wp\/v2\/tags?post=2212"}],"curies":[{"name":"wp","href":"https:\/\/api.w.org\/{rel}","templated":true}]}}