{"id":2189,"date":"2021-07-18T12:50:45","date_gmt":"2021-07-18T17:50:45","guid":{"rendered":"https:\/\/bomberos.puyo.gob.ec\/por-llamado-del-ecu911-la-unidad-a4-se-dirige-a-atender-una-emergencia-medic\/"},"modified":"2021-07-18T13:51:13","modified_gmt":"2021-07-18T18:51:13","slug":"por-llamado-del-ecu911-la-unidad-a4-se-dirige-a-atender-una-emergencia-medic","status":"publish","type":"post","link":"https:\/\/bomberos.puyo.gob.ec\/2019\/por-llamado-del-ecu911-la-unidad-a4-se-dirige-a-atender-una-emergencia-medic\/","title":{"rendered":"Por llamado del #ECU911, la unidad A4 se dirige a atender una emergencia m\u00e9dic&#8230;"},"content":{"rendered":"<p><div><span><\/p>\n<p>Por llamado del <a class=\"_5ayv _qdx\" href=\"https:\/\/facebook.com\/hashtag\/ecu911?__tn__=%2As-R&amp;paipv=1\"><span class=\"_5aw4 _qdz\">#ECU911<\/span><\/a>, la unidad A4 se dirige a atender una emergencia m\u00e9dica en el sector del cementerio Municipal, llegando al lugar se atiende a S. A. A. de 40 a\u00f1os de edad, quien presenta una laceraci\u00f3n en rodilla izquierda por ca\u00edda de una motocicleta, mismo que fue atendido en el lugar.<\/p>\n<p><\/span><\/div>\n<p><a href=\"https:\/\/facebook.com\/story.php?story_fbid=1974235936065268&amp;id=465093860312824&amp;viewer=465093860312824&amp;__tn__=%2As%2As-R&amp;paipv=1\" aria-label=\"Abrir historia\" class=\"_5msj\"><\/a><\/p>\n<p><a href=\"https:\/\/bomberos.puyo.gob.ec\/2019\/wp-content\/uploads\/Por-llamado-del-ECU911-la-unidad-A4-se-dirige-a.jpg\"><img decoding=\"async\" class=\"wp_automatic_fb_img\" title=\"\" src=\"https:\/\/bomberos.puyo.gob.ec\/2019\/wp-content\/uploads\/Por-llamado-del-ECU911-la-unidad-A4-se-dirige-a.jpg\" \/><\/a><br \/>\n<br \/><a href=\"https:\/\/www.facebook.com\/465093860312824\/posts\/1974235936065268\">en facebook&#8230; <\/a>  <\/p>\n","protected":false},"excerpt":{"rendered":"<p><div><span><\/p>\n<p>Por llamado del <a class=\"_5ayv _qdx\" href=\"https:\/\/facebook.com\/hashtag\/ecu911?__tn__=%2As-R&amp;paipv=1\"><span class=\"_5aw4 _qdz\">#ECU911<\/span><\/a>, la unidad A4 se dirige a atender una emergencia m\u00e9dica en el sector del cementerio Municipal, llegando al lugar se atiende a S. A. A. de 40 a\u00f1os de edad, quien presenta una laceraci\u00f3n en rodilla izquierda por ca\u00edda de una motocicleta, mismo que fue atendido en el lugar.<\/p>\n<p><\/span><\/div>\n<p><a href=\"https:\/\/facebook.com\/story.php?story_fbid=1974235936065268&amp;id=465093860312824&amp;viewer=465093860312824&amp;__tn__=%2As%2As-R&amp;paipv=1\" aria-label=\"Abrir historia\" class=\"_5msj\"><\/a><\/p>\n<p><a href=\"https:\/\/scontent.fuio15-1.fna.fbcdn.net\/v\/t1.6435-9\/s720x720\/218693536_1974235902731938_7332366408698263643_n.jpg?_nc_cat=111&#038;ccb=1-3&#038;_nc_sid=8bfeb9&#038;_nc_eui2=AeGfsxW4ag-brYaT1FO02SfR-Z9ctOcgB775n1y05yAHvsU-bU275iYMm6hU1gnF8-V0RMjkV7k3daOrHlrUu6Vf&#038;_nc_ohc=rnhlCbRvCrAAX_b2ilG&#038;_nc_ht=scontent.fuio15-1.fna&#038;oh=548658652250d781bb86aafa4157ab12&#038;oe=60F8EA0A\"><img decoding=\"async\" class=\"wp_automatic_fb_img\" title=\"\" src=\"https:\/\/scontent.fuio15-1.fna.fbcdn.net\/v\/t1.6435-9\/s720x720\/218693536_1974235902731938_7332366408698263643_n.jpg?_nc_cat=111&#038;ccb=1-3&#038;_nc_sid=8bfeb9&#038;_nc_eui2=AeGfsxW4ag-brYaT1FO02SfR-Z9ctOcgB775n1y05yAHvsU-bU275iYMm6hU1gnF8-V0RMjkV7k3daOrHlrUu6Vf&#038;_nc_ohc=rnhlCbRvCrAAX_b2ilG&#038;_nc_ht=scontent.fuio15-1.fna&#038;oh=548658652250d781bb86aafa4157ab12&#038;oe=60F8EA0A\" \/><\/a><\/p>\n","protected":false},"author":1,"featured_media":2190,"comment_status":"open","ping_status":"open","sticky":false,"template":"","format":"standard","meta":[],"categories":[1],"tags":[216,32,86,69,182,31,801,30,119,41],"_links":{"self":[{"href":"https:\/\/bomberos.puyo.gob.ec\/2019\/wp-json\/wp\/v2\/posts\/2189"}],"collection":[{"href":"https:\/\/bomberos.puyo.gob.ec\/2019\/wp-json\/wp\/v2\/posts"}],"about":[{"href":"https:\/\/bomberos.puyo.gob.ec\/2019\/wp-json\/wp\/v2\/types\/post"}],"author":[{"embeddable":true,"href":"https:\/\/bomberos.puyo.gob.ec\/2019\/wp-json\/wp\/v2\/users\/1"}],"replies":[{"embeddable":true,"href":"https:\/\/bomberos.puyo.gob.ec\/2019\/wp-json\/wp\/v2\/comments?post=2189"}],"version-history":[{"count":1,"href":"https:\/\/bomberos.puyo.gob.ec\/2019\/wp-json\/wp\/v2\/posts\/2189\/revisions"}],"predecessor-version":[{"id":2191,"href":"https:\/\/bomberos.puyo.gob.ec\/2019\/wp-json\/wp\/v2\/posts\/2189\/revisions\/2191"}],"wp:featuredmedia":[{"embeddable":true,"href":"https:\/\/bomberos.puyo.gob.ec\/2019\/wp-json\/wp\/v2\/media\/2190"}],"wp:attachment":[{"href":"https:\/\/bomberos.puyo.gob.ec\/2019\/wp-json\/wp\/v2\/media?parent=2189"}],"wp:term":[{"taxonomy":"category","embeddable":true,"href":"https:\/\/bomberos.puyo.gob.ec\/2019\/wp-json\/wp\/v2\/categories?post=2189"},{"taxonomy":"post_tag","embeddable":true,"href":"https:\/\/bomberos.puyo.gob.ec\/2019\/wp-json\/wp\/v2\/tags?post=2189"}],"curies":[{"name":"wp","href":"https:\/\/api.w.org\/{rel}","templated":true}]}}