{"id":2180,"date":"2021-07-10T20:47:40","date_gmt":"2021-07-11T01:47:40","guid":{"rendered":"https:\/\/bomberos.puyo.gob.ec\/capacitacion-4\/"},"modified":"2021-07-14T00:59:42","modified_gmt":"2021-07-14T05:59:42","slug":"capacitacion-4","status":"publish","type":"post","link":"https:\/\/bomberos.puyo.gob.ec\/2019\/capacitacion-4\/","title":{"rendered":"[CAPACITACI\u00d3N]&#8230;"},"content":{"rendered":"<p>[CAPACITACI\u00d3N]\nEl viernes 9 de julio del a\u00f1o en curso, los Bomberos de Pastaza  a trav\u00e9s de la primera autoridad Rolando Ramos  y su equipo de trabajo asisten a una reuni\u00f3n en el Cuerpo de Bomberos de la ciudad de #Riobamba, con el objetivo de articular convenios en materia de capacitaciones entre los cuerpos de bomberos del pa\u00eds y la Academia de bomberos de #Cali de nuestra hermana rep\u00fablica de #Colombia.<br \/>\nwww.ecoamazonico.com<\/p>\n<p><a href=\"https:\/\/bomberos.puyo.gob.ec\/2019\/wp-content\/uploads\/1626242381_250_CAPACITACION.jpg\"><img decoding=\"async\" class=\"wp_automatic_fb_img\" title=\"\" src=\"https:\/\/bomberos.puyo.gob.ec\/2019\/wp-content\/uploads\/1626242381_250_CAPACITACION.jpg\" \/><\/a><br \/>\n<br \/><a href=\"https:\/\/www.facebook.com\/465093860312824\/posts\/1970609919761203\">en facebook&#8230; <\/a>  <\/p>\n","protected":false},"excerpt":{"rendered":"<p>[CAPACITACI\u00d3N]<br \/>\nEl viernes 9 de julio del a\u00f1o en curso, los Bomberos de Pastaza  a trav\u00e9s de la primera autoridad Rolando Ramos  y su equipo de trabajo asisten a una reuni\u00f3n en el Cuerpo de Bomberos de la ciudad de #Riobamba, con el objetivo de articular convenios en materia de capacitaciones entre los cuerpos de bomberos del pa\u00eds y la Academia de bomberos de #Cali de nuestra hermana rep\u00fablica de #Colombia.<br \/>\nwww.ecoamazonico.com<\/p>\n<p><a href=\"https:\/\/scontent.fuio15-1.fna.fbcdn.net\/v\/t39.30808-6\/p526x296\/217426716_4024493800979490_5870063181279767020_n.jpg?_nc_cat=104&#038;ccb=1-3&#038;_nc_sid=8bfeb9&#038;_nc_eui2=AeHSdqrBHqKAPpMK4LIEgiiypqcSw8TFEGCmpxLDxMUQYLAiOR_hxuNqpiAi1zI3BJDaZE9Fpuu8fWXw4AMB3-a4&#038;_nc_ohc=K9W6F1vXuM8AX-6_DAm&#038;_nc_ht=scontent.fuio15-1.fna&#038;oh=19683c0891705d2764b01b214b3250a3&#038;oe=60F313A3\"><img decoding=\"async\" class=\"wp_automatic_fb_img\" title=\"\" src=\"https:\/\/scontent.fuio15-1.fna.fbcdn.net\/v\/t39.30808-6\/p526x296\/217426716_4024493800979490_5870063181279767020_n.jpg?_nc_cat=104&#038;ccb=1-3&#038;_nc_sid=8bfeb9&#038;_nc_eui2=AeHSdqrBHqKAPpMK4LIEgiiypqcSw8TFEGCmpxLDxMUQYLAiOR_hxuNqpiAi1zI3BJDaZE9Fpuu8fWXw4AMB3-a4&#038;_nc_ohc=K9W6F1vXuM8AX-6_DAm&#038;_nc_ht=scontent.fuio15-1.fna&#038;oh=19683c0891705d2764b01b214b3250a3&#038;oe=60F313A3\" \/><\/a><\/p>\n","protected":false},"author":1,"featured_media":2181,"comment_status":"open","ping_status":"open","sticky":false,"template":"","format":"standard","meta":[],"categories":[1],"tags":[65],"_links":{"self":[{"href":"https:\/\/bomberos.puyo.gob.ec\/2019\/wp-json\/wp\/v2\/posts\/2180"}],"collection":[{"href":"https:\/\/bomberos.puyo.gob.ec\/2019\/wp-json\/wp\/v2\/posts"}],"about":[{"href":"https:\/\/bomberos.puyo.gob.ec\/2019\/wp-json\/wp\/v2\/types\/post"}],"author":[{"embeddable":true,"href":"https:\/\/bomberos.puyo.gob.ec\/2019\/wp-json\/wp\/v2\/users\/1"}],"replies":[{"embeddable":true,"href":"https:\/\/bomberos.puyo.gob.ec\/2019\/wp-json\/wp\/v2\/comments?post=2180"}],"version-history":[{"count":1,"href":"https:\/\/bomberos.puyo.gob.ec\/2019\/wp-json\/wp\/v2\/posts\/2180\/revisions"}],"predecessor-version":[{"id":2182,"href":"https:\/\/bomberos.puyo.gob.ec\/2019\/wp-json\/wp\/v2\/posts\/2180\/revisions\/2182"}],"wp:featuredmedia":[{"embeddable":true,"href":"https:\/\/bomberos.puyo.gob.ec\/2019\/wp-json\/wp\/v2\/media\/2181"}],"wp:attachment":[{"href":"https:\/\/bomberos.puyo.gob.ec\/2019\/wp-json\/wp\/v2\/media?parent=2180"}],"wp:term":[{"taxonomy":"category","embeddable":true,"href":"https:\/\/bomberos.puyo.gob.ec\/2019\/wp-json\/wp\/v2\/categories?post=2180"},{"taxonomy":"post_tag","embeddable":true,"href":"https:\/\/bomberos.puyo.gob.ec\/2019\/wp-json\/wp\/v2\/tags?post=2180"}],"curies":[{"name":"wp","href":"https:\/\/api.w.org\/{rel}","templated":true}]}}