{"id":2177,"date":"2021-07-13T22:07:03","date_gmt":"2021-07-14T03:07:03","guid":{"rendered":"https:\/\/bomberos.puyo.gob.ec\/accidente-de-transito-por-llamado-del-ecu911-la-unidad-a5-se-dirigio-al-b-2\/"},"modified":"2021-07-13T23:40:27","modified_gmt":"2021-07-14T04:40:27","slug":"accidente-de-transito-por-llamado-del-ecu911-la-unidad-a5-se-dirigio-al-b-2","status":"publish","type":"post","link":"https:\/\/bomberos.puyo.gob.ec\/2019\/accidente-de-transito-por-llamado-del-ecu911-la-unidad-a5-se-dirigio-al-b-2\/","title":{"rendered":"|ACCIDENTE DE TR\u00c1NSITO|\n Por llamado del #ECU911, la unidad A5 se dirigi\u00f3 al b&#8230;"},"content":{"rendered":"<div><span><\/p>\n<p>|ACCIDENTE DE TR\u00c1NSITO|<\/p>\n<p> Por llamado del <a class=\"_5ayv _qdx\" href=\"https:\/\/facebook.com\/hashtag\/ecu911?__tn__=%2As-R&amp;paipv=1\"><span class=\"_5aw4 _qdz\">#ECU911<\/span><\/a>, la unidad A5 se dirigi\u00f3 al barrio Los Angeles, en el punto de atiende a un paciente de nombre: V. G. de 26 a\u00f1os de edad, mismo que presenta un trauma leve en el miembro inferior derecho por un choque frontal lateral contra un veh\u00edculo es trasladado al Hospital General Puyo.<\/p>\n<p><\/span><\/div>\n<p><a href=\"https:\/\/facebook.com\/story.php?story_fbid=1970536526435209&amp;id=465093860312824&amp;viewer=465093860312824&amp;__tn__=%2As%2As-R&amp;paipv=1\" aria-label=\"Abrir historia\" class=\"_5msj\"><\/a><\/p>\n<p><a href=\"https:\/\/bomberos.puyo.gob.ec\/2019\/wp-content\/uploads\/1626237626_161_ACCIDENTE-DE-TRANSITO-Por-llamado-del-ECU911-la-unidad-A5.jpg\"><img decoding=\"async\" class=\"wp_automatic_fb_img\" title=\"\" src=\"https:\/\/bomberos.puyo.gob.ec\/2019\/wp-content\/uploads\/1626237626_161_ACCIDENTE-DE-TRANSITO-Por-llamado-del-ECU911-la-unidad-A5.jpg\" \/><\/a><br \/>\n<br \/><a href=\"https:\/\/www.facebook.com\/465093860312824\/posts\/1970536526435209\">en facebook&#8230; <\/a>  <\/p>\n","protected":false},"excerpt":{"rendered":"<div><span><\/p>\n<p>|ACCIDENTE DE TR\u00c1NSITO|<\/p>\n<p> Por llamado del <a class=\"_5ayv _qdx\" href=\"https:\/\/facebook.com\/hashtag\/ecu911?__tn__=%2As-R&amp;paipv=1\"><span class=\"_5aw4 _qdz\">#ECU911<\/span><\/a>, la unidad A5 se dirigi\u00f3 al barrio Los Angeles, en el punto de atiende a un paciente de nombre: V. G. de 26 a\u00f1os de edad, mismo que presenta un trauma leve en el miembro inferior derecho por un choque frontal lateral contra un veh\u00edculo es trasladado al Hospital General Puyo.<\/p>\n<p><\/span><\/div>\n<p><a href=\"https:\/\/facebook.com\/story.php?story_fbid=1970536526435209&amp;id=465093860312824&amp;viewer=465093860312824&amp;__tn__=%2As%2As-R&amp;paipv=1\" aria-label=\"Abrir historia\" class=\"_5msj\"><\/a><\/p>\n<p><a href=\"https:\/\/scontent.fuio15-1.fna.fbcdn.net\/v\/t1.6435-0\/p552x414\/213417928_1970536496435212_6126287566618719704_n.jpg?_nc_cat=108&#038;ccb=1-3&#038;_nc_sid=8bfeb9&#038;_nc_eui2=AeHPNOc-IUL_A6bxQdjMx44PvhKjdVRHNke-EqN1VEc2R1iOf-6YZummeWtFh4wbtWCRB9c4wJY5e9wLe3Lw_UCM&#038;_nc_ohc=RgCCRTHKLcQAX9_mF7M&#038;_nc_ht=scontent.fuio15-1.fna&#038;oh=47a1c4909a197265a3d0989f99f654bd&#038;oe=60F2B29E\"><img decoding=\"async\" class=\"wp_automatic_fb_img\" title=\"\" src=\"https:\/\/scontent.fuio15-1.fna.fbcdn.net\/v\/t1.6435-0\/p552x414\/213417928_1970536496435212_6126287566618719704_n.jpg?_nc_cat=108&#038;ccb=1-3&#038;_nc_sid=8bfeb9&#038;_nc_eui2=AeHPNOc-IUL_A6bxQdjMx44PvhKjdVRHNke-EqN1VEc2R1iOf-6YZummeWtFh4wbtWCRB9c4wJY5e9wLe3Lw_UCM&#038;_nc_ohc=RgCCRTHKLcQAX9_mF7M&#038;_nc_ht=scontent.fuio15-1.fna&#038;oh=47a1c4909a197265a3d0989f99f654bd&#038;oe=60F2B29E\" \/><\/a><\/p>\n","protected":false},"author":1,"featured_media":2178,"comment_status":"open","ping_status":"open","sticky":false,"template":"","format":"standard","meta":[],"categories":[1],"tags":[27,32,722,69,31,30,734,41],"_links":{"self":[{"href":"https:\/\/bomberos.puyo.gob.ec\/2019\/wp-json\/wp\/v2\/posts\/2177"}],"collection":[{"href":"https:\/\/bomberos.puyo.gob.ec\/2019\/wp-json\/wp\/v2\/posts"}],"about":[{"href":"https:\/\/bomberos.puyo.gob.ec\/2019\/wp-json\/wp\/v2\/types\/post"}],"author":[{"embeddable":true,"href":"https:\/\/bomberos.puyo.gob.ec\/2019\/wp-json\/wp\/v2\/users\/1"}],"replies":[{"embeddable":true,"href":"https:\/\/bomberos.puyo.gob.ec\/2019\/wp-json\/wp\/v2\/comments?post=2177"}],"version-history":[{"count":1,"href":"https:\/\/bomberos.puyo.gob.ec\/2019\/wp-json\/wp\/v2\/posts\/2177\/revisions"}],"predecessor-version":[{"id":2179,"href":"https:\/\/bomberos.puyo.gob.ec\/2019\/wp-json\/wp\/v2\/posts\/2177\/revisions\/2179"}],"wp:featuredmedia":[{"embeddable":true,"href":"https:\/\/bomberos.puyo.gob.ec\/2019\/wp-json\/wp\/v2\/media\/2178"}],"wp:attachment":[{"href":"https:\/\/bomberos.puyo.gob.ec\/2019\/wp-json\/wp\/v2\/media?parent=2177"}],"wp:term":[{"taxonomy":"category","embeddable":true,"href":"https:\/\/bomberos.puyo.gob.ec\/2019\/wp-json\/wp\/v2\/categories?post=2177"},{"taxonomy":"post_tag","embeddable":true,"href":"https:\/\/bomberos.puyo.gob.ec\/2019\/wp-json\/wp\/v2\/tags?post=2177"}],"curies":[{"name":"wp","href":"https:\/\/api.w.org\/{rel}","templated":true}]}}