{"id":2174,"date":"2021-07-13T22:14:46","date_gmt":"2021-07-14T03:14:46","guid":{"rendered":"https:\/\/bomberos.puyo.gob.ec\/accidente-de-transito-por-llamado-del-ecu911-la-unidad-a5-se-dirigio-al-b\/"},"modified":"2021-07-13T22:37:15","modified_gmt":"2021-07-14T03:37:15","slug":"accidente-de-transito-por-llamado-del-ecu911-la-unidad-a5-se-dirigio-al-b","status":"publish","type":"post","link":"https:\/\/bomberos.puyo.gob.ec\/2019\/accidente-de-transito-por-llamado-del-ecu911-la-unidad-a5-se-dirigio-al-b\/","title":{"rendered":"|ACCIDENTE DE TR\u00c1NSITO|\n Por llamado del #ECU911, la unidad A5 se dirigi\u00f3 al b&#8230;"},"content":{"rendered":"<div><span><\/p>\n<p>|ACCIDENTE DE TR\u00c1NSITO|<\/p>\n<p> Por llamado del <a class=\"_5ayv _qdx\" href=\"https:\/\/facebook.com\/hashtag\/ecu911?__tn__=%2As-R&amp;paipv=1\"><span class=\"_5aw4 _qdz\">#ECU911<\/span><\/a>, la unidad A5 se dirigi\u00f3 al barrio Intipungo, llegando al lugar se toma contacto con el paciente de nombre: E. M. de 14 a\u00f1os de edad, mismo que presenta un trauma leve en la mu\u00f1eca izquierda producto de la ca\u00edda de una motocicleta, es trasladado al Hospital IESS Puyo.<\/p>\n<p><\/span><\/div>\n<p><a href=\"https:\/\/facebook.com\/story.php?story_fbid=1970539969768198&amp;id=465093860312824&amp;viewer=465093860312824&amp;__tn__=%2As%2As-R&amp;paipv=1\" aria-label=\"Abrir historia\" class=\"_5msj\"><\/a><\/p>\n<p><a href=\"https:\/\/bomberos.puyo.gob.ec\/2019\/wp-content\/uploads\/ACCIDENTE-DE-TRANSITO-Por-llamado-del-ECU911-la-unidad-A5.jpg\"><img decoding=\"async\" class=\"wp_automatic_fb_img\" title=\"\" src=\"https:\/\/bomberos.puyo.gob.ec\/2019\/wp-content\/uploads\/ACCIDENTE-DE-TRANSITO-Por-llamado-del-ECU911-la-unidad-A5.jpg\" \/><\/a><br \/>\n<br \/><a href=\"https:\/\/www.facebook.com\/465093860312824\/posts\/1970539969768198\">en facebook&#8230; <\/a>  <\/p>\n","protected":false},"excerpt":{"rendered":"<div><span><\/p>\n<p>|ACCIDENTE DE TR\u00c1NSITO|<\/p>\n<p> Por llamado del <a class=\"_5ayv _qdx\" href=\"https:\/\/facebook.com\/hashtag\/ecu911?__tn__=%2As-R&amp;paipv=1\"><span class=\"_5aw4 _qdz\">#ECU911<\/span><\/a>, la unidad A5 se dirigi\u00f3 al barrio Intipungo, llegando al lugar se toma contacto con el paciente de nombre: E. M. de 14 a\u00f1os de edad, mismo que presenta un trauma leve en la mu\u00f1eca izquierda producto de la ca\u00edda de una motocicleta, es trasladado al Hospital IESS Puyo.<\/p>\n<p><\/span><\/div>\n<p><a href=\"https:\/\/facebook.com\/story.php?story_fbid=1970539969768198&amp;id=465093860312824&amp;viewer=465093860312824&amp;__tn__=%2As%2As-R&amp;paipv=1\" aria-label=\"Abrir historia\" class=\"_5msj\"><\/a><\/p>\n<p><a href=\"https:\/\/scontent.fuio15-1.fna.fbcdn.net\/v\/t1.6435-0\/p552x414\/214169526_1970539943101534_6006105236829202290_n.jpg?_nc_cat=103&#038;ccb=1-3&#038;_nc_sid=8bfeb9&#038;_nc_eui2=AeFYMQKSCuW0xbP9ordzsDpP3r3bPDC9xDDevds8ML3EMDM5FJifl1If6w2rQXc1tA66atvtNuSRZRrRCgwWWeSM&#038;_nc_ohc=m7ztTRbohfgAX-qNmU0&#038;_nc_ht=scontent.fuio15-1.fna&#038;oh=81e9974affcc2d3870eeb778b5c25004&#038;oe=60F2EFDA\"><img decoding=\"async\" class=\"wp_automatic_fb_img\" title=\"\" src=\"https:\/\/scontent.fuio15-1.fna.fbcdn.net\/v\/t1.6435-0\/p552x414\/214169526_1970539943101534_6006105236829202290_n.jpg?_nc_cat=103&#038;ccb=1-3&#038;_nc_sid=8bfeb9&#038;_nc_eui2=AeFYMQKSCuW0xbP9ordzsDpP3r3bPDC9xDDevds8ML3EMDM5FJifl1If6w2rQXc1tA66atvtNuSRZRrRCgwWWeSM&#038;_nc_ohc=m7ztTRbohfgAX-qNmU0&#038;_nc_ht=scontent.fuio15-1.fna&#038;oh=81e9974affcc2d3870eeb778b5c25004&#038;oe=60F2EFDA\" \/><\/a><\/p>\n","protected":false},"author":1,"featured_media":2175,"comment_status":"open","ping_status":"open","sticky":false,"template":"","format":"standard","meta":[],"categories":[1],"tags":[27,32,722,69,31,30,734,41],"_links":{"self":[{"href":"https:\/\/bomberos.puyo.gob.ec\/2019\/wp-json\/wp\/v2\/posts\/2174"}],"collection":[{"href":"https:\/\/bomberos.puyo.gob.ec\/2019\/wp-json\/wp\/v2\/posts"}],"about":[{"href":"https:\/\/bomberos.puyo.gob.ec\/2019\/wp-json\/wp\/v2\/types\/post"}],"author":[{"embeddable":true,"href":"https:\/\/bomberos.puyo.gob.ec\/2019\/wp-json\/wp\/v2\/users\/1"}],"replies":[{"embeddable":true,"href":"https:\/\/bomberos.puyo.gob.ec\/2019\/wp-json\/wp\/v2\/comments?post=2174"}],"version-history":[{"count":1,"href":"https:\/\/bomberos.puyo.gob.ec\/2019\/wp-json\/wp\/v2\/posts\/2174\/revisions"}],"predecessor-version":[{"id":2176,"href":"https:\/\/bomberos.puyo.gob.ec\/2019\/wp-json\/wp\/v2\/posts\/2174\/revisions\/2176"}],"wp:featuredmedia":[{"embeddable":true,"href":"https:\/\/bomberos.puyo.gob.ec\/2019\/wp-json\/wp\/v2\/media\/2175"}],"wp:attachment":[{"href":"https:\/\/bomberos.puyo.gob.ec\/2019\/wp-json\/wp\/v2\/media?parent=2174"}],"wp:term":[{"taxonomy":"category","embeddable":true,"href":"https:\/\/bomberos.puyo.gob.ec\/2019\/wp-json\/wp\/v2\/categories?post=2174"},{"taxonomy":"post_tag","embeddable":true,"href":"https:\/\/bomberos.puyo.gob.ec\/2019\/wp-json\/wp\/v2\/tags?post=2174"}],"curies":[{"name":"wp","href":"https:\/\/api.w.org\/{rel}","templated":true}]}}