{"id":2168,"date":"2021-07-12T11:29:14","date_gmt":"2021-07-12T16:29:14","guid":{"rendered":"https:\/\/bomberos.puyo.gob.ec\/emergencia-medica-por-llamado-del-ecu911-la-unidad-a3-3-se-dirigio-al-km\/"},"modified":"2021-07-12T12:02:26","modified_gmt":"2021-07-12T17:02:26","slug":"emergencia-medica-por-llamado-del-ecu911-la-unidad-a3-3-se-dirigio-al-km","status":"publish","type":"post","link":"https:\/\/bomberos.puyo.gob.ec\/2019\/emergencia-medica-por-llamado-del-ecu911-la-unidad-a3-3-se-dirigio-al-km\/","title":{"rendered":"|EMERGENCIA M\u00c9DICA|\n Por llamado del #ECU911,  la unidad A3 3 se dirigi\u00f3 al km&#8230;"},"content":{"rendered":"<div><span><\/p>\n<p>|EMERGENCIA M\u00c9DICA|<\/p>\n<p> Por llamado del <a class=\"_5ayv _qdx\" href=\"https:\/\/facebook.com\/hashtag\/ecu911?__tn__=%2As-R&amp;paipv=1\"><span class=\"_5aw4 _qdz\">#ECU911<\/span><\/a>,  la unidad A3 3 se dirigi\u00f3 al km 20 v\u00eda a Macas, en el lugar se atiende a un paciente de nombre: S. A. C. G. de 67 a\u00f1os de edad, mismo que presenta disnea, es atendido en la unidad, posteriormente es llevado al Hospital del IESS Puyo.<\/p>\n<p><\/span><\/div>\n<p><a href=\"https:\/\/facebook.com\/story.php?story_fbid=1969416829880512&amp;id=465093860312824&amp;viewer=465093860312824&amp;__tn__=%2As%2As-R&amp;paipv=1\" aria-label=\"Abrir historia\" class=\"_5msj\"><\/a><\/p>\n<p><a href=\"https:\/\/bomberos.puyo.gob.ec\/2019\/wp-content\/uploads\/EMERGENCIA-MEDICA-Por-llamado-del-ECU911-la-unidad-A3-3.jpg\"><img decoding=\"async\" class=\"wp_automatic_fb_img\" title=\"\" src=\"https:\/\/bomberos.puyo.gob.ec\/2019\/wp-content\/uploads\/EMERGENCIA-MEDICA-Por-llamado-del-ECU911-la-unidad-A3-3.jpg\" \/><\/a><br \/>\n<br \/><a href=\"https:\/\/www.facebook.com\/465093860312824\/posts\/1969416829880512\">en facebook&#8230; <\/a>  <\/p>\n","protected":false},"excerpt":{"rendered":"<div><span><\/p>\n<p>|EMERGENCIA M\u00c9DICA|<\/p>\n<p> Por llamado del <a class=\"_5ayv _qdx\" href=\"https:\/\/facebook.com\/hashtag\/ecu911?__tn__=%2As-R&amp;paipv=1\"><span class=\"_5aw4 _qdz\">#ECU911<\/span><\/a>,  la unidad A3 3 se dirigi\u00f3 al km 20 v\u00eda a Macas, en el lugar se atiende a un paciente de nombre: S. A. C. G. de 67 a\u00f1os de edad, mismo que presenta disnea, es atendido en la unidad, posteriormente es llevado al Hospital del IESS Puyo.<\/p>\n<p><\/span><\/div>\n<p><a href=\"https:\/\/facebook.com\/story.php?story_fbid=1969416829880512&amp;id=465093860312824&amp;viewer=465093860312824&amp;__tn__=%2As%2As-R&amp;paipv=1\" aria-label=\"Abrir historia\" class=\"_5msj\"><\/a><\/p>\n<p><a href=\"https:\/\/scontent.fuio15-1.fna.fbcdn.net\/v\/t1.6435-0\/s640x640\/214495300_1969416763213852_3059964908784315070_n.jpg?_nc_cat=108&#038;ccb=1-3&#038;_nc_sid=8bfeb9&#038;_nc_eui2=AeGhjtsGqjsCTzVagI0bdeyY5eePWy-DCJzl549bL4MInAhA_zjYAopM3pXN8f_un3XXNszKoXsRwf2c-dUDCa_s&#038;_nc_ohc=6El9FaG3XXwAX-Zp1gK&#038;_nc_ht=scontent.fuio15-1.fna&#038;oh=8271bc199a0478ecdc58a52b15267f96&#038;oe=60F14647\"><img decoding=\"async\" class=\"wp_automatic_fb_img\" title=\"\" src=\"https:\/\/scontent.fuio15-1.fna.fbcdn.net\/v\/t1.6435-0\/s640x640\/214495300_1969416763213852_3059964908784315070_n.jpg?_nc_cat=108&#038;ccb=1-3&#038;_nc_sid=8bfeb9&#038;_nc_eui2=AeGhjtsGqjsCTzVagI0bdeyY5eePWy-DCJzl549bL4MInAhA_zjYAopM3pXN8f_un3XXNszKoXsRwf2c-dUDCa_s&#038;_nc_ohc=6El9FaG3XXwAX-Zp1gK&#038;_nc_ht=scontent.fuio15-1.fna&#038;oh=8271bc199a0478ecdc58a52b15267f96&#038;oe=60F14647\" \/><\/a><\/p>\n","protected":false},"author":1,"featured_media":2169,"comment_status":"open","ping_status":"open","sticky":false,"template":"","format":"standard","meta":[],"categories":[1],"tags":[32,722,69,182,31,251,30,41],"_links":{"self":[{"href":"https:\/\/bomberos.puyo.gob.ec\/2019\/wp-json\/wp\/v2\/posts\/2168"}],"collection":[{"href":"https:\/\/bomberos.puyo.gob.ec\/2019\/wp-json\/wp\/v2\/posts"}],"about":[{"href":"https:\/\/bomberos.puyo.gob.ec\/2019\/wp-json\/wp\/v2\/types\/post"}],"author":[{"embeddable":true,"href":"https:\/\/bomberos.puyo.gob.ec\/2019\/wp-json\/wp\/v2\/users\/1"}],"replies":[{"embeddable":true,"href":"https:\/\/bomberos.puyo.gob.ec\/2019\/wp-json\/wp\/v2\/comments?post=2168"}],"version-history":[{"count":1,"href":"https:\/\/bomberos.puyo.gob.ec\/2019\/wp-json\/wp\/v2\/posts\/2168\/revisions"}],"predecessor-version":[{"id":2170,"href":"https:\/\/bomberos.puyo.gob.ec\/2019\/wp-json\/wp\/v2\/posts\/2168\/revisions\/2170"}],"wp:featuredmedia":[{"embeddable":true,"href":"https:\/\/bomberos.puyo.gob.ec\/2019\/wp-json\/wp\/v2\/media\/2169"}],"wp:attachment":[{"href":"https:\/\/bomberos.puyo.gob.ec\/2019\/wp-json\/wp\/v2\/media?parent=2168"}],"wp:term":[{"taxonomy":"category","embeddable":true,"href":"https:\/\/bomberos.puyo.gob.ec\/2019\/wp-json\/wp\/v2\/categories?post=2168"},{"taxonomy":"post_tag","embeddable":true,"href":"https:\/\/bomberos.puyo.gob.ec\/2019\/wp-json\/wp\/v2\/tags?post=2168"}],"curies":[{"name":"wp","href":"https:\/\/api.w.org\/{rel}","templated":true}]}}