{"id":2165,"date":"2021-07-12T10:05:33","date_gmt":"2021-07-12T15:05:33","guid":{"rendered":"https:\/\/bomberos.puyo.gob.ec\/emergencia-medica-17\/"},"modified":"2021-07-12T10:57:59","modified_gmt":"2021-07-12T15:57:59","slug":"emergencia-medica-17","status":"publish","type":"post","link":"https:\/\/bomberos.puyo.gob.ec\/2019\/emergencia-medica-17\/","title":{"rendered":"|EMERGENCIA M\u00c9DICA|&#8230;"},"content":{"rendered":"<p>|EMERGENCIA M\u00c9DICA|<\/p>\n<p>Por llamado del #ECU911, la unidad A4 se dirigi\u00f3 al sector de la gasolinera Puyo, en el lugar se atiende a un paciente de nombre: A. H. de 18 a\u00f1os de edad, quien presenta una herida contusa en la regi\u00f3n supraciliar izquierda y en la regi\u00f3n temporal derecha, producto de una ca\u00edda, es trasladado al Hospital General Puyo, quedando a cargo del medico en turno.<\/p>\n<p><a href=\"https:\/\/bomberos.puyo.gob.ec\/2019\/wp-content\/uploads\/1626105477_388_EMERGENCIA-MEDICA.jpg\"><img decoding=\"async\" class=\"wp_automatic_fb_img\" title=\"\" src=\"https:\/\/bomberos.puyo.gob.ec\/2019\/wp-content\/uploads\/1626105477_388_EMERGENCIA-MEDICA.jpg\" \/><\/a><br \/>\n<br \/><a href=\"https:\/\/www.facebook.com\/465093860312824\/posts\/1969358059886389\">en facebook&#8230; <\/a>  <\/p>\n","protected":false},"excerpt":{"rendered":"<p>|EMERGENCIA M\u00c9DICA|<\/p>\n<p>Por llamado del #ECU911, la unidad A4 se dirigi\u00f3 al sector de la gasolinera Puyo, en el lugar se atiende a un paciente de nombre: A. H. de 18 a\u00f1os de edad, quien presenta una herida contusa en la regi\u00f3n supraciliar izquierda y en la regi\u00f3n temporal derecha, producto de una ca\u00edda, es trasladado al Hospital General Puyo, quedando a cargo del medico en turno.<\/p>\n<p><a href=\"https:\/\/scontent.fuio15-1.fna.fbcdn.net\/v\/t1.6435-9\/s720x720\/215812144_1969357933219735_5026035565086706643_n.jpg?_nc_cat=102&#038;ccb=1-3&#038;_nc_sid=8bfeb9&#038;_nc_eui2=AeF_h85SNDorKvDGAOCMP1bu5nFG8cQ19FfmcUbxxDX0V2JRnaYQ6LhmtS9edPFIfg7gj-oD25meK31ybh0haq7Y&#038;_nc_ohc=IJ_kBavRPHkAX8ITbcJ&#038;_nc_ht=scontent.fuio15-1.fna&#038;oh=02b322c4caeed04c9f25b7fdb6cde65d&#038;oe=60F0767E\"><img decoding=\"async\" class=\"wp_automatic_fb_img\" title=\"\" src=\"https:\/\/scontent.fuio15-1.fna.fbcdn.net\/v\/t1.6435-9\/s720x720\/215812144_1969357933219735_5026035565086706643_n.jpg?_nc_cat=102&#038;ccb=1-3&#038;_nc_sid=8bfeb9&#038;_nc_eui2=AeF_h85SNDorKvDGAOCMP1bu5nFG8cQ19FfmcUbxxDX0V2JRnaYQ6LhmtS9edPFIfg7gj-oD25meK31ybh0haq7Y&#038;_nc_ohc=IJ_kBavRPHkAX8ITbcJ&#038;_nc_ht=scontent.fuio15-1.fna&#038;oh=02b322c4caeed04c9f25b7fdb6cde65d&#038;oe=60F0767E\" \/><\/a><\/p>\n","protected":false},"author":1,"featured_media":2166,"comment_status":"open","ping_status":"open","sticky":false,"template":"","format":"standard","meta":[],"categories":[1],"tags":[182,251],"_links":{"self":[{"href":"https:\/\/bomberos.puyo.gob.ec\/2019\/wp-json\/wp\/v2\/posts\/2165"}],"collection":[{"href":"https:\/\/bomberos.puyo.gob.ec\/2019\/wp-json\/wp\/v2\/posts"}],"about":[{"href":"https:\/\/bomberos.puyo.gob.ec\/2019\/wp-json\/wp\/v2\/types\/post"}],"author":[{"embeddable":true,"href":"https:\/\/bomberos.puyo.gob.ec\/2019\/wp-json\/wp\/v2\/users\/1"}],"replies":[{"embeddable":true,"href":"https:\/\/bomberos.puyo.gob.ec\/2019\/wp-json\/wp\/v2\/comments?post=2165"}],"version-history":[{"count":1,"href":"https:\/\/bomberos.puyo.gob.ec\/2019\/wp-json\/wp\/v2\/posts\/2165\/revisions"}],"predecessor-version":[{"id":2167,"href":"https:\/\/bomberos.puyo.gob.ec\/2019\/wp-json\/wp\/v2\/posts\/2165\/revisions\/2167"}],"wp:featuredmedia":[{"embeddable":true,"href":"https:\/\/bomberos.puyo.gob.ec\/2019\/wp-json\/wp\/v2\/media\/2166"}],"wp:attachment":[{"href":"https:\/\/bomberos.puyo.gob.ec\/2019\/wp-json\/wp\/v2\/media?parent=2165"}],"wp:term":[{"taxonomy":"category","embeddable":true,"href":"https:\/\/bomberos.puyo.gob.ec\/2019\/wp-json\/wp\/v2\/categories?post=2165"},{"taxonomy":"post_tag","embeddable":true,"href":"https:\/\/bomberos.puyo.gob.ec\/2019\/wp-json\/wp\/v2\/tags?post=2165"}],"curies":[{"name":"wp","href":"https:\/\/api.w.org\/{rel}","templated":true}]}}