{"id":2150,"date":"2021-07-09T16:35:21","date_gmt":"2021-07-09T21:35:21","guid":{"rendered":"https:\/\/bomberos.puyo.gob.ec\/capacitaciones\/"},"modified":"2021-07-09T17:23:26","modified_gmt":"2021-07-09T22:23:26","slug":"capacitaciones","status":"publish","type":"post","link":"https:\/\/bomberos.puyo.gob.ec\/2019\/capacitaciones\/","title":{"rendered":"|CAPACITACIONES|&#8230;"},"content":{"rendered":"<p>|CAPACITACIONES|<\/p>\n<p>El dia hoy viernes 9 de julio del a\u00f1o en curso, nuestra instituci\u00f3n a trav\u00e9s de la primera autoridad y su equipo de trabajo asisten a una reuni\u00f3n en el Cuerpo de Bomberos de la ciudad de Riobamba, con  el objetivo de articular convenios en materia de capacitaci\u00f3nes entre los cuerpos de bomberos del pa\u00eds y la Academia de bomberos de Cali de nuestra hermana rep\u00fablica de Colombia.<\/p>\n<p><a href=\"https:\/\/bomberos.puyo.gob.ec\/2019\/wp-content\/uploads\/CAPACITACIONES.jpg\"><img decoding=\"async\" class=\"wp_automatic_fb_img\" title=\"\" src=\"https:\/\/bomberos.puyo.gob.ec\/2019\/wp-content\/uploads\/CAPACITACIONES.jpg\" \/><\/a><br \/><a href=\"https:\/\/bomberos.puyo.gob.ec\/2019\/wp-content\/uploads\/1625869404_164_CAPACITACIONES.jpg\"><img decoding=\"async\" class=\"wp_automatic_fb_img\" title=\"\" src=\"https:\/\/bomberos.puyo.gob.ec\/2019\/wp-content\/uploads\/1625869404_164_CAPACITACIONES.jpg\" \/><\/a><br \/><a href=\"https:\/\/bomberos.puyo.gob.ec\/2019\/wp-content\/uploads\/1625869404_595_CAPACITACIONES.jpg\"><img decoding=\"async\" class=\"wp_automatic_fb_img\" title=\"\" src=\"https:\/\/bomberos.puyo.gob.ec\/2019\/wp-content\/uploads\/1625869404_595_CAPACITACIONES.jpg\" \/><\/a><br \/>\n<br \/><a href=\"https:\/\/www.facebook.com\/465093860312824\/posts\/1966918120130383\">en facebook&#8230; <\/a>  <\/p>\n","protected":false},"excerpt":{"rendered":"<p>|CAPACITACIONES|<\/p>\n<p>El dia hoy viernes 9 de julio del a\u00f1o en curso, nuestra instituci\u00f3n a trav\u00e9s de la primera autoridad y su equipo de trabajo asisten a una reuni\u00f3n en el Cuerpo de Bomberos de la ciudad de Riobamba, con  el objetivo de articular convenios en materia de capacitaci\u00f3nes entre los cuerpos de bomberos del pa\u00eds y la Academia de bomberos de Cali de nuestra hermana rep\u00fablica de Colombia.<\/p>\n<p><a href=\"https:\/\/scontent.fuio15-1.fna.fbcdn.net\/v\/t1.6435-9\/212478102_1966918016797060_6892280766790508304_n.jpg?_nc_cat=109&#038;ccb=1-3&#038;_nc_sid=8bfeb9&#038;_nc_eui2=AeEGs0RQKF6yzWa2EcJTMZItwP4TRRXsSfDA_hNFFexJ8E6B4sCsaS2p6VH-o3CrVEvLFbQGZLZV3uoBUaMpiGLv&#038;_nc_ohc=EwxaaOaQRYQAX_HCfcf&#038;_nc_ht=scontent.fuio15-1.fna&#038;oh=4a3b307697c06243d1ae4f804d9d7dba&#038;oe=60ED5C63\"><img decoding=\"async\" class=\"wp_automatic_fb_img\" title=\"\" src=\"https:\/\/scontent.fuio15-1.fna.fbcdn.net\/v\/t1.6435-9\/212478102_1966918016797060_6892280766790508304_n.jpg?_nc_cat=109&#038;ccb=1-3&#038;_nc_sid=8bfeb9&#038;_nc_eui2=AeEGs0RQKF6yzWa2EcJTMZItwP4TRRXsSfDA_hNFFexJ8E6B4sCsaS2p6VH-o3CrVEvLFbQGZLZV3uoBUaMpiGLv&#038;_nc_ohc=EwxaaOaQRYQAX_HCfcf&#038;_nc_ht=scontent.fuio15-1.fna&#038;oh=4a3b307697c06243d1ae4f804d9d7dba&#038;oe=60ED5C63\" \/><\/a><br \/><a href=\"https:\/\/scontent.fuio15-1.fna.fbcdn.net\/v\/t1.6435-9\/212432393_1966918046797057_4130324436410095162_n.jpg?_nc_cat=105&#038;ccb=1-3&#038;_nc_sid=8bfeb9&#038;_nc_eui2=AeFuLqDid5n7hDTBkD7X9tcPodmwE_pS4zOh2bAT-lLjMwWGmCxUQCr9rwnRWWiKMd61BjfHKUtyKw8Mv2R417__&#038;_nc_ohc=0ZVqfCGPIA4AX8qK3T_&#038;_nc_oc=AQmnf6N8R9mmIKjBXccJRJuUQ3yUDnJ0ekMty72Diuis2jw_aQDy6TVfK3ZqZSHFjxc&#038;_nc_ht=scontent.fuio15-1.fna&#038;oh=9123e997f20c91ee7faa39bba528aabb&#038;oe=60ED0325\"><img decoding=\"async\" class=\"wp_automatic_fb_img\" title=\"\" src=\"https:\/\/scontent.fuio15-1.fna.fbcdn.net\/v\/t1.6435-9\/212432393_1966918046797057_4130324436410095162_n.jpg?_nc_cat=105&#038;ccb=1-3&#038;_nc_sid=8bfeb9&#038;_nc_eui2=AeFuLqDid5n7hDTBkD7X9tcPodmwE_pS4zOh2bAT-lLjMwWGmCxUQCr9rwnRWWiKMd61BjfHKUtyKw8Mv2R417__&#038;_nc_ohc=0ZVqfCGPIA4AX8qK3T_&#038;_nc_oc=AQmnf6N8R9mmIKjBXccJRJuUQ3yUDnJ0ekMty72Diuis2jw_aQDy6TVfK3ZqZSHFjxc&#038;_nc_ht=scontent.fuio15-1.fna&#038;oh=9123e997f20c91ee7faa39bba528aabb&#038;oe=60ED0325\" \/><\/a><br \/><a href=\"https:\/\/scontent.fuio15-1.fna.fbcdn.net\/v\/t1.6435-9\/211421575_1966918066797055_2852387624899312011_n.jpg?_nc_cat=108&#038;ccb=1-3&#038;_nc_sid=8bfeb9&#038;_nc_eui2=AeGlsJRKeLkzm4o4M57IhApZhKABivyZwnmEoAGK_JnCeaegSf_d7lOpQ73TRWqsxPcfN9uP6XWYz1NxGpCMEqRs&#038;_nc_ohc=wM5uxEtQBM0AX_xN1eM&#038;_nc_ht=scontent.fuio15-1.fna&#038;oh=87e0f284d0bfb277d22d1cd96cc558fb&#038;oe=60EEB342\"><img decoding=\"async\" class=\"wp_automatic_fb_img\" title=\"\" src=\"https:\/\/scontent.fuio15-1.fna.fbcdn.net\/v\/t1.6435-9\/211421575_1966918066797055_2852387624899312011_n.jpg?_nc_cat=108&#038;ccb=1-3&#038;_nc_sid=8bfeb9&#038;_nc_eui2=AeGlsJRKeLkzm4o4M57IhApZhKABivyZwnmEoAGK_JnCeaegSf_d7lOpQ73TRWqsxPcfN9uP6XWYz1NxGpCMEqRs&#038;_nc_ohc=wM5uxEtQBM0AX_xN1eM&#038;_nc_ht=scontent.fuio15-1.fna&#038;oh=87e0f284d0bfb277d22d1cd96cc558fb&#038;oe=60EEB342\" \/><\/a><\/p>\n","protected":false},"author":1,"featured_media":2151,"comment_status":"open","ping_status":"open","sticky":false,"template":"","format":"standard","meta":[],"categories":[1],"tags":[799],"_links":{"self":[{"href":"https:\/\/bomberos.puyo.gob.ec\/2019\/wp-json\/wp\/v2\/posts\/2150"}],"collection":[{"href":"https:\/\/bomberos.puyo.gob.ec\/2019\/wp-json\/wp\/v2\/posts"}],"about":[{"href":"https:\/\/bomberos.puyo.gob.ec\/2019\/wp-json\/wp\/v2\/types\/post"}],"author":[{"embeddable":true,"href":"https:\/\/bomberos.puyo.gob.ec\/2019\/wp-json\/wp\/v2\/users\/1"}],"replies":[{"embeddable":true,"href":"https:\/\/bomberos.puyo.gob.ec\/2019\/wp-json\/wp\/v2\/comments?post=2150"}],"version-history":[{"count":1,"href":"https:\/\/bomberos.puyo.gob.ec\/2019\/wp-json\/wp\/v2\/posts\/2150\/revisions"}],"predecessor-version":[{"id":2152,"href":"https:\/\/bomberos.puyo.gob.ec\/2019\/wp-json\/wp\/v2\/posts\/2150\/revisions\/2152"}],"wp:featuredmedia":[{"embeddable":true,"href":"https:\/\/bomberos.puyo.gob.ec\/2019\/wp-json\/wp\/v2\/media\/2151"}],"wp:attachment":[{"href":"https:\/\/bomberos.puyo.gob.ec\/2019\/wp-json\/wp\/v2\/media?parent=2150"}],"wp:term":[{"taxonomy":"category","embeddable":true,"href":"https:\/\/bomberos.puyo.gob.ec\/2019\/wp-json\/wp\/v2\/categories?post=2150"},{"taxonomy":"post_tag","embeddable":true,"href":"https:\/\/bomberos.puyo.gob.ec\/2019\/wp-json\/wp\/v2\/tags?post=2150"}],"curies":[{"name":"wp","href":"https:\/\/api.w.org\/{rel}","templated":true}]}}