{"id":2147,"date":"2021-07-08T08:50:53","date_gmt":"2021-07-08T13:50:53","guid":{"rendered":"https:\/\/bomberos.puyo.gob.ec\/rescate-de-fauna-silvestre\/"},"modified":"2021-07-08T09:16:36","modified_gmt":"2021-07-08T14:16:36","slug":"rescate-de-fauna-silvestre","status":"publish","type":"post","link":"https:\/\/bomberos.puyo.gob.ec\/2019\/rescate-de-fauna-silvestre\/","title":{"rendered":"RESCATE DE FAUNA SILVESTRE&#8230;"},"content":{"rendered":"<p>RESCATE DE FAUNA SILVESTRE<br \/>\nPor llamado del #ECU911, la unidad R3 se dirigi\u00f3 al barrio los \u00c1ngeles, en el lugar se toma contacto con la Sra. Y. B. A. C. la misma que informa sobre la existencia de un animal en el interior de su domicilio, al verificar se confirma que se trata de un OSO HORMIGUERO el mismo que al parecer fue atacado por los canes del vecindario y busco refugio en este lugar,. Posteriormente se procedi\u00f3 a capturarlo de manera segura para luego trasladarlo al Ministerio del Ambiente para el respectivo proceso de atenci\u00f3n veterinaria y luego su liberaci\u00f3n en su medio natural.<\/p>\n<p><a href=\"https:\/\/bomberos.puyo.gob.ec\/2019\/wp-content\/uploads\/RESCATE-DE-FAUNA-SILVESTRE.jpg\"><img decoding=\"async\" class=\"wp_automatic_fb_img\" title=\"\" src=\"https:\/\/bomberos.puyo.gob.ec\/2019\/wp-content\/uploads\/RESCATE-DE-FAUNA-SILVESTRE.jpg\" \/><\/a><br \/><a href=\"https:\/\/bomberos.puyo.gob.ec\/2019\/wp-content\/uploads\/1625753793_937_RESCATE-DE-FAUNA-SILVESTRE.jpg\"><img decoding=\"async\" class=\"wp_automatic_fb_img\" title=\"\" src=\"https:\/\/bomberos.puyo.gob.ec\/2019\/wp-content\/uploads\/1625753793_937_RESCATE-DE-FAUNA-SILVESTRE.jpg\" \/><\/a><br \/><a href=\"https:\/\/bomberos.puyo.gob.ec\/2019\/wp-content\/uploads\/1625753794_368_RESCATE-DE-FAUNA-SILVESTRE.jpg\"><img decoding=\"async\" class=\"wp_automatic_fb_img\" title=\"\" src=\"https:\/\/bomberos.puyo.gob.ec\/2019\/wp-content\/uploads\/1625753794_368_RESCATE-DE-FAUNA-SILVESTRE.jpg\" \/><\/a><br \/>\n<br \/><a href=\"https:\/\/www.facebook.com\/465093860312824\/posts\/1965885340233661\">en facebook&#8230; <\/a>  <\/p>\n","protected":false},"excerpt":{"rendered":"<p>RESCATE DE FAUNA SILVESTRE<br \/>\nPor llamado del #ECU911, la unidad R3 se dirigi\u00f3 al barrio los \u00c1ngeles, en el lugar se toma contacto con la Sra. Y. B. A. C. la misma que informa sobre la existencia de un animal en el interior de su domicilio, al verificar se confirma que se trata de un OSO HORMIGUERO el mismo que al parecer fue atacado por los canes del vecindario y busco refugio en este lugar,. Posteriormente se procedi\u00f3 a capturarlo de manera segura para luego trasladarlo al Ministerio del Ambiente para el respectivo proceso de atenci\u00f3n veterinaria y luego su liberaci\u00f3n en su medio natural.<\/p>\n<p><a href=\"https:\/\/scontent.fuio15-1.fna.fbcdn.net\/v\/t1.6435-9\/210835520_1965885246900337_7439821344580838884_n.jpg?_nc_cat=102&#038;ccb=1-3&#038;_nc_sid=8bfeb9&#038;_nc_eui2=AeHH6pz-5-s4lv9uUAXOs68kMpiNNDS_mZ8ymI00NL-Zn6qTTIZd_4F7JXIeWUd5P4QJMxcZPQ1W-jkgJ6mr13-G&#038;_nc_ohc=wrs5ZR9uoRMAX-kDGut&#038;_nc_ht=scontent.fuio15-1.fna&#038;oh=556c4e1825f77bdf3d5f85c7a56282b0&#038;oe=60EBC588\"><img decoding=\"async\" class=\"wp_automatic_fb_img\" title=\"\" src=\"https:\/\/scontent.fuio15-1.fna.fbcdn.net\/v\/t1.6435-9\/210835520_1965885246900337_7439821344580838884_n.jpg?_nc_cat=102&#038;ccb=1-3&#038;_nc_sid=8bfeb9&#038;_nc_eui2=AeHH6pz-5-s4lv9uUAXOs68kMpiNNDS_mZ8ymI00NL-Zn6qTTIZd_4F7JXIeWUd5P4QJMxcZPQ1W-jkgJ6mr13-G&#038;_nc_ohc=wrs5ZR9uoRMAX-kDGut&#038;_nc_ht=scontent.fuio15-1.fna&#038;oh=556c4e1825f77bdf3d5f85c7a56282b0&#038;oe=60EBC588\" \/><\/a><br \/><a href=\"https:\/\/scontent.fuio15-1.fna.fbcdn.net\/v\/t1.6435-9\/212511792_1965885263567002_5033771046112580337_n.jpg?_nc_cat=108&#038;ccb=1-3&#038;_nc_sid=8bfeb9&#038;_nc_eui2=AeE1t3FIW0NiHsZoZqU2bD_9PSbV2-ypSis9JtXb7KlKKyE9E-M3eggQDKwXh1gThV4M8W4LmiW5ze5irBm92_Fe&#038;_nc_ohc=L_Rqf03oOmEAX9a8QW5&#038;_nc_ht=scontent.fuio15-1.fna&#038;oh=6d87f0bdbb233d9936c27886b1476e75&#038;oe=60EB0BB6\"><img decoding=\"async\" class=\"wp_automatic_fb_img\" title=\"\" src=\"https:\/\/scontent.fuio15-1.fna.fbcdn.net\/v\/t1.6435-9\/212511792_1965885263567002_5033771046112580337_n.jpg?_nc_cat=108&#038;ccb=1-3&#038;_nc_sid=8bfeb9&#038;_nc_eui2=AeE1t3FIW0NiHsZoZqU2bD_9PSbV2-ypSis9JtXb7KlKKyE9E-M3eggQDKwXh1gThV4M8W4LmiW5ze5irBm92_Fe&#038;_nc_ohc=L_Rqf03oOmEAX9a8QW5&#038;_nc_ht=scontent.fuio15-1.fna&#038;oh=6d87f0bdbb233d9936c27886b1476e75&#038;oe=60EB0BB6\" \/><\/a><br \/><a href=\"https:\/\/scontent.fuio15-1.fna.fbcdn.net\/v\/t1.6435-9\/209955170_1965885270233668_4117415379505072632_n.jpg?_nc_cat=103&#038;ccb=1-3&#038;_nc_sid=8bfeb9&#038;_nc_eui2=AeHiGaZoUiyiaeNaDC8fO9vUVcCFb4esFOdVwIVvh6wU532RO_lzsNQa_7sQY78Nc2l_dp1mgzagBtVtTjrJn4Db&#038;_nc_ohc=ECZNTmQDCysAX8eg4rt&#038;_nc_oc=AQlfcJjPBTtNVW-hRSZkD3nwuKzbZrrGeCQIZbTGENoH0XwJl6dWFl68NBb0iRYavNU&#038;_nc_ht=scontent.fuio15-1.fna&#038;oh=98cfe988970860b34cace6de847bb816&#038;oe=60ECA1F7\"><img decoding=\"async\" class=\"wp_automatic_fb_img\" title=\"\" src=\"https:\/\/scontent.fuio15-1.fna.fbcdn.net\/v\/t1.6435-9\/209955170_1965885270233668_4117415379505072632_n.jpg?_nc_cat=103&#038;ccb=1-3&#038;_nc_sid=8bfeb9&#038;_nc_eui2=AeHiGaZoUiyiaeNaDC8fO9vUVcCFb4esFOdVwIVvh6wU532RO_lzsNQa_7sQY78Nc2l_dp1mgzagBtVtTjrJn4Db&#038;_nc_ohc=ECZNTmQDCysAX8eg4rt&#038;_nc_oc=AQlfcJjPBTtNVW-hRSZkD3nwuKzbZrrGeCQIZbTGENoH0XwJl6dWFl68NBb0iRYavNU&#038;_nc_ht=scontent.fuio15-1.fna&#038;oh=98cfe988970860b34cace6de847bb816&#038;oe=60ECA1F7\" \/><\/a><\/p>\n","protected":false},"author":1,"featured_media":2148,"comment_status":"open","ping_status":"open","sticky":false,"template":"","format":"standard","meta":[],"categories":[1],"tags":[798,183,630],"_links":{"self":[{"href":"https:\/\/bomberos.puyo.gob.ec\/2019\/wp-json\/wp\/v2\/posts\/2147"}],"collection":[{"href":"https:\/\/bomberos.puyo.gob.ec\/2019\/wp-json\/wp\/v2\/posts"}],"about":[{"href":"https:\/\/bomberos.puyo.gob.ec\/2019\/wp-json\/wp\/v2\/types\/post"}],"author":[{"embeddable":true,"href":"https:\/\/bomberos.puyo.gob.ec\/2019\/wp-json\/wp\/v2\/users\/1"}],"replies":[{"embeddable":true,"href":"https:\/\/bomberos.puyo.gob.ec\/2019\/wp-json\/wp\/v2\/comments?post=2147"}],"version-history":[{"count":1,"href":"https:\/\/bomberos.puyo.gob.ec\/2019\/wp-json\/wp\/v2\/posts\/2147\/revisions"}],"predecessor-version":[{"id":2149,"href":"https:\/\/bomberos.puyo.gob.ec\/2019\/wp-json\/wp\/v2\/posts\/2147\/revisions\/2149"}],"wp:featuredmedia":[{"embeddable":true,"href":"https:\/\/bomberos.puyo.gob.ec\/2019\/wp-json\/wp\/v2\/media\/2148"}],"wp:attachment":[{"href":"https:\/\/bomberos.puyo.gob.ec\/2019\/wp-json\/wp\/v2\/media?parent=2147"}],"wp:term":[{"taxonomy":"category","embeddable":true,"href":"https:\/\/bomberos.puyo.gob.ec\/2019\/wp-json\/wp\/v2\/categories?post=2147"},{"taxonomy":"post_tag","embeddable":true,"href":"https:\/\/bomberos.puyo.gob.ec\/2019\/wp-json\/wp\/v2\/tags?post=2147"}],"curies":[{"name":"wp","href":"https:\/\/api.w.org\/{rel}","templated":true}]}}