{"id":2139,"date":"2021-07-07T13:45:39","date_gmt":"2021-07-07T18:45:39","guid":{"rendered":"https:\/\/bomberos.puyo.gob.ec\/incendio-declarado-2\/"},"modified":"2021-07-07T13:52:51","modified_gmt":"2021-07-07T18:52:51","slug":"incendio-declarado-2","status":"publish","type":"post","link":"https:\/\/bomberos.puyo.gob.ec\/2019\/incendio-declarado-2\/","title":{"rendered":"|INCENDIO DECLARADO|&#8230;"},"content":{"rendered":"<p>|INCENDIO DECLARADO|<br \/>\nPor llamado del #ECU911, en horas de la noche del martes 06\/07\/2021 la unidad B3, C1 y C2 se dirigi\u00f3 a la Cdla. Santa Rosa v\u00eda a Shell, en el lugar se verifica un incendio declarado de una vivienda mixta de dos plantas ubicada en lo alto de una  ladera, inmediatamente se procedi\u00f3 a subir dos l\u00edneas de ataque con 4 tramos de manguera, iniciando el ataque con chorro directo, desde una distancia prudente por la radiaci\u00f3n del mismo, se realiza el trabajo por 3 horas seguidas utilizando 4 tanqueros de agua, logrando controlar y enfriar totalmente el incendio a las  04H17am.<br \/>\nSeg\u00fan declaraciones dadas por el propietario de la vivienda el Sr. A. R. C. R. de 68 a\u00f1os de edad, informa que se qued\u00f3 dormido y se olvid\u00f3 encendido en fog\u00f3n de le\u00f1a para el cual ten\u00eda acumulado una gran cantidad  de le\u00f1a en la parte baja de la vivienda lo que complico el control del fuego, nos retiramos del sitio dejando el mismo seguro a cargo del Sgto. de polic\u00eda Marlon Ushsa.<\/p>\n<p><a href=\"https:\/\/bomberos.puyo.gob.ec\/2019\/wp-content\/uploads\/1625683968_103_INCENDIO-DECLARADO.jpg\"><img decoding=\"async\" class=\"wp_automatic_fb_img\" title=\"\" src=\"https:\/\/bomberos.puyo.gob.ec\/2019\/wp-content\/uploads\/1625683968_103_INCENDIO-DECLARADO.jpg\" \/><\/a><br \/><a href=\"https:\/\/bomberos.puyo.gob.ec\/2019\/wp-content\/uploads\/1625683968_46_INCENDIO-DECLARADO.jpg\"><img decoding=\"async\" class=\"wp_automatic_fb_img\" title=\"\" src=\"https:\/\/bomberos.puyo.gob.ec\/2019\/wp-content\/uploads\/1625683968_46_INCENDIO-DECLARADO.jpg\" \/><\/a><br \/><a href=\"https:\/\/bomberos.puyo.gob.ec\/2019\/wp-content\/uploads\/1625683969_583_INCENDIO-DECLARADO.jpg\"><img decoding=\"async\" class=\"wp_automatic_fb_img\" title=\"\" src=\"https:\/\/bomberos.puyo.gob.ec\/2019\/wp-content\/uploads\/1625683969_583_INCENDIO-DECLARADO.jpg\" \/><\/a><br \/><a href=\"https:\/\/bomberos.puyo.gob.ec\/2019\/wp-content\/uploads\/1625683969_312_INCENDIO-DECLARADO.jpg\"><img decoding=\"async\" class=\"wp_automatic_fb_img\" title=\"\" src=\"https:\/\/bomberos.puyo.gob.ec\/2019\/wp-content\/uploads\/1625683969_312_INCENDIO-DECLARADO.jpg\" \/><\/a><br \/>\n<br \/><a href=\"https:\/\/www.facebook.com\/465093860312824\/posts\/1965294066959455\">en facebook&#8230; <\/a>  <\/p>\n","protected":false},"excerpt":{"rendered":"<p>|INCENDIO DECLARADO|<br \/>\nPor llamado del #ECU911, en horas de la noche del martes 06\/07\/2021 la unidad B3, C1 y C2 se dirigi\u00f3 a la Cdla. Santa Rosa v\u00eda a Shell, en el lugar se verifica un incendio declarado de una vivienda mixta de dos plantas ubicada en lo alto de una  ladera, inmediatamente se procedi\u00f3 a subir dos l\u00edneas de ataque con 4 tramos de manguera, iniciando el ataque con chorro directo, desde una distancia prudente por la radiaci\u00f3n del mismo, se realiza el trabajo por 3 horas seguidas utilizando 4 tanqueros de agua, logrando controlar y enfriar totalmente el incendio a las  04H17am.<br \/>\nSeg\u00fan declaraciones dadas por el propietario de la vivienda el Sr. A. R. C. R. de 68 a\u00f1os de edad, informa que se qued\u00f3 dormido y se olvid\u00f3 encendido en fog\u00f3n de le\u00f1a para el cual ten\u00eda acumulado una gran cantidad  de le\u00f1a en la parte baja de la vivienda lo que complico el control del fuego, nos retiramos del sitio dejando el mismo seguro a cargo del Sgto. de polic\u00eda Marlon Ushsa.<\/p>\n<p><a href=\"https:\/\/scontent.fuio15-1.fna.fbcdn.net\/v\/t1.6435-9\/210055224_1965293973626131_4034104682044532117_n.jpg?_nc_cat=109&#038;ccb=1-3&#038;_nc_sid=8bfeb9&#038;_nc_eui2=AeHAOz_ZAa0LiwMDomthF-vRB6hiaBUZ8WwHqGJoFRnxbHM4kujGZO3fCeg0lYFHbDF3znYeJlbTeO9HfdfaRrL1&#038;_nc_ohc=0GUmq0QhYEgAX-1M1zR&#038;_nc_ht=scontent.fuio15-1.fna&#038;oh=1c3572d1972d969b65e658a1c0f06f16&#038;oe=60EBA14F\"><img decoding=\"async\" class=\"wp_automatic_fb_img\" title=\"\" src=\"https:\/\/scontent.fuio15-1.fna.fbcdn.net\/v\/t1.6435-9\/210055224_1965293973626131_4034104682044532117_n.jpg?_nc_cat=109&#038;ccb=1-3&#038;_nc_sid=8bfeb9&#038;_nc_eui2=AeHAOz_ZAa0LiwMDomthF-vRB6hiaBUZ8WwHqGJoFRnxbHM4kujGZO3fCeg0lYFHbDF3znYeJlbTeO9HfdfaRrL1&#038;_nc_ohc=0GUmq0QhYEgAX-1M1zR&#038;_nc_ht=scontent.fuio15-1.fna&#038;oh=1c3572d1972d969b65e658a1c0f06f16&#038;oe=60EBA14F\" \/><\/a><br \/><a href=\"https:\/\/scontent.fuio15-1.fna.fbcdn.net\/v\/t1.6435-9\/209831085_1965293983626130_8388107123548913726_n.jpg?_nc_cat=105&#038;ccb=1-3&#038;_nc_sid=8bfeb9&#038;_nc_eui2=AeHOIAL4FDUkBHMQ7508vIANSSokW6XfJE9JKiRbpd8kT4UGjM9weaV37W1lRKBtMsII8FNK-_Kz4-Ze_tkOif4P&#038;_nc_ohc=myuRtFsnZtwAX8h9ZYm&#038;_nc_ht=scontent.fuio15-1.fna&#038;oh=41347945db2555ed05cf88e86300e44f&#038;oe=60EA4941\"><img decoding=\"async\" class=\"wp_automatic_fb_img\" title=\"\" src=\"https:\/\/scontent.fuio15-1.fna.fbcdn.net\/v\/t1.6435-9\/209831085_1965293983626130_8388107123548913726_n.jpg?_nc_cat=105&#038;ccb=1-3&#038;_nc_sid=8bfeb9&#038;_nc_eui2=AeHOIAL4FDUkBHMQ7508vIANSSokW6XfJE9JKiRbpd8kT4UGjM9weaV37W1lRKBtMsII8FNK-_Kz4-Ze_tkOif4P&#038;_nc_ohc=myuRtFsnZtwAX8h9ZYm&#038;_nc_ht=scontent.fuio15-1.fna&#038;oh=41347945db2555ed05cf88e86300e44f&#038;oe=60EA4941\" \/><\/a><br \/><a href=\"https:\/\/scontent.fuio15-1.fna.fbcdn.net\/v\/t1.6435-9\/213949379_1965293980292797_1310605602214640396_n.jpg?_nc_cat=110&#038;ccb=1-3&#038;_nc_sid=8bfeb9&#038;_nc_eui2=AeFNFmfA2X-6jU0cwE2--GtSGO5o9l4AHUcY7mj2XgAdR-IHePk5n3f2HouVIdUA-Wga7yF26LfNgPWRaWBj2OcA&#038;_nc_ohc=yE1vzvVbp8YAX_z1AeJ&#038;_nc_ht=scontent.fuio15-1.fna&#038;oh=1879c1ea1ca66168c03d1748befc88d0&#038;oe=60EB59E2\"><img decoding=\"async\" class=\"wp_automatic_fb_img\" title=\"\" src=\"https:\/\/scontent.fuio15-1.fna.fbcdn.net\/v\/t1.6435-9\/213949379_1965293980292797_1310605602214640396_n.jpg?_nc_cat=110&#038;ccb=1-3&#038;_nc_sid=8bfeb9&#038;_nc_eui2=AeFNFmfA2X-6jU0cwE2--GtSGO5o9l4AHUcY7mj2XgAdR-IHePk5n3f2HouVIdUA-Wga7yF26LfNgPWRaWBj2OcA&#038;_nc_ohc=yE1vzvVbp8YAX_z1AeJ&#038;_nc_ht=scontent.fuio15-1.fna&#038;oh=1879c1ea1ca66168c03d1748befc88d0&#038;oe=60EB59E2\" \/><\/a><br \/><a href=\"https:\/\/scontent.fuio15-1.fna.fbcdn.net\/v\/t1.6435-9\/210929499_1965294000292795_3619962510340549301_n.jpg?_nc_cat=102&#038;ccb=1-3&#038;_nc_sid=8bfeb9&#038;_nc_eui2=AeFruVSx0MmaIC1WUJLpFnlhaUsbfs6NgolpSxt-zo2CidueQki-wEPIaJrN7snd2LOK1a_VkxokgB2fp6UL5AKM&#038;_nc_ohc=n8SScX6Dx1sAX8YBXWU&#038;_nc_ht=scontent.fuio15-1.fna&#038;oh=e9d2e0ba762418c534951eab5610ecb3&#038;oe=60EB75C3\"><img decoding=\"async\" class=\"wp_automatic_fb_img\" title=\"\" src=\"https:\/\/scontent.fuio15-1.fna.fbcdn.net\/v\/t1.6435-9\/210929499_1965294000292795_3619962510340549301_n.jpg?_nc_cat=102&#038;ccb=1-3&#038;_nc_sid=8bfeb9&#038;_nc_eui2=AeFruVSx0MmaIC1WUJLpFnlhaUsbfs6NgolpSxt-zo2CidueQki-wEPIaJrN7snd2LOK1a_VkxokgB2fp6UL5AKM&#038;_nc_ohc=n8SScX6Dx1sAX8YBXWU&#038;_nc_ht=scontent.fuio15-1.fna&#038;oh=e9d2e0ba762418c534951eab5610ecb3&#038;oe=60EB75C3\" \/><\/a><\/p>\n","protected":false},"author":1,"featured_media":2140,"comment_status":"open","ping_status":"open","sticky":false,"template":"","format":"standard","meta":[],"categories":[1],"tags":[737,46],"_links":{"self":[{"href":"https:\/\/bomberos.puyo.gob.ec\/2019\/wp-json\/wp\/v2\/posts\/2139"}],"collection":[{"href":"https:\/\/bomberos.puyo.gob.ec\/2019\/wp-json\/wp\/v2\/posts"}],"about":[{"href":"https:\/\/bomberos.puyo.gob.ec\/2019\/wp-json\/wp\/v2\/types\/post"}],"author":[{"embeddable":true,"href":"https:\/\/bomberos.puyo.gob.ec\/2019\/wp-json\/wp\/v2\/users\/1"}],"replies":[{"embeddable":true,"href":"https:\/\/bomberos.puyo.gob.ec\/2019\/wp-json\/wp\/v2\/comments?post=2139"}],"version-history":[{"count":1,"href":"https:\/\/bomberos.puyo.gob.ec\/2019\/wp-json\/wp\/v2\/posts\/2139\/revisions"}],"predecessor-version":[{"id":2141,"href":"https:\/\/bomberos.puyo.gob.ec\/2019\/wp-json\/wp\/v2\/posts\/2139\/revisions\/2141"}],"wp:featuredmedia":[{"embeddable":true,"href":"https:\/\/bomberos.puyo.gob.ec\/2019\/wp-json\/wp\/v2\/media\/2140"}],"wp:attachment":[{"href":"https:\/\/bomberos.puyo.gob.ec\/2019\/wp-json\/wp\/v2\/media?parent=2139"}],"wp:term":[{"taxonomy":"category","embeddable":true,"href":"https:\/\/bomberos.puyo.gob.ec\/2019\/wp-json\/wp\/v2\/categories?post=2139"},{"taxonomy":"post_tag","embeddable":true,"href":"https:\/\/bomberos.puyo.gob.ec\/2019\/wp-json\/wp\/v2\/tags?post=2139"}],"curies":[{"name":"wp","href":"https:\/\/api.w.org\/{rel}","templated":true}]}}