{"id":2115,"date":"2021-07-01T21:30:47","date_gmt":"2021-07-02T02:30:47","guid":{"rendered":"https:\/\/bomberos.puyo.gob.ec\/capacitacion-3\/"},"modified":"2021-07-01T21:42:33","modified_gmt":"2021-07-02T02:42:33","slug":"capacitacion-3","status":"publish","type":"post","link":"https:\/\/bomberos.puyo.gob.ec\/2019\/capacitacion-3\/","title":{"rendered":"|CAPACITACI\u00d3N|&#8230;"},"content":{"rendered":"<p>|CAPACITACI\u00d3N|<\/p>\n<p>El curso de aguas r\u00e1pidas contin\u00faa con su desarrollo en busca de cumplir con los objetivos propuestos para el mismo.<br \/>\nAyer culmin\u00f3 la primera etapa donde los instructores capacitaron y fortalecieron en el tema: Rescate Acu\u00e1tico, mismo que en lo posterior les ayudar\u00e1 a responder de mejor manera en la siguiente etapa.<\/p>\n<p>ABNEGACI\u00d3N Y DISCIPLINA<\/p>\n<p><a href=\"https:\/\/bomberos.puyo.gob.ec\/2019\/wp-content\/uploads\/1625193751_434_CAPACITACION.jpg\"><img decoding=\"async\" class=\"wp_automatic_fb_img\" title=\"\" src=\"https:\/\/bomberos.puyo.gob.ec\/2019\/wp-content\/uploads\/1625193751_434_CAPACITACION.jpg\" \/><\/a><br \/><a href=\"https:\/\/bomberos.puyo.gob.ec\/2019\/wp-content\/uploads\/1625193751_718_CAPACITACION.jpg\"><img decoding=\"async\" class=\"wp_automatic_fb_img\" title=\"\" src=\"https:\/\/bomberos.puyo.gob.ec\/2019\/wp-content\/uploads\/1625193751_718_CAPACITACION.jpg\" \/><\/a><br \/><a href=\"https:\/\/bomberos.puyo.gob.ec\/2019\/wp-content\/uploads\/1625193752_38_CAPACITACION.jpg\"><img decoding=\"async\" class=\"wp_automatic_fb_img\" title=\"\" src=\"https:\/\/bomberos.puyo.gob.ec\/2019\/wp-content\/uploads\/1625193752_38_CAPACITACION.jpg\" \/><\/a><br \/><a href=\"https:\/\/bomberos.puyo.gob.ec\/2019\/wp-content\/uploads\/1625193752_101_CAPACITACION.jpg\"><img decoding=\"async\" class=\"wp_automatic_fb_img\" title=\"\" src=\"https:\/\/bomberos.puyo.gob.ec\/2019\/wp-content\/uploads\/1625193752_101_CAPACITACION.jpg\" \/><\/a><br \/>\n<br \/><a href=\"https:\/\/www.facebook.com\/465093860312824\/posts\/1960888570733338\">en facebook&#8230; <\/a>  <\/p>\n","protected":false},"excerpt":{"rendered":"<p>|CAPACITACI\u00d3N|<\/p>\n<p>El curso de aguas r\u00e1pidas contin\u00faa con su desarrollo en busca de cumplir con los objetivos propuestos para el mismo.<br \/>\nAyer culmin\u00f3 la primera etapa donde los instructores capacitaron y fortalecieron en el tema: Rescate Acu\u00e1tico, mismo que en lo posterior les ayudar\u00e1 a responder de mejor manera en la siguiente etapa.<\/p>\n<p>ABNEGACI\u00d3N Y DISCIPLINA<\/p>\n<p><a href=\"https:\/\/scontent.fuio15-1.fna.fbcdn.net\/v\/t1.6435-9\/205312430_1960888480733347_5808679200247335436_n.jpg?_nc_cat=109&#038;ccb=1-3&#038;_nc_sid=8bfeb9&#038;_nc_eui2=AeHpxKjoygJ0svSqtAxEtWGFo9BaZyUpvwOj0FpnJSm_A8bnh7d_KfMp61NJCMPwaOwhheaWE9QtOULjzOIdAgBW&#038;_nc_ohc=FmUNylnJoMQAX_B8Aml&#038;_nc_ht=scontent.fuio15-1.fna&#038;oh=01b04a7cdb4246feb3530c65f19d13e4&#038;oe=60E45BAF\"><img decoding=\"async\" class=\"wp_automatic_fb_img\" title=\"\" src=\"https:\/\/scontent.fuio15-1.fna.fbcdn.net\/v\/t1.6435-9\/205312430_1960888480733347_5808679200247335436_n.jpg?_nc_cat=109&#038;ccb=1-3&#038;_nc_sid=8bfeb9&#038;_nc_eui2=AeHpxKjoygJ0svSqtAxEtWGFo9BaZyUpvwOj0FpnJSm_A8bnh7d_KfMp61NJCMPwaOwhheaWE9QtOULjzOIdAgBW&#038;_nc_ohc=FmUNylnJoMQAX_B8Aml&#038;_nc_ht=scontent.fuio15-1.fna&#038;oh=01b04a7cdb4246feb3530c65f19d13e4&#038;oe=60E45BAF\" \/><\/a><br \/><a href=\"https:\/\/scontent.fuio15-1.fna.fbcdn.net\/v\/t1.6435-9\/205892661_1960888500733345_4629484754858226551_n.jpg?_nc_cat=101&#038;ccb=1-3&#038;_nc_sid=8bfeb9&#038;_nc_eui2=AeHXCdr7Jxk7Ef8CzajwTLjCgErbaD1KsCiASttoPUqwKC0q4ZjtGCDQkoqzF9puwKAM1Vu53JGu-fgsxH45sqXq&#038;_nc_ohc=U-lQrwZv56MAX-NEBHb&#038;_nc_ht=scontent.fuio15-1.fna&#038;oh=c80aa7787e72760ab55f7503ed23b5ae&#038;oe=60E39111\"><img decoding=\"async\" class=\"wp_automatic_fb_img\" title=\"\" src=\"https:\/\/scontent.fuio15-1.fna.fbcdn.net\/v\/t1.6435-9\/205892661_1960888500733345_4629484754858226551_n.jpg?_nc_cat=101&#038;ccb=1-3&#038;_nc_sid=8bfeb9&#038;_nc_eui2=AeHXCdr7Jxk7Ef8CzajwTLjCgErbaD1KsCiASttoPUqwKC0q4ZjtGCDQkoqzF9puwKAM1Vu53JGu-fgsxH45sqXq&#038;_nc_ohc=U-lQrwZv56MAX-NEBHb&#038;_nc_ht=scontent.fuio15-1.fna&#038;oh=c80aa7787e72760ab55f7503ed23b5ae&#038;oe=60E39111\" \/><\/a><br \/><a href=\"https:\/\/scontent.fuio15-1.fna.fbcdn.net\/v\/t1.6435-9\/206039440_1960888504066678_952121797622228672_n.jpg?_nc_cat=103&#038;ccb=1-3&#038;_nc_sid=8bfeb9&#038;_nc_eui2=AeGnsKOi63YjdVibCW_DG8vdLFus3YUgynAsW6zdhSDKcKQ4vMkMRsPdjVz4EaAxBBPuD9B6vUEAOXThQO3wXgVV&#038;_nc_ohc=d13iHjLXqycAX-I6hMF&#038;_nc_ht=scontent.fuio15-1.fna&#038;oh=af75cc87d96502c43bb2d567e5dcb9c8&#038;oe=60E2EA06\"><img decoding=\"async\" class=\"wp_automatic_fb_img\" title=\"\" src=\"https:\/\/scontent.fuio15-1.fna.fbcdn.net\/v\/t1.6435-9\/206039440_1960888504066678_952121797622228672_n.jpg?_nc_cat=103&#038;ccb=1-3&#038;_nc_sid=8bfeb9&#038;_nc_eui2=AeGnsKOi63YjdVibCW_DG8vdLFus3YUgynAsW6zdhSDKcKQ4vMkMRsPdjVz4EaAxBBPuD9B6vUEAOXThQO3wXgVV&#038;_nc_ohc=d13iHjLXqycAX-I6hMF&#038;_nc_ht=scontent.fuio15-1.fna&#038;oh=af75cc87d96502c43bb2d567e5dcb9c8&#038;oe=60E2EA06\" \/><\/a><br \/><a href=\"https:\/\/scontent.fuio15-1.fna.fbcdn.net\/v\/t1.6435-9\/205535086_1960888497400012_4373430811971620244_n.jpg?_nc_cat=109&#038;ccb=1-3&#038;_nc_sid=8bfeb9&#038;_nc_eui2=AeG6SeGduCmiHqV4trpzd6pDZLyOHQr2pqVkvI4dCvampSZm5x8Zz6XNpNyjVeh6BAwfLydQ4m9e5xtliMyLqe-n&#038;_nc_ohc=ziJdGGm9ACgAX-E-UK_&#038;_nc_ht=scontent.fuio15-1.fna&#038;oh=ef3ce9d8dd3fa979f2a9f6a9ae85e01c&#038;oe=60E42C4A\"><img decoding=\"async\" class=\"wp_automatic_fb_img\" title=\"\" src=\"https:\/\/scontent.fuio15-1.fna.fbcdn.net\/v\/t1.6435-9\/205535086_1960888497400012_4373430811971620244_n.jpg?_nc_cat=109&#038;ccb=1-3&#038;_nc_sid=8bfeb9&#038;_nc_eui2=AeG6SeGduCmiHqV4trpzd6pDZLyOHQr2pqVkvI4dCvampSZm5x8Zz6XNpNyjVeh6BAwfLydQ4m9e5xtliMyLqe-n&#038;_nc_ohc=ziJdGGm9ACgAX-E-UK_&#038;_nc_ht=scontent.fuio15-1.fna&#038;oh=ef3ce9d8dd3fa979f2a9f6a9ae85e01c&#038;oe=60E42C4A\" \/><\/a><\/p>\n","protected":false},"author":1,"featured_media":2116,"comment_status":"open","ping_status":"open","sticky":false,"template":"","format":"standard","meta":[],"categories":[1],"tags":[65],"_links":{"self":[{"href":"https:\/\/bomberos.puyo.gob.ec\/2019\/wp-json\/wp\/v2\/posts\/2115"}],"collection":[{"href":"https:\/\/bomberos.puyo.gob.ec\/2019\/wp-json\/wp\/v2\/posts"}],"about":[{"href":"https:\/\/bomberos.puyo.gob.ec\/2019\/wp-json\/wp\/v2\/types\/post"}],"author":[{"embeddable":true,"href":"https:\/\/bomberos.puyo.gob.ec\/2019\/wp-json\/wp\/v2\/users\/1"}],"replies":[{"embeddable":true,"href":"https:\/\/bomberos.puyo.gob.ec\/2019\/wp-json\/wp\/v2\/comments?post=2115"}],"version-history":[{"count":1,"href":"https:\/\/bomberos.puyo.gob.ec\/2019\/wp-json\/wp\/v2\/posts\/2115\/revisions"}],"predecessor-version":[{"id":2117,"href":"https:\/\/bomberos.puyo.gob.ec\/2019\/wp-json\/wp\/v2\/posts\/2115\/revisions\/2117"}],"wp:featuredmedia":[{"embeddable":true,"href":"https:\/\/bomberos.puyo.gob.ec\/2019\/wp-json\/wp\/v2\/media\/2116"}],"wp:attachment":[{"href":"https:\/\/bomberos.puyo.gob.ec\/2019\/wp-json\/wp\/v2\/media?parent=2115"}],"wp:term":[{"taxonomy":"category","embeddable":true,"href":"https:\/\/bomberos.puyo.gob.ec\/2019\/wp-json\/wp\/v2\/categories?post=2115"},{"taxonomy":"post_tag","embeddable":true,"href":"https:\/\/bomberos.puyo.gob.ec\/2019\/wp-json\/wp\/v2\/tags?post=2115"}],"curies":[{"name":"wp","href":"https:\/\/api.w.org\/{rel}","templated":true}]}}