{"id":2091,"date":"2021-06-26T22:43:03","date_gmt":"2021-06-27T03:43:03","guid":{"rendered":"https:\/\/bomberos.puyo.gob.ec\/emergencia-medica-13\/"},"modified":"2021-06-26T23:45:22","modified_gmt":"2021-06-27T04:45:22","slug":"emergencia-medica-13","status":"publish","type":"post","link":"https:\/\/bomberos.puyo.gob.ec\/2019\/emergencia-medica-13\/","title":{"rendered":"|EMERGENCIA M\u00c9DICA|&#8230;"},"content":{"rendered":"<p>|EMERGENCIA M\u00c9DICA|<\/p>\n<p>Por llamado del #ECU911, la unidad A5 se dirigi\u00f3 a la Parroquia Veracruz v\u00eda al dique, en el lugar se atiende a un paciente de nombre: P. M. L. B. de 36 a\u00f1os de edad, mismo que presenta traumatismo del maxilar superior m\u00e1s una herida cortante en el labio inferior producto de un accidente de tr\u00e1nsito en su motocicleta, es atendido en la unidad, posteriormente se lo traslada al Hospital General Puyo.<\/p>\n<p><a href=\"https:\/\/bomberos.puyo.gob.ec\/2019\/wp-content\/uploads\/1624769121_168_EMERGENCIA-MEDICA.jpg\"><img decoding=\"async\" class=\"wp_automatic_fb_img\" title=\"\" src=\"https:\/\/bomberos.puyo.gob.ec\/2019\/wp-content\/uploads\/1624769121_168_EMERGENCIA-MEDICA.jpg\" \/><\/a><br \/>\n<br \/><a href=\"https:\/\/www.facebook.com\/465093860312824\/posts\/1957116634443865\">en facebook&#8230; <\/a>  <\/p>\n","protected":false},"excerpt":{"rendered":"<p>|EMERGENCIA M\u00c9DICA|<\/p>\n<p>Por llamado del #ECU911, la unidad A5 se dirigi\u00f3 a la Parroquia Veracruz v\u00eda al dique, en el lugar se atiende a un paciente de nombre: P. M. L. B. de 36 a\u00f1os de edad, mismo que presenta traumatismo del maxilar superior m\u00e1s una herida cortante en el labio inferior producto de un accidente de tr\u00e1nsito en su motocicleta, es atendido en la unidad, posteriormente se lo traslada al Hospital General Puyo.<\/p>\n<p><a href=\"https:\/\/scontent.fuio15-1.fna.fbcdn.net\/v\/t1.6435-0\/s640x640\/208293860_1957116607777201_1616278405062073443_n.jpg?_nc_cat=104&#038;ccb=1-3&#038;_nc_sid=8bfeb9&#038;_nc_eui2=AeHf3YAG9_bCEsKwxjkqL9NkIZzXetIhtk0hnNd60iG2TSjSUj-z41xlptU3ZvyslMF2AqgIp6aLi6Y5BAhAEe_E&#038;_nc_ohc=HuU2uXKAYmEAX8Swbri&#038;_nc_oc=AQl8nfYkbMxHTruMoCpvHC0WBlyJlP7FRTZMUzZoBh6TsBPH076WNNUZnyigNDE4_OU&#038;_nc_ht=scontent.fuio15-1.fna&#038;tp=7&#038;oh=c25b65bd8a14c16006988daff9e3c84e&#038;oe=60DC689D\"><img decoding=\"async\" class=\"wp_automatic_fb_img\" title=\"\" src=\"https:\/\/scontent.fuio15-1.fna.fbcdn.net\/v\/t1.6435-0\/s640x640\/208293860_1957116607777201_1616278405062073443_n.jpg?_nc_cat=104&#038;ccb=1-3&#038;_nc_sid=8bfeb9&#038;_nc_eui2=AeHf3YAG9_bCEsKwxjkqL9NkIZzXetIhtk0hnNd60iG2TSjSUj-z41xlptU3ZvyslMF2AqgIp6aLi6Y5BAhAEe_E&#038;_nc_ohc=HuU2uXKAYmEAX8Swbri&#038;_nc_oc=AQl8nfYkbMxHTruMoCpvHC0WBlyJlP7FRTZMUzZoBh6TsBPH076WNNUZnyigNDE4_OU&#038;_nc_ht=scontent.fuio15-1.fna&#038;tp=7&#038;oh=c25b65bd8a14c16006988daff9e3c84e&#038;oe=60DC689D\" \/><\/a><\/p>\n","protected":false},"author":1,"featured_media":2092,"comment_status":"open","ping_status":"open","sticky":false,"template":"","format":"standard","meta":[],"categories":[1],"tags":[182,251],"_links":{"self":[{"href":"https:\/\/bomberos.puyo.gob.ec\/2019\/wp-json\/wp\/v2\/posts\/2091"}],"collection":[{"href":"https:\/\/bomberos.puyo.gob.ec\/2019\/wp-json\/wp\/v2\/posts"}],"about":[{"href":"https:\/\/bomberos.puyo.gob.ec\/2019\/wp-json\/wp\/v2\/types\/post"}],"author":[{"embeddable":true,"href":"https:\/\/bomberos.puyo.gob.ec\/2019\/wp-json\/wp\/v2\/users\/1"}],"replies":[{"embeddable":true,"href":"https:\/\/bomberos.puyo.gob.ec\/2019\/wp-json\/wp\/v2\/comments?post=2091"}],"version-history":[{"count":1,"href":"https:\/\/bomberos.puyo.gob.ec\/2019\/wp-json\/wp\/v2\/posts\/2091\/revisions"}],"predecessor-version":[{"id":2093,"href":"https:\/\/bomberos.puyo.gob.ec\/2019\/wp-json\/wp\/v2\/posts\/2091\/revisions\/2093"}],"wp:featuredmedia":[{"embeddable":true,"href":"https:\/\/bomberos.puyo.gob.ec\/2019\/wp-json\/wp\/v2\/media\/2092"}],"wp:attachment":[{"href":"https:\/\/bomberos.puyo.gob.ec\/2019\/wp-json\/wp\/v2\/media?parent=2091"}],"wp:term":[{"taxonomy":"category","embeddable":true,"href":"https:\/\/bomberos.puyo.gob.ec\/2019\/wp-json\/wp\/v2\/categories?post=2091"},{"taxonomy":"post_tag","embeddable":true,"href":"https:\/\/bomberos.puyo.gob.ec\/2019\/wp-json\/wp\/v2\/tags?post=2091"}],"curies":[{"name":"wp","href":"https:\/\/api.w.org\/{rel}","templated":true}]}}