{"id":2073,"date":"2021-06-23T07:59:47","date_gmt":"2021-06-23T12:59:47","guid":{"rendered":"https:\/\/bomberos.puyo.gob.ec\/emergencia-medica-por-llamado-del-ecu911-la-unidad-a4-se-dirigio-a-la-par\/"},"modified":"2021-06-23T08:52:54","modified_gmt":"2021-06-23T13:52:54","slug":"emergencia-medica-por-llamado-del-ecu911-la-unidad-a4-se-dirigio-a-la-par","status":"publish","type":"post","link":"https:\/\/bomberos.puyo.gob.ec\/2019\/emergencia-medica-por-llamado-del-ecu911-la-unidad-a4-se-dirigio-a-la-par\/","title":{"rendered":"|EMERGENCIA M\u00c9DICA|\n Por llamado del #ECU911, la unidad A4 se dirigi\u00f3 a la Par&#8230;"},"content":{"rendered":"<div><span><\/p>\n<p>|EMERGENCIA M\u00c9DICA|<\/p>\n<p> Por llamado del <a class=\"_5ayv _qdx\" href=\"https:\/\/facebook.com\/hashtag\/ecu911?__tn__=%2As-R\"><span class=\"_5aw4 _qdz\">#ECU911<\/span><\/a>, la unidad A4 se dirigi\u00f3 a la Parroquia Tarqui, en el lugar se atiende a una paciente de nombre: V. V. N. de 37 a\u00f1os de edad, quien presenta una IVU (infecci\u00f3n de v\u00edas urinarias) es trasladada al Hospital General Puyo donde la recibe el m\u00e9dico en turno.<\/p>\n<p><\/span><\/div>\n<p><a href=\"https:\/\/facebook.com\/story.php?story_fbid=1954135164742012&amp;id=465093860312824&amp;__tn__=%2As%2As-R\" aria-label=\"Abrir historia\" class=\"_5msj\"><\/a><\/p>\n<p><a href=\"https:\/\/bomberos.puyo.gob.ec\/2019\/wp-content\/uploads\/1624456372_940_EMERGENCIA-MEDICA-Por-llamado-del-ECU911-la-unidad-A4-se.jpg\"><img decoding=\"async\" class=\"wp_automatic_fb_img\" title=\"\" src=\"https:\/\/bomberos.puyo.gob.ec\/2019\/wp-content\/uploads\/1624456372_940_EMERGENCIA-MEDICA-Por-llamado-del-ECU911-la-unidad-A4-se.jpg\" \/><\/a><br \/>\n<br \/><a href=\"https:\/\/www.facebook.com\/465093860312824\/posts\/1954135164742012\">en facebook&#8230; <\/a>  <\/p>\n","protected":false},"excerpt":{"rendered":"<div><span><\/p>\n<p>|EMERGENCIA M\u00c9DICA|<\/p>\n<p> Por llamado del <a class=\"_5ayv _qdx\" href=\"https:\/\/facebook.com\/hashtag\/ecu911?__tn__=%2As-R\"><span class=\"_5aw4 _qdz\">#ECU911<\/span><\/a>, la unidad A4 se dirigi\u00f3 a la Parroquia Tarqui, en el lugar se atiende a una paciente de nombre: V. V. N. de 37 a\u00f1os de edad, quien presenta una IVU (infecci\u00f3n de v\u00edas urinarias) es trasladada al Hospital General Puyo donde la recibe el m\u00e9dico en turno.<\/p>\n<p><\/span><\/div>\n<p><a href=\"https:\/\/facebook.com\/story.php?story_fbid=1954135164742012&amp;id=465093860312824&amp;__tn__=%2As%2As-R\" aria-label=\"Abrir historia\" class=\"_5msj\"><\/a><\/p>\n<p><a href=\"https:\/\/scontent.fuio15-1.fna.fbcdn.net\/v\/t1.6435-0\/s600x600\/201559164_1954135131408682_1569677870573240745_n.jpg?_nc_cat=109&#038;ccb=1-3&#038;_nc_sid=8bfeb9&#038;_nc_eui2=AeG0r71FiowqR34EQ4j3D67GvgJMqdKILEW-Akyp0ogsRbx1xROYnkPPmtdpyT43rolsq-9E7UsLDd1zoAC7CE4j&#038;_nc_ohc=glbNraGebLoAX8MmUUa&#038;_nc_oc=AQkgeYlnaoVAIPqRTenFAnmjQb_wkm3_exNOpAdduWQ8IVXGSds5uDwsEPhGoIxpTDY&#038;_nc_ht=scontent.fuio15-1.fna&#038;tp=7&#038;oh=45bc90ecf4be9ed7a2d98fdc2774b726&#038;oe=60D925EA\"><img decoding=\"async\" class=\"wp_automatic_fb_img\" title=\"\" src=\"https:\/\/scontent.fuio15-1.fna.fbcdn.net\/v\/t1.6435-0\/s600x600\/201559164_1954135131408682_1569677870573240745_n.jpg?_nc_cat=109&#038;ccb=1-3&#038;_nc_sid=8bfeb9&#038;_nc_eui2=AeG0r71FiowqR34EQ4j3D67GvgJMqdKILEW-Akyp0ogsRbx1xROYnkPPmtdpyT43rolsq-9E7UsLDd1zoAC7CE4j&#038;_nc_ohc=glbNraGebLoAX8MmUUa&#038;_nc_oc=AQkgeYlnaoVAIPqRTenFAnmjQb_wkm3_exNOpAdduWQ8IVXGSds5uDwsEPhGoIxpTDY&#038;_nc_ht=scontent.fuio15-1.fna&#038;tp=7&#038;oh=45bc90ecf4be9ed7a2d98fdc2774b726&#038;oe=60D925EA\" \/><\/a><\/p>\n","protected":false},"author":1,"featured_media":2074,"comment_status":"open","ping_status":"open","sticky":false,"template":"","format":"standard","meta":[],"categories":[1],"tags":[32,722,69,182,31,251,165,30,41],"_links":{"self":[{"href":"https:\/\/bomberos.puyo.gob.ec\/2019\/wp-json\/wp\/v2\/posts\/2073"}],"collection":[{"href":"https:\/\/bomberos.puyo.gob.ec\/2019\/wp-json\/wp\/v2\/posts"}],"about":[{"href":"https:\/\/bomberos.puyo.gob.ec\/2019\/wp-json\/wp\/v2\/types\/post"}],"author":[{"embeddable":true,"href":"https:\/\/bomberos.puyo.gob.ec\/2019\/wp-json\/wp\/v2\/users\/1"}],"replies":[{"embeddable":true,"href":"https:\/\/bomberos.puyo.gob.ec\/2019\/wp-json\/wp\/v2\/comments?post=2073"}],"version-history":[{"count":1,"href":"https:\/\/bomberos.puyo.gob.ec\/2019\/wp-json\/wp\/v2\/posts\/2073\/revisions"}],"predecessor-version":[{"id":2075,"href":"https:\/\/bomberos.puyo.gob.ec\/2019\/wp-json\/wp\/v2\/posts\/2073\/revisions\/2075"}],"wp:featuredmedia":[{"embeddable":true,"href":"https:\/\/bomberos.puyo.gob.ec\/2019\/wp-json\/wp\/v2\/media\/2074"}],"wp:attachment":[{"href":"https:\/\/bomberos.puyo.gob.ec\/2019\/wp-json\/wp\/v2\/media?parent=2073"}],"wp:term":[{"taxonomy":"category","embeddable":true,"href":"https:\/\/bomberos.puyo.gob.ec\/2019\/wp-json\/wp\/v2\/categories?post=2073"},{"taxonomy":"post_tag","embeddable":true,"href":"https:\/\/bomberos.puyo.gob.ec\/2019\/wp-json\/wp\/v2\/tags?post=2073"}],"curies":[{"name":"wp","href":"https:\/\/api.w.org\/{rel}","templated":true}]}}