{"id":2070,"date":"2021-06-20T19:28:28","date_gmt":"2021-06-21T00:28:28","guid":{"rendered":"https:\/\/bomberos.puyo.gob.ec\/emergencia-medica-por-llamado-del-ecu911-la-unidad-a5-se-dirigio-al-secto\/"},"modified":"2021-06-20T20:55:49","modified_gmt":"2021-06-21T01:55:49","slug":"emergencia-medica-por-llamado-del-ecu911-la-unidad-a5-se-dirigio-al-secto","status":"publish","type":"post","link":"https:\/\/bomberos.puyo.gob.ec\/2019\/emergencia-medica-por-llamado-del-ecu911-la-unidad-a5-se-dirigio-al-secto\/","title":{"rendered":"|EMERGENCIA M\u00c9DICA|\n Por llamado del #ECU911, la unidad A5 se dirigi\u00f3 al secto&#8230;"},"content":{"rendered":"<div><span><\/p>\n<p>|EMERGENCIA M\u00c9DICA|<\/p>\n<p> Por llamado del <a class=\"_5ayv _qdx\" href=\"https:\/\/facebook.com\/hashtag\/ecu911?__tn__=%2As-R\"><span class=\"_5aw4 _qdz\">#ECU911<\/span><\/a>, la unidad A5 se dirigi\u00f3 al sector del Registro Civil, en el lugar se  toma contacto con un paciente de aproximadamente 35 a\u00f1os de edad, quien presenta una fractura del f\u00e9mur izquierdo, producto de un accidente de tr\u00e1nsito, es trasladado al Hospital General Puyo.<\/p>\n<p><\/span><\/div>\n<p><a href=\"https:\/\/facebook.com\/story.php?story_fbid=1952226178266244&amp;id=465093860312824&amp;__tn__=%2As%2As-R\" aria-label=\"Abrir historia\" class=\"_5msj\"><\/a><\/p>\n<p><a href=\"https:\/\/bomberos.puyo.gob.ec\/2019\/wp-content\/uploads\/1624240548_444_EMERGENCIA-MEDICA-Por-llamado-del-ECU911-la-unidad-A5-se.jpg\"><img decoding=\"async\" class=\"wp_automatic_fb_img\" title=\"\" src=\"https:\/\/bomberos.puyo.gob.ec\/2019\/wp-content\/uploads\/1624240548_444_EMERGENCIA-MEDICA-Por-llamado-del-ECU911-la-unidad-A5-se.jpg\" \/><\/a><br \/>\n<br \/><a href=\"https:\/\/www.facebook.com\/465093860312824\/posts\/1952226178266244\">en facebook&#8230; <\/a>  <\/p>\n","protected":false},"excerpt":{"rendered":"<div><span><\/p>\n<p>|EMERGENCIA M\u00c9DICA|<\/p>\n<p> Por llamado del <a class=\"_5ayv _qdx\" href=\"https:\/\/facebook.com\/hashtag\/ecu911?__tn__=%2As-R\"><span class=\"_5aw4 _qdz\">#ECU911<\/span><\/a>, la unidad A5 se dirigi\u00f3 al sector del Registro Civil, en el lugar se  toma contacto con un paciente de aproximadamente 35 a\u00f1os de edad, quien presenta una fractura del f\u00e9mur izquierdo, producto de un accidente de tr\u00e1nsito, es trasladado al Hospital General Puyo.<\/p>\n<p><\/span><\/div>\n<p><a href=\"https:\/\/facebook.com\/story.php?story_fbid=1952226178266244&amp;id=465093860312824&amp;__tn__=%2As%2As-R\" aria-label=\"Abrir historia\" class=\"_5msj\"><\/a><\/p>\n<p><a href=\"https:\/\/scontent.fuio15-1.fna.fbcdn.net\/v\/t1.6435-0\/p552x414\/200767398_1952226151599580_7412901148482813994_n.jpg?_nc_cat=106&#038;ccb=1-3&#038;_nc_sid=8bfeb9&#038;_nc_eui2=AeHYt2JCIDUvylWSrmbT-lXzFgnDMOJnMnIWCcMw4mcycv6XTSRVqdcUQh9zQFAD-1NMFv6NIvmtzzz5vlD6ia-N&#038;_nc_ohc=a-4bPJKEFREAX8RsByT&#038;_nc_oc=AQnB_J44yuWxiF9_E4Pe8fRyroRbcbgVj3vHuM8PIB-MHxpNRjv5hixkCRuCWOWLMYY&#038;_nc_ht=scontent.fuio15-1.fna&#038;tp=6&#038;oh=c075ffc6ed50ed3f3ea235d7d93c3daf&#038;oe=60D4204F\"><img decoding=\"async\" class=\"wp_automatic_fb_img\" title=\"\" src=\"https:\/\/scontent.fuio15-1.fna.fbcdn.net\/v\/t1.6435-0\/p552x414\/200767398_1952226151599580_7412901148482813994_n.jpg?_nc_cat=106&#038;ccb=1-3&#038;_nc_sid=8bfeb9&#038;_nc_eui2=AeHYt2JCIDUvylWSrmbT-lXzFgnDMOJnMnIWCcMw4mcycv6XTSRVqdcUQh9zQFAD-1NMFv6NIvmtzzz5vlD6ia-N&#038;_nc_ohc=a-4bPJKEFREAX8RsByT&#038;_nc_oc=AQnB_J44yuWxiF9_E4Pe8fRyroRbcbgVj3vHuM8PIB-MHxpNRjv5hixkCRuCWOWLMYY&#038;_nc_ht=scontent.fuio15-1.fna&#038;tp=6&#038;oh=c075ffc6ed50ed3f3ea235d7d93c3daf&#038;oe=60D4204F\" \/><\/a><\/p>\n","protected":false},"author":1,"featured_media":2071,"comment_status":"open","ping_status":"open","sticky":false,"template":"","format":"standard","meta":[],"categories":[1],"tags":[32,722,69,182,31,251,30,746,41],"_links":{"self":[{"href":"https:\/\/bomberos.puyo.gob.ec\/2019\/wp-json\/wp\/v2\/posts\/2070"}],"collection":[{"href":"https:\/\/bomberos.puyo.gob.ec\/2019\/wp-json\/wp\/v2\/posts"}],"about":[{"href":"https:\/\/bomberos.puyo.gob.ec\/2019\/wp-json\/wp\/v2\/types\/post"}],"author":[{"embeddable":true,"href":"https:\/\/bomberos.puyo.gob.ec\/2019\/wp-json\/wp\/v2\/users\/1"}],"replies":[{"embeddable":true,"href":"https:\/\/bomberos.puyo.gob.ec\/2019\/wp-json\/wp\/v2\/comments?post=2070"}],"version-history":[{"count":1,"href":"https:\/\/bomberos.puyo.gob.ec\/2019\/wp-json\/wp\/v2\/posts\/2070\/revisions"}],"predecessor-version":[{"id":2072,"href":"https:\/\/bomberos.puyo.gob.ec\/2019\/wp-json\/wp\/v2\/posts\/2070\/revisions\/2072"}],"wp:featuredmedia":[{"embeddable":true,"href":"https:\/\/bomberos.puyo.gob.ec\/2019\/wp-json\/wp\/v2\/media\/2071"}],"wp:attachment":[{"href":"https:\/\/bomberos.puyo.gob.ec\/2019\/wp-json\/wp\/v2\/media?parent=2070"}],"wp:term":[{"taxonomy":"category","embeddable":true,"href":"https:\/\/bomberos.puyo.gob.ec\/2019\/wp-json\/wp\/v2\/categories?post=2070"},{"taxonomy":"post_tag","embeddable":true,"href":"https:\/\/bomberos.puyo.gob.ec\/2019\/wp-json\/wp\/v2\/tags?post=2070"}],"curies":[{"name":"wp","href":"https:\/\/api.w.org\/{rel}","templated":true}]}}