{"id":2061,"date":"2021-06-20T12:17:10","date_gmt":"2021-06-20T17:17:10","guid":{"rendered":"https:\/\/bomberos.puyo.gob.ec\/saber-que-eres-el-heroe-de-tu-hijo-no-tiene-precio-en-este-dia-tan-espec\/"},"modified":"2021-06-20T12:31:16","modified_gmt":"2021-06-20T17:31:16","slug":"saber-que-eres-el-heroe-de-tu-hijo-no-tiene-precio-en-este-dia-tan-espec","status":"publish","type":"post","link":"https:\/\/bomberos.puyo.gob.ec\/2019\/saber-que-eres-el-heroe-de-tu-hijo-no-tiene-precio-en-este-dia-tan-espec\/","title":{"rendered":"!!SABER QUE ERES EL H\u00c9ROE DE TU HIJO, NO TIENE PRECIO!!\n En este d\u00eda tan espec&#8230;"},"content":{"rendered":"<p>!!SABER QUE ERES EL H\u00c9ROE DE TU HIJO, NO TIENE PRECIO!!<br \/>\n En este d\u00eda tan especial, el CB-MCP les desea un muy feliz d\u00eda a todos los padres y en especial a todos aquellos que cumplen la hermosa vocaci\u00f3n de ser Bomberos \ud83d\udc68\u200d\ud83d\ude92\u2764\ud83d\ude92!!<br \/>\n \ud83d\udc68\ud83c\udffd\u200d\ud83d\ude92 FELIZ DIA DEL PADRE \ud83d\udc69\ud83c\udffd\u200d\ud83d\ude92<\/p>\n<p><a href=\"https:\/\/facebook.com\/story.php?story_fbid=1951990084956520&amp;id=465093860312824&amp;__tn__=%2As%2As-R\" aria-label=\"Abrir historia\" class=\"_5msj\"><\/a><\/p>\n<p><a href=\"https:\/\/bomberos.puyo.gob.ec\/2019\/wp-content\/uploads\/SABER-QUE-ERES-EL-HEROE-DE-TU-HIJO-NO-TIENE.jpg\"><img decoding=\"async\" class=\"wp_automatic_fb_img\" title=\"\" src=\"https:\/\/bomberos.puyo.gob.ec\/2019\/wp-content\/uploads\/SABER-QUE-ERES-EL-HEROE-DE-TU-HIJO-NO-TIENE.jpg\" \/><\/a><br \/>\n<br \/><a href=\"https:\/\/www.facebook.com\/465093860312824\/posts\/1951990084956520\">en facebook&#8230; <\/a>  <\/p>\n","protected":false},"excerpt":{"rendered":"<p>!!SABER QUE ERES EL H\u00c9ROE DE TU HIJO, NO TIENE PRECIO!!<br \/>\n En este d\u00eda tan especial, el CB-MCP les desea un muy feliz d\u00eda a todos los padres y en especial a todos aquellos que cumplen la hermosa vocaci\u00f3n de ser Bomberos \ud83d\udc68\u200d\ud83d\ude92\u2764\ud83d\ude92!!<br \/>\n \ud83d\udc68\ud83c\udffd\u200d\ud83d\ude92 FELIZ DIA DEL PADRE \ud83d\udc69\ud83c\udffd\u200d\ud83d\ude92<\/p>\n<p><a href=\"https:\/\/facebook.com\/story.php?story_fbid=1951990084956520&amp;id=465093860312824&amp;__tn__=%2As%2As-R\" aria-label=\"Abrir historia\" class=\"_5msj\"><\/a><\/p>\n<p><a href=\"https:\/\/scontent.fuio15-1.fna.fbcdn.net\/v\/t1.6435-0\/p526x296\/201577830_1951990051623190_3050699676528288283_n.jpg?_nc_cat=111&#038;ccb=1-3&#038;_nc_sid=8bfeb9&#038;_nc_eui2=AeEPPvH2V3ih4_54i7Dl_E3RMa-n2-8cVu4xr6fb7xxW7iH180KjtDOVHcgHa9B5PfuGaNnilspI_gk1yAlAtCb-&#038;_nc_ohc=b0TvzfGQcT4AX8x_2dg&#038;_nc_ht=scontent.fuio15-1.fna&#038;tp=6&#038;oh=2afbb3d289b3f393e68121ac875cf341&#038;oe=60D3B2D2\"><img decoding=\"async\" class=\"wp_automatic_fb_img\" title=\"\" src=\"https:\/\/scontent.fuio15-1.fna.fbcdn.net\/v\/t1.6435-0\/p526x296\/201577830_1951990051623190_3050699676528288283_n.jpg?_nc_cat=111&#038;ccb=1-3&#038;_nc_sid=8bfeb9&#038;_nc_eui2=AeEPPvH2V3ih4_54i7Dl_E3RMa-n2-8cVu4xr6fb7xxW7iH180KjtDOVHcgHa9B5PfuGaNnilspI_gk1yAlAtCb-&#038;_nc_ohc=b0TvzfGQcT4AX8x_2dg&#038;_nc_ht=scontent.fuio15-1.fna&#038;tp=6&#038;oh=2afbb3d289b3f393e68121ac875cf341&#038;oe=60D3B2D2\" \/><\/a><\/p>\n","protected":false},"author":1,"featured_media":2062,"comment_status":"open","ping_status":"open","sticky":false,"template":"","format":"standard","meta":[],"categories":[1],"tags":[24,775,780,23,776,777,778,774,779,268],"_links":{"self":[{"href":"https:\/\/bomberos.puyo.gob.ec\/2019\/wp-json\/wp\/v2\/posts\/2061"}],"collection":[{"href":"https:\/\/bomberos.puyo.gob.ec\/2019\/wp-json\/wp\/v2\/posts"}],"about":[{"href":"https:\/\/bomberos.puyo.gob.ec\/2019\/wp-json\/wp\/v2\/types\/post"}],"author":[{"embeddable":true,"href":"https:\/\/bomberos.puyo.gob.ec\/2019\/wp-json\/wp\/v2\/users\/1"}],"replies":[{"embeddable":true,"href":"https:\/\/bomberos.puyo.gob.ec\/2019\/wp-json\/wp\/v2\/comments?post=2061"}],"version-history":[{"count":1,"href":"https:\/\/bomberos.puyo.gob.ec\/2019\/wp-json\/wp\/v2\/posts\/2061\/revisions"}],"predecessor-version":[{"id":2063,"href":"https:\/\/bomberos.puyo.gob.ec\/2019\/wp-json\/wp\/v2\/posts\/2061\/revisions\/2063"}],"wp:featuredmedia":[{"embeddable":true,"href":"https:\/\/bomberos.puyo.gob.ec\/2019\/wp-json\/wp\/v2\/media\/2062"}],"wp:attachment":[{"href":"https:\/\/bomberos.puyo.gob.ec\/2019\/wp-json\/wp\/v2\/media?parent=2061"}],"wp:term":[{"taxonomy":"category","embeddable":true,"href":"https:\/\/bomberos.puyo.gob.ec\/2019\/wp-json\/wp\/v2\/categories?post=2061"},{"taxonomy":"post_tag","embeddable":true,"href":"https:\/\/bomberos.puyo.gob.ec\/2019\/wp-json\/wp\/v2\/tags?post=2061"}],"curies":[{"name":"wp","href":"https:\/\/api.w.org\/{rel}","templated":true}]}}