{"id":2055,"date":"2021-06-19T22:42:56","date_gmt":"2021-06-20T03:42:56","guid":{"rendered":"https:\/\/bomberos.puyo.gob.ec\/emergencia-medica-por-llamado-del-ecu911-la-unidad-a4-se-dirigio-al-caser\/"},"modified":"2021-06-19T23:11:54","modified_gmt":"2021-06-20T04:11:54","slug":"emergencia-medica-por-llamado-del-ecu911-la-unidad-a4-se-dirigio-al-caser","status":"publish","type":"post","link":"https:\/\/bomberos.puyo.gob.ec\/2019\/emergencia-medica-por-llamado-del-ecu911-la-unidad-a4-se-dirigio-al-caser\/","title":{"rendered":"|EMERGENCIA M\u00c9DICA|\n Por llamado del #ECU911, la unidad A4 se dirigi\u00f3 al caser&#8230;"},"content":{"rendered":"<div><span><\/p>\n<p>|EMERGENCIA M\u00c9DICA|<\/p>\n<p> Por llamado del <a class=\"_5ayv _qdx\" href=\"https:\/\/facebook.com\/hashtag\/ecu911?__tn__=%2As-R\"><span class=\"_5aw4 _qdz\">#ECU911<\/span><\/a>, la unidad A4 se dirigi\u00f3 al caser\u00edo Pueblo Unido v\u00eda al Tena, en el lugar se atiende a una paciente de nombre: L. I. H. de 24 a\u00f1os de edad, quien presenta labor de parto, es trasladada al Hospital General Puyo.<\/p>\n<p><\/span><\/div>\n<p><a href=\"https:\/\/facebook.com\/story.php?story_fbid=1951469535008575&amp;id=465093860312824&amp;__tn__=%2As%2As-R\" aria-label=\"Abrir historia\" class=\"_5msj\"><\/a><\/p>\n<p><a href=\"https:\/\/bomberos.puyo.gob.ec\/2019\/wp-content\/uploads\/1624162312_284_EMERGENCIA-MEDICA-Por-llamado-del-ECU911-la-unidad-A4-se.jpg\"><img decoding=\"async\" class=\"wp_automatic_fb_img\" title=\"\" src=\"https:\/\/bomberos.puyo.gob.ec\/2019\/wp-content\/uploads\/1624162312_284_EMERGENCIA-MEDICA-Por-llamado-del-ECU911-la-unidad-A4-se.jpg\" \/><\/a><br \/>\n<br \/><a href=\"https:\/\/www.facebook.com\/465093860312824\/posts\/1951469535008575\">en facebook&#8230; <\/a>  <\/p>\n","protected":false},"excerpt":{"rendered":"<div><span><\/p>\n<p>|EMERGENCIA M\u00c9DICA|<\/p>\n<p> Por llamado del <a class=\"_5ayv _qdx\" href=\"https:\/\/facebook.com\/hashtag\/ecu911?__tn__=%2As-R\"><span class=\"_5aw4 _qdz\">#ECU911<\/span><\/a>, la unidad A4 se dirigi\u00f3 al caser\u00edo Pueblo Unido v\u00eda al Tena, en el lugar se atiende a una paciente de nombre: L. I. H. de 24 a\u00f1os de edad, quien presenta labor de parto, es trasladada al Hospital General Puyo.<\/p>\n<p><\/span><\/div>\n<p><a href=\"https:\/\/facebook.com\/story.php?story_fbid=1951469535008575&amp;id=465093860312824&amp;__tn__=%2As%2As-R\" aria-label=\"Abrir historia\" class=\"_5msj\"><\/a><\/p>\n<p><a href=\"https:\/\/scontent.fuio15-1.fna.fbcdn.net\/v\/t1.6435-0\/s640x640\/201314800_1951469475008581_7158980055181269244_n.jpg?_nc_cat=110&#038;ccb=1-3&#038;_nc_sid=8bfeb9&#038;_nc_eui2=AeEWMpOaUQDDC02XYK2kSIEtWZ0yez85Je5ZnTJ7Pzkl7njVrI4N4WhrQdq8OvxRO3YblBPhioZ8UKr6zlk4AFeT&#038;_nc_ohc=qgbefFlyoDwAX_1aACq&#038;_nc_ht=scontent.fuio15-1.fna&#038;tp=7&#038;oh=cec2e4db83046931ce4d331a00a20a5b&#038;oe=60D48DB2\"><img decoding=\"async\" class=\"wp_automatic_fb_img\" title=\"\" src=\"https:\/\/scontent.fuio15-1.fna.fbcdn.net\/v\/t1.6435-0\/s640x640\/201314800_1951469475008581_7158980055181269244_n.jpg?_nc_cat=110&#038;ccb=1-3&#038;_nc_sid=8bfeb9&#038;_nc_eui2=AeEWMpOaUQDDC02XYK2kSIEtWZ0yez85Je5ZnTJ7Pzkl7njVrI4N4WhrQdq8OvxRO3YblBPhioZ8UKr6zlk4AFeT&#038;_nc_ohc=qgbefFlyoDwAX_1aACq&#038;_nc_ht=scontent.fuio15-1.fna&#038;tp=7&#038;oh=cec2e4db83046931ce4d331a00a20a5b&#038;oe=60D48DB2\" \/><\/a><\/p>\n","protected":false},"author":1,"featured_media":2056,"comment_status":"open","ping_status":"open","sticky":false,"template":"","format":"standard","meta":[],"categories":[1],"tags":[773,32,722,69,182,31,251,30,41],"_links":{"self":[{"href":"https:\/\/bomberos.puyo.gob.ec\/2019\/wp-json\/wp\/v2\/posts\/2055"}],"collection":[{"href":"https:\/\/bomberos.puyo.gob.ec\/2019\/wp-json\/wp\/v2\/posts"}],"about":[{"href":"https:\/\/bomberos.puyo.gob.ec\/2019\/wp-json\/wp\/v2\/types\/post"}],"author":[{"embeddable":true,"href":"https:\/\/bomberos.puyo.gob.ec\/2019\/wp-json\/wp\/v2\/users\/1"}],"replies":[{"embeddable":true,"href":"https:\/\/bomberos.puyo.gob.ec\/2019\/wp-json\/wp\/v2\/comments?post=2055"}],"version-history":[{"count":1,"href":"https:\/\/bomberos.puyo.gob.ec\/2019\/wp-json\/wp\/v2\/posts\/2055\/revisions"}],"predecessor-version":[{"id":2057,"href":"https:\/\/bomberos.puyo.gob.ec\/2019\/wp-json\/wp\/v2\/posts\/2055\/revisions\/2057"}],"wp:featuredmedia":[{"embeddable":true,"href":"https:\/\/bomberos.puyo.gob.ec\/2019\/wp-json\/wp\/v2\/media\/2056"}],"wp:attachment":[{"href":"https:\/\/bomberos.puyo.gob.ec\/2019\/wp-json\/wp\/v2\/media?parent=2055"}],"wp:term":[{"taxonomy":"category","embeddable":true,"href":"https:\/\/bomberos.puyo.gob.ec\/2019\/wp-json\/wp\/v2\/categories?post=2055"},{"taxonomy":"post_tag","embeddable":true,"href":"https:\/\/bomberos.puyo.gob.ec\/2019\/wp-json\/wp\/v2\/tags?post=2055"}],"curies":[{"name":"wp","href":"https:\/\/api.w.org\/{rel}","templated":true}]}}