{"id":2015,"date":"2021-06-12T17:46:18","date_gmt":"2021-06-12T22:46:18","guid":{"rendered":"https:\/\/bomberos.puyo.gob.ec\/el-personal-de-aguas-rapidas-y-buceo-del-cuerpo-de-bomberos-municipal-del-pastaz\/"},"modified":"2021-06-14T09:20:48","modified_gmt":"2021-06-14T14:20:48","slug":"el-personal-de-aguas-rapidas-y-buceo-del-cuerpo-de-bomberos-municipal-del-pastaz","status":"publish","type":"post","link":"https:\/\/bomberos.puyo.gob.ec\/2019\/el-personal-de-aguas-rapidas-y-buceo-del-cuerpo-de-bomberos-municipal-del-pastaz\/","title":{"rendered":"El personal de aguas rapidas y buceo del Cuerpo de Bomberos Municipal del Pastaz&#8230;"},"content":{"rendered":"<p>El personal de aguas rapidas y buceo del Cuerpo de Bomberos Municipal del Pastaza se dirije a la comunidad de Pacayacu a realizar la busqueda de una persona desaparecida en las aguas del R\u00edo Bobonaza. <\/p>\n<p>|ACCIONES A REALIZAR|<br \/>\nEn la comunidad se realiza una reuni\u00f3n con los familiares de la ni\u00f1a:  M. A. A. V. de 8 a\u00f1os de edad, oriunda de la ciudad del Puyo para recoger versiones del incidente.<\/p>\n<p>|PRESUNCI\u00d3N|<br \/>\nSegun versiones de la madre, la ni\u00f1a se encontraba en el agua junto a otros ni\u00f1os sobre una balsa cuando en un descuido desapareci\u00f3 en una laguna del rio Bobonaza,  siendo los ni\u00f1os los unicos testigos, dando aviso a su madre inmediatamente, la se\u00f1ora organiza a la comunidad y realizan la busqueda hasta las 6 de la tarde sin resultados.<\/p>\n<p>|HORA DE EL INCIDENTE|<br \/>\nViernes 11 de  junio 2021 a las 12:00pm. <\/p>\n<p>|LABOR DE BUSQUEDA|<br \/>\nEl personal del CB-MCP, organiza a la comunidad para realizar un trabajo conjunto, usando tecnicas de rastreo por barrido a lo largo y ancho del rio, mientras el personal de buceo realiza la busqueda en las partes mas profundas donde aparentemente desaparecio la ni\u00f1a.<\/p>\n<p><a href=\"https:\/\/bomberos.puyo.gob.ec\/2019\/wp-content\/uploads\/El-personal-de-aguas-rapidas-y-buceo-del-Cuerpo-de.jpg\"><img decoding=\"async\" class=\"wp_automatic_fb_img\" title=\"\" src=\"https:\/\/bomberos.puyo.gob.ec\/2019\/wp-content\/uploads\/El-personal-de-aguas-rapidas-y-buceo-del-Cuerpo-de.jpg\" \/><\/a><br \/><a href=\"https:\/\/bomberos.puyo.gob.ec\/2019\/wp-content\/uploads\/1623680447_678_El-personal-de-aguas-rapidas-y-buceo-del-Cuerpo-de.jpg\"><img decoding=\"async\" class=\"wp_automatic_fb_img\" title=\"\" src=\"https:\/\/bomberos.puyo.gob.ec\/2019\/wp-content\/uploads\/1623680447_678_El-personal-de-aguas-rapidas-y-buceo-del-Cuerpo-de.jpg\" \/><\/a><br \/><a href=\"https:\/\/bomberos.puyo.gob.ec\/2019\/wp-content\/uploads\/1623680447_398_El-personal-de-aguas-rapidas-y-buceo-del-Cuerpo-de.jpg\"><img decoding=\"async\" class=\"wp_automatic_fb_img\" title=\"\" src=\"https:\/\/bomberos.puyo.gob.ec\/2019\/wp-content\/uploads\/1623680447_398_El-personal-de-aguas-rapidas-y-buceo-del-Cuerpo-de.jpg\" \/><\/a><br \/>\n<br \/><a href=\"https:\/\/www.facebook.com\/465093860312824\/posts\/1946249675530561\">en facebook&#8230; <\/a>  <\/p>\n","protected":false},"excerpt":{"rendered":"<p>El personal de aguas rapidas y buceo del Cuerpo de Bomberos Municipal del Pastaza se dirije a la comunidad de Pacayacu a realizar la busqueda de una persona desaparecida en las aguas del R\u00edo Bobonaza. <\/p>\n<p>|ACCIONES A REALIZAR|<br \/>\nEn la comunidad se realiza una reuni\u00f3n con los familiares de la ni\u00f1a:  M. A. A. V. de 8 a\u00f1os de edad, oriunda de la ciudad del Puyo para recoger versiones del incidente.<\/p>\n<p>|PRESUNCI\u00d3N|<br \/>\nSegun versiones de la madre, la ni\u00f1a se encontraba en el agua junto a otros ni\u00f1os sobre una balsa cuando en un descuido desapareci\u00f3 en una laguna del rio Bobonaza,  siendo los ni\u00f1os los unicos testigos, dando aviso a su madre inmediatamente, la se\u00f1ora organiza a la comunidad y realizan la busqueda hasta las 6 de la tarde sin resultados.<\/p>\n<p>|HORA DE EL INCIDENTE|<br \/>\nViernes 11 de  junio 2021 a las 12:00pm. <\/p>\n<p>|LABOR DE BUSQUEDA|<br \/>\nEl personal del CB-MCP, organiza a la comunidad para realizar un trabajo conjunto, usando tecnicas de rastreo por barrido a lo largo y ancho del rio, mientras el personal de buceo realiza la busqueda en las partes mas profundas donde aparentemente desaparecio la ni\u00f1a.<\/p>\n<p><a href=\"https:\/\/scontent.fuio15-1.fna.fbcdn.net\/v\/t1.6435-9\/200284680_1946249578863904_7373955961495893684_n.jpg?_nc_cat=101&#038;ccb=1-3&#038;_nc_sid=8bfeb9&#038;_nc_eui2=AeFip0loT3OBDCO2pPzlEWPTkUc_SVHGvCuRRz9JUca8K0dmbgM9Zp3q8rQzHRNBzeptPGIeZZmhq-1Tr1zjLc2v&#038;_nc_ohc=38MVsbJBgiMAX-DeQA_&#038;_nc_ht=scontent.fuio15-1.fna&#038;oh=d68e33812b3e137cb8163732a1695116&#038;oe=60CB90A9\"><img decoding=\"async\" class=\"wp_automatic_fb_img\" title=\"\" src=\"https:\/\/scontent.fuio15-1.fna.fbcdn.net\/v\/t1.6435-9\/200284680_1946249578863904_7373955961495893684_n.jpg?_nc_cat=101&#038;ccb=1-3&#038;_nc_sid=8bfeb9&#038;_nc_eui2=AeFip0loT3OBDCO2pPzlEWPTkUc_SVHGvCuRRz9JUca8K0dmbgM9Zp3q8rQzHRNBzeptPGIeZZmhq-1Tr1zjLc2v&#038;_nc_ohc=38MVsbJBgiMAX-DeQA_&#038;_nc_ht=scontent.fuio15-1.fna&#038;oh=d68e33812b3e137cb8163732a1695116&#038;oe=60CB90A9\" \/><\/a><br \/><a href=\"https:\/\/scontent.fuio15-1.fna.fbcdn.net\/v\/t1.6435-9\/200734161_1946249592197236_2576192250612775047_n.jpg?_nc_cat=103&#038;ccb=1-3&#038;_nc_sid=8bfeb9&#038;_nc_eui2=AeGQjGtOkyRtA5ZlkdTN6Her9jau_mz9Tgb2Nq7-bP1OBgLwkngPr3x-Mgz7KQ7nXM0Xzckl0SQaAokq01w_iKPg&#038;_nc_ohc=Av_Ax1Xhm-YAX8L0-_c&#038;_nc_ht=scontent.fuio15-1.fna&#038;oh=3539590410582ef8aa877f494ac06c64&#038;oe=60CD06CA\"><img decoding=\"async\" class=\"wp_automatic_fb_img\" title=\"\" src=\"https:\/\/scontent.fuio15-1.fna.fbcdn.net\/v\/t1.6435-9\/200734161_1946249592197236_2576192250612775047_n.jpg?_nc_cat=103&#038;ccb=1-3&#038;_nc_sid=8bfeb9&#038;_nc_eui2=AeGQjGtOkyRtA5ZlkdTN6Her9jau_mz9Tgb2Nq7-bP1OBgLwkngPr3x-Mgz7KQ7nXM0Xzckl0SQaAokq01w_iKPg&#038;_nc_ohc=Av_Ax1Xhm-YAX8L0-_c&#038;_nc_ht=scontent.fuio15-1.fna&#038;oh=3539590410582ef8aa877f494ac06c64&#038;oe=60CD06CA\" \/><\/a><br \/><a href=\"https:\/\/scontent.fuio15-1.fna.fbcdn.net\/v\/t1.6435-9\/132037471_1946249595530569_2442407686318761050_n.jpg?_nc_cat=104&#038;ccb=1-3&#038;_nc_sid=8bfeb9&#038;_nc_eui2=AeFZbmG5fAosmTKxoMdCeefDUrFezvcWgnVSsV7O9xaCdet7O-40aialt1v0vtVuBJML58P-U3ERkvKQPCx_JPqy&#038;_nc_ohc=G4M_cQVKBNkAX8BL3fM&#038;_nc_oc=AQlQ0ilqiupnzxWCTd8ykbKYdkNHvlpyfcWuuTavMYmYnsN07sbGB2Z1CWTisrKi3tQ&#038;_nc_ht=scontent.fuio15-1.fna&#038;oh=dc11f02de1476afdd5aad56a15df77f8&#038;oe=60CC4C71\"><img decoding=\"async\" class=\"wp_automatic_fb_img\" title=\"\" src=\"https:\/\/scontent.fuio15-1.fna.fbcdn.net\/v\/t1.6435-9\/132037471_1946249595530569_2442407686318761050_n.jpg?_nc_cat=104&#038;ccb=1-3&#038;_nc_sid=8bfeb9&#038;_nc_eui2=AeFZbmG5fAosmTKxoMdCeefDUrFezvcWgnVSsV7O9xaCdet7O-40aialt1v0vtVuBJML58P-U3ERkvKQPCx_JPqy&#038;_nc_ohc=G4M_cQVKBNkAX8BL3fM&#038;_nc_oc=AQlQ0ilqiupnzxWCTd8ykbKYdkNHvlpyfcWuuTavMYmYnsN07sbGB2Z1CWTisrKi3tQ&#038;_nc_ht=scontent.fuio15-1.fna&#038;oh=dc11f02de1476afdd5aad56a15df77f8&#038;oe=60CC4C71\" \/><\/a><\/p>\n","protected":false},"author":1,"featured_media":2016,"comment_status":"open","ping_status":"open","sticky":false,"template":"","format":"standard","meta":[],"categories":[1],"tags":[430,73,763,64,32,138,298,34,431],"_links":{"self":[{"href":"https:\/\/bomberos.puyo.gob.ec\/2019\/wp-json\/wp\/v2\/posts\/2015"}],"collection":[{"href":"https:\/\/bomberos.puyo.gob.ec\/2019\/wp-json\/wp\/v2\/posts"}],"about":[{"href":"https:\/\/bomberos.puyo.gob.ec\/2019\/wp-json\/wp\/v2\/types\/post"}],"author":[{"embeddable":true,"href":"https:\/\/bomberos.puyo.gob.ec\/2019\/wp-json\/wp\/v2\/users\/1"}],"replies":[{"embeddable":true,"href":"https:\/\/bomberos.puyo.gob.ec\/2019\/wp-json\/wp\/v2\/comments?post=2015"}],"version-history":[{"count":1,"href":"https:\/\/bomberos.puyo.gob.ec\/2019\/wp-json\/wp\/v2\/posts\/2015\/revisions"}],"predecessor-version":[{"id":2017,"href":"https:\/\/bomberos.puyo.gob.ec\/2019\/wp-json\/wp\/v2\/posts\/2015\/revisions\/2017"}],"wp:featuredmedia":[{"embeddable":true,"href":"https:\/\/bomberos.puyo.gob.ec\/2019\/wp-json\/wp\/v2\/media\/2016"}],"wp:attachment":[{"href":"https:\/\/bomberos.puyo.gob.ec\/2019\/wp-json\/wp\/v2\/media?parent=2015"}],"wp:term":[{"taxonomy":"category","embeddable":true,"href":"https:\/\/bomberos.puyo.gob.ec\/2019\/wp-json\/wp\/v2\/categories?post=2015"},{"taxonomy":"post_tag","embeddable":true,"href":"https:\/\/bomberos.puyo.gob.ec\/2019\/wp-json\/wp\/v2\/tags?post=2015"}],"curies":[{"name":"wp","href":"https:\/\/api.w.org\/{rel}","templated":true}]}}