{"id":2009,"date":"2021-06-09T20:52:08","date_gmt":"2021-06-10T01:52:08","guid":{"rendered":"https:\/\/bomberos.puyo.gob.ec\/corte-de-arbol-la-unidad-b3-se-dirigio-al-barrio-la-merced-donde-por-solic\/"},"modified":"2021-06-09T21:53:35","modified_gmt":"2021-06-10T02:53:35","slug":"corte-de-arbol-la-unidad-b3-se-dirigio-al-barrio-la-merced-donde-por-solic","status":"publish","type":"post","link":"https:\/\/bomberos.puyo.gob.ec\/2019\/corte-de-arbol-la-unidad-b3-se-dirigio-al-barrio-la-merced-donde-por-solic\/","title":{"rendered":"|CORTE DE \u00c1RBOL|\n La unidad B3 se dirigi\u00f3 al barrio la Merced, donde por solic&#8230;"},"content":{"rendered":"<div><span><\/p>\n<p>|CORTE DE \u00c1RBOL|<\/p>\n<p> La unidad B3 se dirigi\u00f3 al barrio la Merced, donde por solicitud de Sr. E. G., se realiz\u00f3 el corte de una isla de bambu de su propiedad, trabajo que se realiz\u00f3 ya que los mismos por su altura ponia en riesgo a las viviendas aleda\u00f1as y el tendido electrico de la avenida.<\/p>\n<p><\/span><\/div>\n<p><a href=\"https:\/\/facebook.com\/story.php?story_fbid=1944015869087275&amp;id=465093860312824&amp;__tn__=%2As%2As-R\" aria-label=\"Abrir historia\" class=\"_5msj\"><\/a><\/p>\n<p><a href=\"https:\/\/bomberos.puyo.gob.ec\/2019\/wp-content\/uploads\/CORTE-DE-ARBOL-La-unidad-B3-se-dirigio-al-barrio.jpg\"><img decoding=\"async\" class=\"wp_automatic_fb_img\" title=\"\" src=\"https:\/\/bomberos.puyo.gob.ec\/2019\/wp-content\/uploads\/CORTE-DE-ARBOL-La-unidad-B3-se-dirigio-al-barrio.jpg\" \/><\/a><br \/><a href=\"https:\/\/bomberos.puyo.gob.ec\/2019\/wp-content\/uploads\/1623293611_39_CORTE-DE-ARBOL-La-unidad-B3-se-dirigio-al-barrio.jpg\"><img decoding=\"async\" class=\"wp_automatic_fb_img\" title=\"\" src=\"https:\/\/bomberos.puyo.gob.ec\/2019\/wp-content\/uploads\/1623293611_39_CORTE-DE-ARBOL-La-unidad-B3-se-dirigio-al-barrio.jpg\" \/><\/a><br \/><a href=\"https:\/\/bomberos.puyo.gob.ec\/2019\/wp-content\/uploads\/1623293611_519_CORTE-DE-ARBOL-La-unidad-B3-se-dirigio-al-barrio.jpg\"><img decoding=\"async\" class=\"wp_automatic_fb_img\" title=\"\" src=\"https:\/\/bomberos.puyo.gob.ec\/2019\/wp-content\/uploads\/1623293611_519_CORTE-DE-ARBOL-La-unidad-B3-se-dirigio-al-barrio.jpg\" \/><\/a><br \/>\n<br \/><a href=\"https:\/\/www.facebook.com\/465093860312824\/posts\/1944015869087275\">en facebook&#8230; <\/a>  <\/p>\n","protected":false},"excerpt":{"rendered":"<div><span><\/p>\n<p>|CORTE DE \u00c1RBOL|<\/p>\n<p> La unidad B3 se dirigi\u00f3 al barrio la Merced, donde por solicitud de Sr. E. G., se realiz\u00f3 el corte de una isla de bambu de su propiedad, trabajo que se realiz\u00f3 ya que los mismos por su altura ponia en riesgo a las viviendas aleda\u00f1as y el tendido electrico de la avenida.<\/p>\n<p><\/span><\/div>\n<p><a href=\"https:\/\/facebook.com\/story.php?story_fbid=1944015869087275&amp;id=465093860312824&amp;__tn__=%2As%2As-R\" aria-label=\"Abrir historia\" class=\"_5msj\"><\/a><\/p>\n<p><a href=\"https:\/\/scontent.fuio15-1.fna.fbcdn.net\/v\/t1.6435-9\/198324613_1944015755753953_6576629128347215389_n.jpg?_nc_cat=107&#038;ccb=1-3&#038;_nc_sid=8bfeb9&#038;_nc_eui2=AeE3uFCht8Mm8KW2ASdUJbmuXXairJHnTrFddqKskedOsTGCWELt7q0IwUuPL5awQ5NEpUkPipogtVIDjB7x97XP&#038;_nc_ohc=RGMXtBnll4UAX_jsLmt&#038;_nc_ht=scontent.fuio15-1.fna&#038;oh=8194f666b279707f8728b58be88ab18e&#038;oe=60E844D0\"><img decoding=\"async\" class=\"wp_automatic_fb_img\" title=\"\" src=\"https:\/\/scontent.fuio15-1.fna.fbcdn.net\/v\/t1.6435-9\/198324613_1944015755753953_6576629128347215389_n.jpg?_nc_cat=107&#038;ccb=1-3&#038;_nc_sid=8bfeb9&#038;_nc_eui2=AeE3uFCht8Mm8KW2ASdUJbmuXXairJHnTrFddqKskedOsTGCWELt7q0IwUuPL5awQ5NEpUkPipogtVIDjB7x97XP&#038;_nc_ohc=RGMXtBnll4UAX_jsLmt&#038;_nc_ht=scontent.fuio15-1.fna&#038;oh=8194f666b279707f8728b58be88ab18e&#038;oe=60E844D0\" \/><\/a><br \/><a href=\"https:\/\/scontent.fuio15-1.fna.fbcdn.net\/v\/t1.6435-9\/198750541_1944015762420619_8101338973282682074_n.jpg?_nc_cat=111&#038;ccb=1-3&#038;_nc_sid=8bfeb9&#038;_nc_eui2=AeHVFA7cOmdnHH5ge9xnB6Hd59ju7ANX2G7n2O7sA1fYbrFkCTdQcS7Pg83f9nivtjHnm07u8hes1OekVwqYNeoQ&#038;_nc_ohc=jY3NW1OtsZ8AX9bjL6b&#038;_nc_ht=scontent.fuio15-1.fna&#038;oh=47b827cebb6cbca7e3d25cd059536f19&#038;oe=60E5E1E6\"><img decoding=\"async\" class=\"wp_automatic_fb_img\" title=\"\" src=\"https:\/\/scontent.fuio15-1.fna.fbcdn.net\/v\/t1.6435-9\/198750541_1944015762420619_8101338973282682074_n.jpg?_nc_cat=111&#038;ccb=1-3&#038;_nc_sid=8bfeb9&#038;_nc_eui2=AeHVFA7cOmdnHH5ge9xnB6Hd59ju7ANX2G7n2O7sA1fYbrFkCTdQcS7Pg83f9nivtjHnm07u8hes1OekVwqYNeoQ&#038;_nc_ohc=jY3NW1OtsZ8AX9bjL6b&#038;_nc_ht=scontent.fuio15-1.fna&#038;oh=47b827cebb6cbca7e3d25cd059536f19&#038;oe=60E5E1E6\" \/><\/a><br \/><a href=\"https:\/\/scontent.fuio15-1.fna.fbcdn.net\/v\/t1.6435-9\/197830542_1944015759087286_7867230788652992398_n.jpg?_nc_cat=111&#038;ccb=1-3&#038;_nc_sid=8bfeb9&#038;_nc_eui2=AeFHSvA0BqIZTAwgeXqa-3JKGRtk2SNmudsZG2TZI2a528rCk_-ijOYNQZGB1FkjKCM3Gy5n-d6MpdGjayJO6rkY&#038;_nc_ohc=gUyFiXj64GcAX-wn6c0&#038;_nc_ht=scontent.fuio15-1.fna&#038;oh=1b016c8cd60dae925432a48c3af85955&#038;oe=60E87B40\"><img decoding=\"async\" class=\"wp_automatic_fb_img\" title=\"\" src=\"https:\/\/scontent.fuio15-1.fna.fbcdn.net\/v\/t1.6435-9\/197830542_1944015759087286_7867230788652992398_n.jpg?_nc_cat=111&#038;ccb=1-3&#038;_nc_sid=8bfeb9&#038;_nc_eui2=AeFHSvA0BqIZTAwgeXqa-3JKGRtk2SNmudsZG2TZI2a528rCk_-ijOYNQZGB1FkjKCM3Gy5n-d6MpdGjayJO6rkY&#038;_nc_ohc=gUyFiXj64GcAX-wn6c0&#038;_nc_ht=scontent.fuio15-1.fna&#038;oh=1b016c8cd60dae925432a48c3af85955&#038;oe=60E87B40\" \/><\/a><\/p>\n","protected":false},"author":1,"featured_media":2010,"comment_status":"open","ping_status":"open","sticky":false,"template":"","format":"standard","meta":[],"categories":[1],"tags":[760,408,759,722,637,761,30,762,41],"_links":{"self":[{"href":"https:\/\/bomberos.puyo.gob.ec\/2019\/wp-json\/wp\/v2\/posts\/2009"}],"collection":[{"href":"https:\/\/bomberos.puyo.gob.ec\/2019\/wp-json\/wp\/v2\/posts"}],"about":[{"href":"https:\/\/bomberos.puyo.gob.ec\/2019\/wp-json\/wp\/v2\/types\/post"}],"author":[{"embeddable":true,"href":"https:\/\/bomberos.puyo.gob.ec\/2019\/wp-json\/wp\/v2\/users\/1"}],"replies":[{"embeddable":true,"href":"https:\/\/bomberos.puyo.gob.ec\/2019\/wp-json\/wp\/v2\/comments?post=2009"}],"version-history":[{"count":1,"href":"https:\/\/bomberos.puyo.gob.ec\/2019\/wp-json\/wp\/v2\/posts\/2009\/revisions"}],"predecessor-version":[{"id":2011,"href":"https:\/\/bomberos.puyo.gob.ec\/2019\/wp-json\/wp\/v2\/posts\/2009\/revisions\/2011"}],"wp:featuredmedia":[{"embeddable":true,"href":"https:\/\/bomberos.puyo.gob.ec\/2019\/wp-json\/wp\/v2\/media\/2010"}],"wp:attachment":[{"href":"https:\/\/bomberos.puyo.gob.ec\/2019\/wp-json\/wp\/v2\/media?parent=2009"}],"wp:term":[{"taxonomy":"category","embeddable":true,"href":"https:\/\/bomberos.puyo.gob.ec\/2019\/wp-json\/wp\/v2\/categories?post=2009"},{"taxonomy":"post_tag","embeddable":true,"href":"https:\/\/bomberos.puyo.gob.ec\/2019\/wp-json\/wp\/v2\/tags?post=2009"}],"curies":[{"name":"wp","href":"https:\/\/api.w.org\/{rel}","templated":true}]}}