{"id":2003,"date":"2021-06-08T13:29:18","date_gmt":"2021-06-08T18:29:18","guid":{"rendered":"https:\/\/bomberos.puyo.gob.ec\/polo-lascano-gobernador-de-la-provincia-visito-el-cuerpo-de-bomberos-municip\/"},"modified":"2021-06-08T14:34:53","modified_gmt":"2021-06-08T19:34:53","slug":"polo-lascano-gobernador-de-la-provincia-visito-el-cuerpo-de-bomberos-municip","status":"publish","type":"post","link":"https:\/\/bomberos.puyo.gob.ec\/2019\/polo-lascano-gobernador-de-la-provincia-visito-el-cuerpo-de-bomberos-municip\/","title":{"rendered":"Polo Lascano, gobernador de la provincia, visit\u00f3 el Cuerpo de Bomberos Municip&#8230;"},"content":{"rendered":"<p>Polo Lascano, gobernador de la provincia, visit\u00f3 el Cuerpo de Bomberos Municipal del cant\u00f3n Pastaza, reuni\u00e9ndose con el Mgs. Rolando Ramos, comandante de la instituci\u00f3n Bomberil, para articular el trabajo de emergencias.<br \/>\n En su recorrido aprovecho como Ex-Comandante del CB, para felicitar por el trabajo articulado en ben\u00e9ficio del cant\u00f3n y provincia de Pastaza.<\/p>\n<p><a href=\"https:\/\/facebook.com\/story.php?story_fbid=1943083629180499&amp;id=465093860312824&amp;__tn__=%2As%2As-R\" aria-label=\"Abrir historia\" class=\"_5msj\"><\/a><\/p>\n<p>\ud83d\udccdPolo Lascano, gobernador de la provincia, visit\u00f3 el Cuerpo de Bomberos Municipal de Pastaza, para articular el trabajo de emergencias.<br \/>\n En su recorrido aprovecho como Ex-Comandante de la instituci\u00f3n Bomberil, para felicitar por el trabajo articulado en ben\u00e9fico de Pastaza.<\/p>\n<p><a href=\"https:\/\/facebook.com\/story.php?story_fbid=3722498451213124&amp;id=189450554517949&amp;__tn__=%2As%2AsH-R\" aria-label=\"Abrir historia\" class=\"_5msj\"><\/a><\/p>\n<p><a href=\"https:\/\/bomberos.puyo.gob.ec\/2019\/wp-content\/uploads\/Polo-Lascano-gobernador-de-la-provincia-visito-el-Cuerpo-de.jpg\"><img decoding=\"async\" class=\"wp_automatic_fb_img\" title=\"\" src=\"https:\/\/bomberos.puyo.gob.ec\/2019\/wp-content\/uploads\/Polo-Lascano-gobernador-de-la-provincia-visito-el-Cuerpo-de.jpg\" \/><\/a><br \/><a href=\"https:\/\/bomberos.puyo.gob.ec\/2019\/wp-content\/uploads\/1623180892_889_Polo-Lascano-gobernador-de-la-provincia-visito-el-Cuerpo-de.jpg\"><img decoding=\"async\" class=\"wp_automatic_fb_img\" title=\"\" src=\"https:\/\/bomberos.puyo.gob.ec\/2019\/wp-content\/uploads\/1623180892_889_Polo-Lascano-gobernador-de-la-provincia-visito-el-Cuerpo-de.jpg\" \/><\/a><br \/><a href=\"https:\/\/bomberos.puyo.gob.ec\/2019\/wp-content\/uploads\/1623180892_632_Polo-Lascano-gobernador-de-la-provincia-visito-el-Cuerpo-de.jpg\"><img decoding=\"async\" class=\"wp_automatic_fb_img\" title=\"\" src=\"https:\/\/bomberos.puyo.gob.ec\/2019\/wp-content\/uploads\/1623180892_632_Polo-Lascano-gobernador-de-la-provincia-visito-el-Cuerpo-de.jpg\" \/><\/a><br \/>\n<br \/><a href=\"https:\/\/www.facebook.com\/465093860312824\/posts\/1943083629180499\">en facebook&#8230; <\/a>  <\/p>\n","protected":false},"excerpt":{"rendered":"<p>Polo Lascano, gobernador de la provincia, visit\u00f3 el Cuerpo de Bomberos Municipal del cant\u00f3n Pastaza, reuni\u00e9ndose con el Mgs. Rolando Ramos, comandante de la instituci\u00f3n Bomberil, para articular el trabajo de emergencias.<br \/>\n En su recorrido aprovecho como Ex-Comandante del CB, para felicitar por el trabajo articulado en ben\u00e9ficio del cant\u00f3n y provincia de Pastaza.<\/p>\n<p><a href=\"https:\/\/facebook.com\/story.php?story_fbid=1943083629180499&amp;id=465093860312824&amp;__tn__=%2As%2As-R\" aria-label=\"Abrir historia\" class=\"_5msj\"><\/a><\/p>\n<p>\ud83d\udccdPolo Lascano, gobernador de la provincia, visit\u00f3 el Cuerpo de Bomberos Municipal de Pastaza, para articular el trabajo de emergencias.<br \/>\n En su recorrido aprovecho como Ex-Comandante de la instituci\u00f3n Bomberil, para felicitar por el trabajo articulado en ben\u00e9fico de Pastaza.<\/p>\n<p><a href=\"https:\/\/facebook.com\/story.php?story_fbid=3722498451213124&amp;id=189450554517949&amp;__tn__=%2As%2AsH-R\" aria-label=\"Abrir historia\" class=\"_5msj\"><\/a><\/p>\n<p><a href=\"https:\/\/scontent.fuio15-1.fna.fbcdn.net\/v\/t1.6435-9\/195523208_3722495691213400_1320600391972041999_n.jpg?_nc_cat=107&#038;ccb=1-3&#038;_nc_sid=8bfeb9&#038;_nc_eui2=AeFHxhiuDFCmWgcbB-oQccGKA6C2sn0q3e4DoLayfSrd7lTPyZ7noaDvnnEQtQ15ExBBoq12vr_rZGqe4hLoFx7z&#038;_nc_ohc=SmcaarMjBm0AX-9ca26&#038;_nc_ht=scontent.fuio15-1.fna&#038;oh=9695f7aea7e54755b7019a745b36dfef&#038;oe=60E69452\"><img decoding=\"async\" class=\"wp_automatic_fb_img\" title=\"\" src=\"https:\/\/scontent.fuio15-1.fna.fbcdn.net\/v\/t1.6435-9\/195523208_3722495691213400_1320600391972041999_n.jpg?_nc_cat=107&#038;ccb=1-3&#038;_nc_sid=8bfeb9&#038;_nc_eui2=AeFHxhiuDFCmWgcbB-oQccGKA6C2sn0q3e4DoLayfSrd7lTPyZ7noaDvnnEQtQ15ExBBoq12vr_rZGqe4hLoFx7z&#038;_nc_ohc=SmcaarMjBm0AX-9ca26&#038;_nc_ht=scontent.fuio15-1.fna&#038;oh=9695f7aea7e54755b7019a745b36dfef&#038;oe=60E69452\" \/><\/a><br \/><a href=\"https:\/\/scontent.fuio15-1.fna.fbcdn.net\/v\/t1.6435-9\/196149587_3722495904546712_8795195015107249475_n.jpg?_nc_cat=106&#038;ccb=1-3&#038;_nc_sid=8bfeb9&#038;_nc_eui2=AeEQeFzCyXct6QiHBixhqcD3PjGsKslae8g-MawqyVp7yCiDLxZmMnfjkB5GITneeRXoe-J4PqUHoUjXtGdNzrzS&#038;_nc_ohc=hqRN7w2-YycAX8nqfA0&#038;_nc_ht=scontent.fuio15-1.fna&#038;oh=334a2d452065ddabbcdead0bffdaea41&#038;oe=60E54928\"><img decoding=\"async\" class=\"wp_automatic_fb_img\" title=\"\" src=\"https:\/\/scontent.fuio15-1.fna.fbcdn.net\/v\/t1.6435-9\/196149587_3722495904546712_8795195015107249475_n.jpg?_nc_cat=106&#038;ccb=1-3&#038;_nc_sid=8bfeb9&#038;_nc_eui2=AeEQeFzCyXct6QiHBixhqcD3PjGsKslae8g-MawqyVp7yCiDLxZmMnfjkB5GITneeRXoe-J4PqUHoUjXtGdNzrzS&#038;_nc_ohc=hqRN7w2-YycAX8nqfA0&#038;_nc_ht=scontent.fuio15-1.fna&#038;oh=334a2d452065ddabbcdead0bffdaea41&#038;oe=60E54928\" \/><\/a><br \/><a href=\"https:\/\/scontent.fuio15-1.fna.fbcdn.net\/v\/t1.6435-9\/195800398_3722495837880052_8245599448360053211_n.jpg?_nc_cat=111&#038;ccb=1-3&#038;_nc_sid=8bfeb9&#038;_nc_eui2=AeGAUPwb_qYobAqX13aDnnN3ciKkOzvzhipyIqQ7O_OGKkXH6D0zKVuLZwa9vfa_w3Hd_eDuSgDdSOnwynAsXc3H&#038;_nc_ohc=VHtFSb1kA-8AX-lRgQQ&#038;_nc_ht=scontent.fuio15-1.fna&#038;oh=ceb5875c565a34997eab73d484da5ec5&#038;oe=60E62959\"><img decoding=\"async\" class=\"wp_automatic_fb_img\" title=\"\" src=\"https:\/\/scontent.fuio15-1.fna.fbcdn.net\/v\/t1.6435-9\/195800398_3722495837880052_8245599448360053211_n.jpg?_nc_cat=111&#038;ccb=1-3&#038;_nc_sid=8bfeb9&#038;_nc_eui2=AeGAUPwb_qYobAqX13aDnnN3ciKkOzvzhipyIqQ7O_OGKkXH6D0zKVuLZwa9vfa_w3Hd_eDuSgDdSOnwynAsXc3H&#038;_nc_ohc=VHtFSb1kA-8AX-lRgQQ&#038;_nc_ht=scontent.fuio15-1.fna&#038;oh=ceb5875c565a34997eab73d484da5ec5&#038;oe=60E62959\" \/><\/a><\/p>\n","protected":false},"author":1,"featured_media":2004,"comment_status":"open","ping_status":"open","sticky":false,"template":"","format":"standard","meta":[],"categories":[1],"tags":[73,64,757,756,68,755,570,758],"_links":{"self":[{"href":"https:\/\/bomberos.puyo.gob.ec\/2019\/wp-json\/wp\/v2\/posts\/2003"}],"collection":[{"href":"https:\/\/bomberos.puyo.gob.ec\/2019\/wp-json\/wp\/v2\/posts"}],"about":[{"href":"https:\/\/bomberos.puyo.gob.ec\/2019\/wp-json\/wp\/v2\/types\/post"}],"author":[{"embeddable":true,"href":"https:\/\/bomberos.puyo.gob.ec\/2019\/wp-json\/wp\/v2\/users\/1"}],"replies":[{"embeddable":true,"href":"https:\/\/bomberos.puyo.gob.ec\/2019\/wp-json\/wp\/v2\/comments?post=2003"}],"version-history":[{"count":1,"href":"https:\/\/bomberos.puyo.gob.ec\/2019\/wp-json\/wp\/v2\/posts\/2003\/revisions"}],"predecessor-version":[{"id":2005,"href":"https:\/\/bomberos.puyo.gob.ec\/2019\/wp-json\/wp\/v2\/posts\/2003\/revisions\/2005"}],"wp:featuredmedia":[{"embeddable":true,"href":"https:\/\/bomberos.puyo.gob.ec\/2019\/wp-json\/wp\/v2\/media\/2004"}],"wp:attachment":[{"href":"https:\/\/bomberos.puyo.gob.ec\/2019\/wp-json\/wp\/v2\/media?parent=2003"}],"wp:term":[{"taxonomy":"category","embeddable":true,"href":"https:\/\/bomberos.puyo.gob.ec\/2019\/wp-json\/wp\/v2\/categories?post=2003"},{"taxonomy":"post_tag","embeddable":true,"href":"https:\/\/bomberos.puyo.gob.ec\/2019\/wp-json\/wp\/v2\/tags?post=2003"}],"curies":[{"name":"wp","href":"https:\/\/api.w.org\/{rel}","templated":true}]}}