{"id":1992,"date":"2021-06-06T10:48:29","date_gmt":"2021-06-06T15:48:29","guid":{"rendered":"https:\/\/bomberos.puyo.gob.ec\/emergencia-medica-por-llamado-del-ecu911-la-unidad-a4-se-dirigio-al-secto\/"},"modified":"2021-06-07T13:38:39","modified_gmt":"2021-06-07T18:38:39","slug":"emergencia-medica-por-llamado-del-ecu911-la-unidad-a4-se-dirigio-al-secto","status":"publish","type":"post","link":"https:\/\/bomberos.puyo.gob.ec\/2019\/emergencia-medica-por-llamado-del-ecu911-la-unidad-a4-se-dirigio-al-secto\/","title":{"rendered":"|EMERGENCIA M\u00c9DICA|\n Por llamado del #ECU911, la unidad A4 se dirigi\u00f3 al secto&#8230;"},"content":{"rendered":"<div><span><\/p>\n<p>|EMERGENCIA M\u00c9DICA|<\/p>\n<p> Por llamado del <a class=\"_5ayv _qdx\" href=\"https:\/\/facebook.com\/hashtag\/ecu911?__tn__=%2As-R\"><span class=\"_5aw4 _qdz\">#ECU911<\/span><\/a>, la unidad A4 se dirigi\u00f3 al sector de R\u00edo Chico, llegando al lugar se atiende a un paciente de nombre: A. G. J. C. de 21 a\u00f1os, quien presenta una herida cortante en el hombro derecho m\u00e1s halitosis similar alcohol debido a una agresi\u00f3n f\u00edsica, es trasladado al Hospital General Puyo.<\/p>\n<p><\/span><\/div>\n<p><a href=\"https:\/\/facebook.com\/story.php?story_fbid=1941528799335982&amp;id=465093860312824&amp;__tn__=%2As%2As-R\" aria-label=\"Abrir historia\" class=\"_5msj\"><\/a><\/p>\n<p><a href=\"https:\/\/bomberos.puyo.gob.ec\/2019\/wp-content\/uploads\/1623091118_117_EMERGENCIA-MEDICA-Por-llamado-del-ECU911-la-unidad-A4-se.jpg\"><img decoding=\"async\" class=\"wp_automatic_fb_img\" title=\"\" src=\"https:\/\/bomberos.puyo.gob.ec\/2019\/wp-content\/uploads\/1623091118_117_EMERGENCIA-MEDICA-Por-llamado-del-ECU911-la-unidad-A4-se.jpg\" \/><\/a><br \/>\n<br \/><a href=\"https:\/\/www.facebook.com\/465093860312824\/posts\/1941528799335982\">en facebook&#8230; <\/a>  <\/p>\n","protected":false},"excerpt":{"rendered":"<div><span><\/p>\n<p>|EMERGENCIA M\u00c9DICA|<\/p>\n<p> Por llamado del <a class=\"_5ayv _qdx\" href=\"https:\/\/facebook.com\/hashtag\/ecu911?__tn__=%2As-R\"><span class=\"_5aw4 _qdz\">#ECU911<\/span><\/a>, la unidad A4 se dirigi\u00f3 al sector de R\u00edo Chico, llegando al lugar se atiende a un paciente de nombre: A. G. J. C. de 21 a\u00f1os, quien presenta una herida cortante en el hombro derecho m\u00e1s halitosis similar alcohol debido a una agresi\u00f3n f\u00edsica, es trasladado al Hospital General Puyo.<\/p>\n<p><\/span><\/div>\n<p><a href=\"https:\/\/facebook.com\/story.php?story_fbid=1941528799335982&amp;id=465093860312824&amp;__tn__=%2As%2As-R\" aria-label=\"Abrir historia\" class=\"_5msj\"><\/a><\/p>\n<p><a href=\"https:\/\/scontent.fuio15-1.fna.fbcdn.net\/v\/t1.6435-0\/p552x414\/194343213_1941528759335986_8359492786541725680_n.jpg?_nc_cat=110&#038;ccb=1-3&#038;_nc_sid=8bfeb9&#038;_nc_eui2=AeEqfcm40mkTw2sBjYXNLcwEDFssUehJJxIMWyxR6EknErgT4mhJ55gKwAZuMBQ1XGbVQvzHJ7oPQ57SGPc5bI3y&#038;_nc_ohc=6m5M115V1FoAX-Rq3EO&#038;_nc_ht=scontent.fuio15-1.fna&#038;tp=6&#038;oh=2a44e047b5774aeeef99b66445990baa&#038;oe=60E40434\"><img decoding=\"async\" class=\"wp_automatic_fb_img\" title=\"\" src=\"https:\/\/scontent.fuio15-1.fna.fbcdn.net\/v\/t1.6435-0\/p552x414\/194343213_1941528759335986_8359492786541725680_n.jpg?_nc_cat=110&#038;ccb=1-3&#038;_nc_sid=8bfeb9&#038;_nc_eui2=AeEqfcm40mkTw2sBjYXNLcwEDFssUehJJxIMWyxR6EknErgT4mhJ55gKwAZuMBQ1XGbVQvzHJ7oPQ57SGPc5bI3y&#038;_nc_ohc=6m5M115V1FoAX-Rq3EO&#038;_nc_ht=scontent.fuio15-1.fna&#038;tp=6&#038;oh=2a44e047b5774aeeef99b66445990baa&#038;oe=60E40434\" \/><\/a><\/p>\n","protected":false},"author":1,"featured_media":1993,"comment_status":"open","ping_status":"open","sticky":false,"template":"","format":"standard","meta":[],"categories":[1],"tags":[32,722,69,182,31,251,30,746,41],"_links":{"self":[{"href":"https:\/\/bomberos.puyo.gob.ec\/2019\/wp-json\/wp\/v2\/posts\/1992"}],"collection":[{"href":"https:\/\/bomberos.puyo.gob.ec\/2019\/wp-json\/wp\/v2\/posts"}],"about":[{"href":"https:\/\/bomberos.puyo.gob.ec\/2019\/wp-json\/wp\/v2\/types\/post"}],"author":[{"embeddable":true,"href":"https:\/\/bomberos.puyo.gob.ec\/2019\/wp-json\/wp\/v2\/users\/1"}],"replies":[{"embeddable":true,"href":"https:\/\/bomberos.puyo.gob.ec\/2019\/wp-json\/wp\/v2\/comments?post=1992"}],"version-history":[{"count":1,"href":"https:\/\/bomberos.puyo.gob.ec\/2019\/wp-json\/wp\/v2\/posts\/1992\/revisions"}],"predecessor-version":[{"id":1994,"href":"https:\/\/bomberos.puyo.gob.ec\/2019\/wp-json\/wp\/v2\/posts\/1992\/revisions\/1994"}],"wp:featuredmedia":[{"embeddable":true,"href":"https:\/\/bomberos.puyo.gob.ec\/2019\/wp-json\/wp\/v2\/media\/1993"}],"wp:attachment":[{"href":"https:\/\/bomberos.puyo.gob.ec\/2019\/wp-json\/wp\/v2\/media?parent=1992"}],"wp:term":[{"taxonomy":"category","embeddable":true,"href":"https:\/\/bomberos.puyo.gob.ec\/2019\/wp-json\/wp\/v2\/categories?post=1992"},{"taxonomy":"post_tag","embeddable":true,"href":"https:\/\/bomberos.puyo.gob.ec\/2019\/wp-json\/wp\/v2\/tags?post=1992"}],"curies":[{"name":"wp","href":"https:\/\/api.w.org\/{rel}","templated":true}]}}