{"id":1989,"date":"2021-06-06T18:11:00","date_gmt":"2021-06-06T23:11:00","guid":{"rendered":"https:\/\/bomberos.puyo.gob.ec\/emergencia-medica-por-llamado-del-ecu911-la-unidad-a4-se-dirigio-a-una-em\/"},"modified":"2021-06-07T12:37:51","modified_gmt":"2021-06-07T17:37:51","slug":"emergencia-medica-por-llamado-del-ecu911-la-unidad-a4-se-dirigio-a-una-em","status":"publish","type":"post","link":"https:\/\/bomberos.puyo.gob.ec\/2019\/emergencia-medica-por-llamado-del-ecu911-la-unidad-a4-se-dirigio-a-una-em\/","title":{"rendered":"|EMERGENCIA M\u00c9DICA|\n Por llamado del #ECU911, la unidad A4 se dirigi\u00f3 a una em&#8230;"},"content":{"rendered":"<p><div><span><\/p>\n<p>|EMERGENCIA M\u00c9DICA|<br \/> Por llamado del <a class=\"_5ayv _qdx\" href=\"https:\/\/facebook.com\/hashtag\/ecu911?__tn__=%2As-R\"><span class=\"_5aw4 _qdz\">#ECU911<\/span><\/a>, la unidad A4 se dirigi\u00f3 a una emergencia m\u00e9dica en el sector de la Primavera, en el lugar se atiende a una paciente de nombre: C. O. L. de 40 a\u00f1os de edad, quien presenta un trauma de hombro, producto de un accidente de tr\u00e1nsito, es trasladada al Hospital del IESS Puyo.<\/p>\n<p><\/span><\/div>\n<p><a href=\"https:\/\/facebook.com\/story.php?story_fbid=1941760529312809&amp;id=465093860312824&amp;__tn__=%2As%2As-R\" aria-label=\"Abrir historia\" class=\"_5msj\"><\/a><\/p>\n<p><a href=\"https:\/\/bomberos.puyo.gob.ec\/2019\/wp-content\/uploads\/1623087470_483_EMERGENCIA-MEDICA-Por-llamado-del-ECU911-la-unidad-A4-se.jpg\"><img decoding=\"async\" class=\"wp_automatic_fb_img\" title=\"\" src=\"https:\/\/bomberos.puyo.gob.ec\/2019\/wp-content\/uploads\/1623087470_483_EMERGENCIA-MEDICA-Por-llamado-del-ECU911-la-unidad-A4-se.jpg\" \/><\/a><br \/>\n<br \/><a href=\"https:\/\/www.facebook.com\/465093860312824\/posts\/1941760529312809\">en facebook&#8230; <\/a>  <\/p>\n","protected":false},"excerpt":{"rendered":"<p><div><span><\/p>\n<p>|EMERGENCIA M\u00c9DICA|<br \/> Por llamado del <a class=\"_5ayv _qdx\" href=\"https:\/\/facebook.com\/hashtag\/ecu911?__tn__=%2As-R\"><span class=\"_5aw4 _qdz\">#ECU911<\/span><\/a>, la unidad A4 se dirigi\u00f3 a una emergencia m\u00e9dica en el sector de la Primavera, en el lugar se atiende a una paciente de nombre: C. O. L. de 40 a\u00f1os de edad, quien presenta un trauma de hombro, producto de un accidente de tr\u00e1nsito, es trasladada al Hospital del IESS Puyo.<\/p>\n<p><\/span><\/div>\n<p><a href=\"https:\/\/facebook.com\/story.php?story_fbid=1941760529312809&amp;id=465093860312824&amp;__tn__=%2As%2As-R\" aria-label=\"Abrir historia\" class=\"_5msj\"><\/a><\/p>\n<p><a href=\"https:\/\/scontent.fuio15-1.fna.fbcdn.net\/v\/t1.6435-9\/s720x720\/194667779_1941760502646145_2167475825156448640_n.jpg?_nc_cat=100&#038;ccb=1-3&#038;_nc_sid=8bfeb9&#038;_nc_eui2=AeHdywFRAK4o0CWZZfq42e_lTN9ycQU22mJM33JxBTbaYh7z8r8Ro6LGogHYq_c59yhHihQxpqjebzZWmflrmKmV&#038;_nc_ohc=y6iGRLZFK8oAX_ewbxq&#038;_nc_ht=scontent.fuio15-1.fna&#038;tp=7&#038;oh=9c0cd5f486b26cd4d92d04cf8929ccd8&#038;oe=60E2C721\"><img decoding=\"async\" class=\"wp_automatic_fb_img\" title=\"\" src=\"https:\/\/scontent.fuio15-1.fna.fbcdn.net\/v\/t1.6435-9\/s720x720\/194667779_1941760502646145_2167475825156448640_n.jpg?_nc_cat=100&#038;ccb=1-3&#038;_nc_sid=8bfeb9&#038;_nc_eui2=AeHdywFRAK4o0CWZZfq42e_lTN9ycQU22mJM33JxBTbaYh7z8r8Ro6LGogHYq_c59yhHihQxpqjebzZWmflrmKmV&#038;_nc_ohc=y6iGRLZFK8oAX_ewbxq&#038;_nc_ht=scontent.fuio15-1.fna&#038;tp=7&#038;oh=9c0cd5f486b26cd4d92d04cf8929ccd8&#038;oe=60E2C721\" \/><\/a><\/p>\n","protected":false},"author":1,"featured_media":1990,"comment_status":"open","ping_status":"open","sticky":false,"template":"","format":"standard","meta":[],"categories":[1],"tags":[32,722,69,182,31,251,30,119,41],"_links":{"self":[{"href":"https:\/\/bomberos.puyo.gob.ec\/2019\/wp-json\/wp\/v2\/posts\/1989"}],"collection":[{"href":"https:\/\/bomberos.puyo.gob.ec\/2019\/wp-json\/wp\/v2\/posts"}],"about":[{"href":"https:\/\/bomberos.puyo.gob.ec\/2019\/wp-json\/wp\/v2\/types\/post"}],"author":[{"embeddable":true,"href":"https:\/\/bomberos.puyo.gob.ec\/2019\/wp-json\/wp\/v2\/users\/1"}],"replies":[{"embeddable":true,"href":"https:\/\/bomberos.puyo.gob.ec\/2019\/wp-json\/wp\/v2\/comments?post=1989"}],"version-history":[{"count":1,"href":"https:\/\/bomberos.puyo.gob.ec\/2019\/wp-json\/wp\/v2\/posts\/1989\/revisions"}],"predecessor-version":[{"id":1991,"href":"https:\/\/bomberos.puyo.gob.ec\/2019\/wp-json\/wp\/v2\/posts\/1989\/revisions\/1991"}],"wp:featuredmedia":[{"embeddable":true,"href":"https:\/\/bomberos.puyo.gob.ec\/2019\/wp-json\/wp\/v2\/media\/1990"}],"wp:attachment":[{"href":"https:\/\/bomberos.puyo.gob.ec\/2019\/wp-json\/wp\/v2\/media?parent=1989"}],"wp:term":[{"taxonomy":"category","embeddable":true,"href":"https:\/\/bomberos.puyo.gob.ec\/2019\/wp-json\/wp\/v2\/categories?post=1989"},{"taxonomy":"post_tag","embeddable":true,"href":"https:\/\/bomberos.puyo.gob.ec\/2019\/wp-json\/wp\/v2\/tags?post=1989"}],"curies":[{"name":"wp","href":"https:\/\/api.w.org\/{rel}","templated":true}]}}