{"id":1968,"date":"2021-06-01T07:00:04","date_gmt":"2021-06-01T12:00:04","guid":{"rendered":"https:\/\/bomberos.puyo.gob.ec\/capacitacion\/"},"modified":"2021-06-01T07:38:31","modified_gmt":"2021-06-01T12:38:31","slug":"capacitacion","status":"publish","type":"post","link":"https:\/\/bomberos.puyo.gob.ec\/2019\/capacitacion\/","title":{"rendered":"|CAPACITACI\u00d3N|&#8230;"},"content":{"rendered":"<p>|CAPACITACI\u00d3N|<\/p>\n<p>Nuestra instituci\u00f3n en su constante formaci\u00f3n de su recurso humano t\u00e9cnico operativo coordina con sus similares para poder especializar a su personal de bomberos acorde a sus funciones institucionales.<br \/>\nEsta ves se env\u00eda a 7 efectivos al CURSO DE BUSQUEDA Y RESCATE EN SELVA, mismo que fue dictado en la ciudad del Coca dirigido por  instructores del Cuerpo de Bomberos del Cant\u00f3n Francisco de Orellana.<br \/>\nCon esta especializaci\u00f3n nuestra  instituci\u00f3n mejora su operatividad en este tipo de emergencias.<\/p>\n<p><a href=\"https:\/\/bomberos.puyo.gob.ec\/2019\/wp-content\/uploads\/CAPACITACION.jpg\"><img decoding=\"async\" class=\"wp_automatic_fb_img\" title=\"\" src=\"https:\/\/bomberos.puyo.gob.ec\/2019\/wp-content\/uploads\/CAPACITACION.jpg\" \/><\/a><br \/><a href=\"https:\/\/bomberos.puyo.gob.ec\/2019\/wp-content\/uploads\/1622551109_728_CAPACITACION.jpg\"><img decoding=\"async\" class=\"wp_automatic_fb_img\" title=\"\" src=\"https:\/\/bomberos.puyo.gob.ec\/2019\/wp-content\/uploads\/1622551109_728_CAPACITACION.jpg\" \/><\/a><br \/><a href=\"https:\/\/bomberos.puyo.gob.ec\/2019\/wp-content\/uploads\/1622551109_213_CAPACITACION.jpg\"><img decoding=\"async\" class=\"wp_automatic_fb_img\" title=\"\" src=\"https:\/\/bomberos.puyo.gob.ec\/2019\/wp-content\/uploads\/1622551109_213_CAPACITACION.jpg\" \/><\/a><br \/><a href=\"https:\/\/bomberos.puyo.gob.ec\/2019\/wp-content\/uploads\/1622551109_10_CAPACITACION.jpg\"><img decoding=\"async\" class=\"wp_automatic_fb_img\" title=\"\" src=\"https:\/\/bomberos.puyo.gob.ec\/2019\/wp-content\/uploads\/1622551109_10_CAPACITACION.jpg\" \/><\/a><br \/><a href=\"https:\/\/bomberos.puyo.gob.ec\/2019\/wp-content\/uploads\/1622551109_348_CAPACITACION.jpg\"><img decoding=\"async\" class=\"wp_automatic_fb_img\" title=\"\" src=\"https:\/\/bomberos.puyo.gob.ec\/2019\/wp-content\/uploads\/1622551109_348_CAPACITACION.jpg\" \/><\/a><br \/>\n<br \/><a href=\"https:\/\/www.facebook.com\/465093860312824\/posts\/1937738716381657\">en facebook&#8230; <\/a>  <\/p>\n","protected":false},"excerpt":{"rendered":"<p>|CAPACITACI\u00d3N|<\/p>\n<p>Nuestra instituci\u00f3n en su constante formaci\u00f3n de su recurso humano t\u00e9cnico operativo coordina con sus similares para poder especializar a su personal de bomberos acorde a sus funciones institucionales.<br \/>\nEsta ves se env\u00eda a 7 efectivos al CURSO DE BUSQUEDA Y RESCATE EN SELVA, mismo que fue dictado en la ciudad del Coca dirigido por  instructores del Cuerpo de Bomberos del Cant\u00f3n Francisco de Orellana.<br \/>\nCon esta especializaci\u00f3n nuestra  instituci\u00f3n mejora su operatividad en este tipo de emergencias.<\/p>\n<p><a href=\"https:\/\/scontent.fuio15-1.fna.fbcdn.net\/v\/t1.6435-9\/192569337_1937738579715004_8094270887861482822_n.jpg?_nc_cat=101&#038;ccb=1-3&#038;_nc_sid=8bfeb9&#038;_nc_eui2=AeE8fKWu-2_2FEM8W_id6wvmGoElBK21BnsagSUErbUGe7VhswSQvAsRZFJ7due7HdqAhFKbVFGuMSxbG_HT1BJV&#038;_nc_ohc=emZusN-vkkwAX_qvl0s&#038;_nc_ht=scontent.fuio15-1.fna&#038;oh=d242aa3fc2a6c91de86c2741ccadcd3a&#038;oe=60DC7C77\"><img decoding=\"async\" class=\"wp_automatic_fb_img\" title=\"\" src=\"https:\/\/scontent.fuio15-1.fna.fbcdn.net\/v\/t1.6435-9\/192569337_1937738579715004_8094270887861482822_n.jpg?_nc_cat=101&#038;ccb=1-3&#038;_nc_sid=8bfeb9&#038;_nc_eui2=AeE8fKWu-2_2FEM8W_id6wvmGoElBK21BnsagSUErbUGe7VhswSQvAsRZFJ7due7HdqAhFKbVFGuMSxbG_HT1BJV&#038;_nc_ohc=emZusN-vkkwAX_qvl0s&#038;_nc_ht=scontent.fuio15-1.fna&#038;oh=d242aa3fc2a6c91de86c2741ccadcd3a&#038;oe=60DC7C77\" \/><\/a><br \/><a href=\"https:\/\/scontent.fuio15-1.fna.fbcdn.net\/v\/t1.6435-9\/193475542_1937738586381670_6388606145306934412_n.jpg?_nc_cat=101&#038;ccb=1-3&#038;_nc_sid=8bfeb9&#038;_nc_eui2=AeGwIqNbMszjcL0ciHUPFaYFlimjCixxfGWWKaMKLHF8ZaDvYTEzyjulLrtVNy3h8uW809ehEd7n7A0yY-l0l1Gw&#038;_nc_ohc=cbAGhtdgba0AX9QN1Ri&#038;_nc_ht=scontent.fuio15-1.fna&#038;oh=34c8dedd963b9971b3d7a288cfbee559&#038;oe=60DC5EBD\"><img decoding=\"async\" class=\"wp_automatic_fb_img\" title=\"\" src=\"https:\/\/scontent.fuio15-1.fna.fbcdn.net\/v\/t1.6435-9\/193475542_1937738586381670_6388606145306934412_n.jpg?_nc_cat=101&#038;ccb=1-3&#038;_nc_sid=8bfeb9&#038;_nc_eui2=AeGwIqNbMszjcL0ciHUPFaYFlimjCixxfGWWKaMKLHF8ZaDvYTEzyjulLrtVNy3h8uW809ehEd7n7A0yY-l0l1Gw&#038;_nc_ohc=cbAGhtdgba0AX9QN1Ri&#038;_nc_ht=scontent.fuio15-1.fna&#038;oh=34c8dedd963b9971b3d7a288cfbee559&#038;oe=60DC5EBD\" \/><\/a><br \/><a href=\"https:\/\/scontent.fuio15-1.fna.fbcdn.net\/v\/t1.6435-9\/195265544_1937738576381671_1671752088243225937_n.jpg?_nc_cat=104&#038;ccb=1-3&#038;_nc_sid=8bfeb9&#038;_nc_eui2=AeGsI6rYNQhkYwu3K8VecZxkh55MnrXD9GuHnkyetcP0awH2fTxlyY1e9KXgru930QZr5MPfZFAujdd4EVCbeSDP&#038;_nc_ohc=8FPNGmLZgCoAX9Z1i-U&#038;_nc_ht=scontent.fuio15-1.fna&#038;oh=d3d0f7b942495edd6dddc6503afb22eb&#038;oe=60DA83DE\"><img decoding=\"async\" class=\"wp_automatic_fb_img\" title=\"\" src=\"https:\/\/scontent.fuio15-1.fna.fbcdn.net\/v\/t1.6435-9\/195265544_1937738576381671_1671752088243225937_n.jpg?_nc_cat=104&#038;ccb=1-3&#038;_nc_sid=8bfeb9&#038;_nc_eui2=AeGsI6rYNQhkYwu3K8VecZxkh55MnrXD9GuHnkyetcP0awH2fTxlyY1e9KXgru930QZr5MPfZFAujdd4EVCbeSDP&#038;_nc_ohc=8FPNGmLZgCoAX9Z1i-U&#038;_nc_ht=scontent.fuio15-1.fna&#038;oh=d3d0f7b942495edd6dddc6503afb22eb&#038;oe=60DA83DE\" \/><\/a><br \/><a href=\"https:\/\/scontent.fuio15-1.fna.fbcdn.net\/v\/t1.6435-9\/194724062_1937738583048337_371963320137032445_n.jpg?_nc_cat=100&#038;ccb=1-3&#038;_nc_sid=8bfeb9&#038;_nc_eui2=AeFJ6HfJWFuAF-pJGlgVcR0j7IKr0de68nHsgqvR17rycaOe8LOaTt48O7Zem4FM2CQbD-AA_6zka6K4I8jaLw0V&#038;_nc_ohc=Qc5fIaoWaY8AX-HJBJg&#038;_nc_ht=scontent.fuio15-1.fna&#038;oh=f04aecdf805b7396daa334d9a9a42929&#038;oe=60DD4331\"><img decoding=\"async\" class=\"wp_automatic_fb_img\" title=\"\" src=\"https:\/\/scontent.fuio15-1.fna.fbcdn.net\/v\/t1.6435-9\/194724062_1937738583048337_371963320137032445_n.jpg?_nc_cat=100&#038;ccb=1-3&#038;_nc_sid=8bfeb9&#038;_nc_eui2=AeFJ6HfJWFuAF-pJGlgVcR0j7IKr0de68nHsgqvR17rycaOe8LOaTt48O7Zem4FM2CQbD-AA_6zka6K4I8jaLw0V&#038;_nc_ohc=Qc5fIaoWaY8AX-HJBJg&#038;_nc_ht=scontent.fuio15-1.fna&#038;oh=f04aecdf805b7396daa334d9a9a42929&#038;oe=60DD4331\" \/><\/a><br \/><a href=\"https:\/\/scontent.fuio15-1.fna.fbcdn.net\/v\/t1.6435-9\/194284421_1937738589715003_6809299204498819156_n.jpg?_nc_cat=111&#038;ccb=1-3&#038;_nc_sid=8bfeb9&#038;_nc_eui2=AeEcUH31qiveroFAufbpLtPiEWseskL7G2URax6yQvsbZQDTqHTnn6JeqxTDhsjHA7BalBIvku8mNvzSv7SqRwUw&#038;_nc_ohc=18tBUXSfa20AX_84ra0&#038;_nc_ht=scontent.fuio15-1.fna&#038;oh=21b5e6acbaff76842ce0228832643c96&#038;oe=60DD0D0C\"><img decoding=\"async\" class=\"wp_automatic_fb_img\" title=\"\" src=\"https:\/\/scontent.fuio15-1.fna.fbcdn.net\/v\/t1.6435-9\/194284421_1937738589715003_6809299204498819156_n.jpg?_nc_cat=111&#038;ccb=1-3&#038;_nc_sid=8bfeb9&#038;_nc_eui2=AeEcUH31qiveroFAufbpLtPiEWseskL7G2URax6yQvsbZQDTqHTnn6JeqxTDhsjHA7BalBIvku8mNvzSv7SqRwUw&#038;_nc_ohc=18tBUXSfa20AX_84ra0&#038;_nc_ht=scontent.fuio15-1.fna&#038;oh=21b5e6acbaff76842ce0228832643c96&#038;oe=60DD0D0C\" \/><\/a><\/p>\n","protected":false},"author":1,"featured_media":1969,"comment_status":"open","ping_status":"open","sticky":false,"template":"","format":"standard","meta":[],"categories":[1],"tags":[65],"_links":{"self":[{"href":"https:\/\/bomberos.puyo.gob.ec\/2019\/wp-json\/wp\/v2\/posts\/1968"}],"collection":[{"href":"https:\/\/bomberos.puyo.gob.ec\/2019\/wp-json\/wp\/v2\/posts"}],"about":[{"href":"https:\/\/bomberos.puyo.gob.ec\/2019\/wp-json\/wp\/v2\/types\/post"}],"author":[{"embeddable":true,"href":"https:\/\/bomberos.puyo.gob.ec\/2019\/wp-json\/wp\/v2\/users\/1"}],"replies":[{"embeddable":true,"href":"https:\/\/bomberos.puyo.gob.ec\/2019\/wp-json\/wp\/v2\/comments?post=1968"}],"version-history":[{"count":1,"href":"https:\/\/bomberos.puyo.gob.ec\/2019\/wp-json\/wp\/v2\/posts\/1968\/revisions"}],"predecessor-version":[{"id":1970,"href":"https:\/\/bomberos.puyo.gob.ec\/2019\/wp-json\/wp\/v2\/posts\/1968\/revisions\/1970"}],"wp:featuredmedia":[{"embeddable":true,"href":"https:\/\/bomberos.puyo.gob.ec\/2019\/wp-json\/wp\/v2\/media\/1969"}],"wp:attachment":[{"href":"https:\/\/bomberos.puyo.gob.ec\/2019\/wp-json\/wp\/v2\/media?parent=1968"}],"wp:term":[{"taxonomy":"category","embeddable":true,"href":"https:\/\/bomberos.puyo.gob.ec\/2019\/wp-json\/wp\/v2\/categories?post=1968"},{"taxonomy":"post_tag","embeddable":true,"href":"https:\/\/bomberos.puyo.gob.ec\/2019\/wp-json\/wp\/v2\/tags?post=1968"}],"curies":[{"name":"wp","href":"https:\/\/api.w.org\/{rel}","templated":true}]}}