{"id":1956,"date":"2021-05-30T14:10:57","date_gmt":"2021-05-30T19:10:57","guid":{"rendered":"https:\/\/bomberos.puyo.gob.ec\/emergencia-medica-8\/"},"modified":"2021-05-30T15:51:07","modified_gmt":"2021-05-30T20:51:07","slug":"emergencia-medica-8","status":"publish","type":"post","link":"https:\/\/bomberos.puyo.gob.ec\/2019\/emergencia-medica-8\/","title":{"rendered":"|EMERGENCIA M\u00c9DICA|&#8230;"},"content":{"rendered":"<p>|EMERGENCIA M\u00c9DICA|<br \/>\nPor llamado del #ECU911, la unidad A4 se dirigi\u00f3 a atender un accidente de tr\u00e1nsito en el sector del control de Mera, una vez en el lugar se confirma una colisi\u00f3n por p\u00e9rdida de pista de un autom\u00f3vil particular, se atiende a un paciente de sexo femenino de nombre: E. T. de 54 a\u00f1os de edad quien presenta trauma facial m\u00e1s fractura cerrada de tibia derecha por lo que es trasladada hasta el Hospital del IESS Puyo.<\/p>\n<p><a href=\"https:\/\/bomberos.puyo.gob.ec\/2019\/wp-content\/uploads\/1622407866_336_EMERGENCIA-MEDICA.jpg\"><img decoding=\"async\" class=\"wp_automatic_fb_img\" title=\"\" src=\"https:\/\/bomberos.puyo.gob.ec\/2019\/wp-content\/uploads\/1622407866_336_EMERGENCIA-MEDICA.jpg\" \/><\/a><br \/><a href=\"https:\/\/bomberos.puyo.gob.ec\/2019\/wp-content\/uploads\/1622407866_752_EMERGENCIA-MEDICA.jpg\"><img decoding=\"async\" class=\"wp_automatic_fb_img\" title=\"\" src=\"https:\/\/bomberos.puyo.gob.ec\/2019\/wp-content\/uploads\/1622407866_752_EMERGENCIA-MEDICA.jpg\" \/><\/a><br \/>\n<br \/><a href=\"https:\/\/www.facebook.com\/465093860312824\/posts\/1936559499832912\">en facebook&#8230; <\/a>  <\/p>\n","protected":false},"excerpt":{"rendered":"<p>|EMERGENCIA M\u00c9DICA|<br \/>\nPor llamado del #ECU911, la unidad A4 se dirigi\u00f3 a atender un accidente de tr\u00e1nsito en el sector del control de Mera, una vez en el lugar se confirma una colisi\u00f3n por p\u00e9rdida de pista de un autom\u00f3vil particular, se atiende a un paciente de sexo femenino de nombre: E. T. de 54 a\u00f1os de edad quien presenta trauma facial m\u00e1s fractura cerrada de tibia derecha por lo que es trasladada hasta el Hospital del IESS Puyo.<\/p>\n<p><a href=\"https:\/\/scontent.fuio15-1.fna.fbcdn.net\/v\/t1.6435-9\/191665356_1936559459832916_892465608345505833_n.jpg?_nc_cat=104&#038;ccb=1-3&#038;_nc_sid=8bfeb9&#038;_nc_eui2=AeFtxZUmL-svb-V_zRHI2TjiDhGoZvRVBQkOEahm9FUFCa49WvOF3ERCgWCynC6_mkHXxU6HyXVmNZdpzHT1yOax&#038;_nc_ohc=OCFQCZqOakYAX-jeZ0T&#038;_nc_ht=scontent.fuio15-1.fna&#038;oh=8303777d1b55b928cd035dfdc14ba471&#038;oe=60DAF96E\"><img decoding=\"async\" class=\"wp_automatic_fb_img\" title=\"\" src=\"https:\/\/scontent.fuio15-1.fna.fbcdn.net\/v\/t1.6435-9\/191665356_1936559459832916_892465608345505833_n.jpg?_nc_cat=104&#038;ccb=1-3&#038;_nc_sid=8bfeb9&#038;_nc_eui2=AeFtxZUmL-svb-V_zRHI2TjiDhGoZvRVBQkOEahm9FUFCa49WvOF3ERCgWCynC6_mkHXxU6HyXVmNZdpzHT1yOax&#038;_nc_ohc=OCFQCZqOakYAX-jeZ0T&#038;_nc_ht=scontent.fuio15-1.fna&#038;oh=8303777d1b55b928cd035dfdc14ba471&#038;oe=60DAF96E\" \/><\/a><br \/><a href=\"https:\/\/scontent.fuio15-1.fna.fbcdn.net\/v\/t1.6435-9\/192066581_1936559466499582_1458857242086193218_n.jpg?_nc_cat=108&#038;ccb=1-3&#038;_nc_sid=8bfeb9&#038;_nc_eui2=AeFHLP8bDvjOkEbyA0K2UGXRRVPuivPKoA1FU-6K88qgDTtK4yXQ-SYQdhFXGsftCkpi8iZ1qtT8thzohq2ToENi&#038;_nc_ohc=xVqlsA-mrG4AX8tDEak&#038;_nc_ht=scontent.fuio15-1.fna&#038;oh=1a3efc5d584e7af52325d8c91910c0a7&#038;oe=60DA7EF2\"><img decoding=\"async\" class=\"wp_automatic_fb_img\" title=\"\" src=\"https:\/\/scontent.fuio15-1.fna.fbcdn.net\/v\/t1.6435-9\/192066581_1936559466499582_1458857242086193218_n.jpg?_nc_cat=108&#038;ccb=1-3&#038;_nc_sid=8bfeb9&#038;_nc_eui2=AeFHLP8bDvjOkEbyA0K2UGXRRVPuivPKoA1FU-6K88qgDTtK4yXQ-SYQdhFXGsftCkpi8iZ1qtT8thzohq2ToENi&#038;_nc_ohc=xVqlsA-mrG4AX8tDEak&#038;_nc_ht=scontent.fuio15-1.fna&#038;oh=1a3efc5d584e7af52325d8c91910c0a7&#038;oe=60DA7EF2\" \/><\/a><\/p>\n","protected":false},"author":1,"featured_media":1957,"comment_status":"open","ping_status":"open","sticky":false,"template":"","format":"standard","meta":[],"categories":[1],"tags":[182,251],"_links":{"self":[{"href":"https:\/\/bomberos.puyo.gob.ec\/2019\/wp-json\/wp\/v2\/posts\/1956"}],"collection":[{"href":"https:\/\/bomberos.puyo.gob.ec\/2019\/wp-json\/wp\/v2\/posts"}],"about":[{"href":"https:\/\/bomberos.puyo.gob.ec\/2019\/wp-json\/wp\/v2\/types\/post"}],"author":[{"embeddable":true,"href":"https:\/\/bomberos.puyo.gob.ec\/2019\/wp-json\/wp\/v2\/users\/1"}],"replies":[{"embeddable":true,"href":"https:\/\/bomberos.puyo.gob.ec\/2019\/wp-json\/wp\/v2\/comments?post=1956"}],"version-history":[{"count":1,"href":"https:\/\/bomberos.puyo.gob.ec\/2019\/wp-json\/wp\/v2\/posts\/1956\/revisions"}],"predecessor-version":[{"id":1958,"href":"https:\/\/bomberos.puyo.gob.ec\/2019\/wp-json\/wp\/v2\/posts\/1956\/revisions\/1958"}],"wp:featuredmedia":[{"embeddable":true,"href":"https:\/\/bomberos.puyo.gob.ec\/2019\/wp-json\/wp\/v2\/media\/1957"}],"wp:attachment":[{"href":"https:\/\/bomberos.puyo.gob.ec\/2019\/wp-json\/wp\/v2\/media?parent=1956"}],"wp:term":[{"taxonomy":"category","embeddable":true,"href":"https:\/\/bomberos.puyo.gob.ec\/2019\/wp-json\/wp\/v2\/categories?post=1956"},{"taxonomy":"post_tag","embeddable":true,"href":"https:\/\/bomberos.puyo.gob.ec\/2019\/wp-json\/wp\/v2\/tags?post=1956"}],"curies":[{"name":"wp","href":"https:\/\/api.w.org\/{rel}","templated":true}]}}