{"id":1944,"date":"2021-05-29T18:08:44","date_gmt":"2021-05-29T23:08:44","guid":{"rendered":"https:\/\/bomberos.puyo.gob.ec\/emergencia-medica-por-llamado-del-ecu911-la-unidad-a5-se-dirigio-a-la-cal-2\/"},"modified":"2021-05-29T18:09:40","modified_gmt":"2021-05-29T23:09:40","slug":"emergencia-medica-por-llamado-del-ecu911-la-unidad-a5-se-dirigio-a-la-cal-2","status":"publish","type":"post","link":"https:\/\/bomberos.puyo.gob.ec\/2019\/emergencia-medica-por-llamado-del-ecu911-la-unidad-a5-se-dirigio-a-la-cal-2\/","title":{"rendered":"|EMERGENCIA M\u00c9DICA|\n Por llamado del #ECU911, la unidad A5 se dirigi\u00f3 a la cal&#8230;"},"content":{"rendered":"<div><span><\/p>\n<p>|EMERGENCIA M\u00c9DICA|<\/p>\n<p> Por llamado del <a class=\"_5ayv _qdx\" href=\"https:\/\/facebook.com\/hashtag\/ecu911?__tn__=%2As-R\"><span class=\"_5aw4 _qdz\">#ECU911<\/span><\/a>, la unidad A5 se dirigi\u00f3 a la calle Sucre y 9 de Octubre en el lugar se atiende a una paciente de nombre: E. S. de 33 a\u00f1os de edad, misma que presenta aborto incompleto, es transportada al Hospital general Puyo donde recibe la recibe el m\u00e9dico en turno.<\/p>\n<p><\/span><\/div>\n<p><a href=\"https:\/\/facebook.com\/story.php?story_fbid=1935911803231015&amp;id=465093860312824&amp;__tn__=%2As%2As-R\" aria-label=\"Abrir historia\" class=\"_5msj\"><\/a><\/p>\n<p><a href=\"https:\/\/bomberos.puyo.gob.ec\/2019\/wp-content\/uploads\/1622329779_128_EMERGENCIA-MEDICA-Por-llamado-del-ECU911-la-unidad-A5-se.jpg\"><img decoding=\"async\" class=\"wp_automatic_fb_img\" title=\"\" src=\"https:\/\/bomberos.puyo.gob.ec\/2019\/wp-content\/uploads\/1622329779_128_EMERGENCIA-MEDICA-Por-llamado-del-ECU911-la-unidad-A5-se.jpg\" \/><\/a><br \/>\n<br \/><a href=\"https:\/\/www.facebook.com\/465093860312824\/posts\/1935911803231015\">en facebook&#8230; <\/a>  <\/p>\n","protected":false},"excerpt":{"rendered":"<div><span><\/p>\n<p>|EMERGENCIA M\u00c9DICA|<\/p>\n<p> Por llamado del <a class=\"_5ayv _qdx\" href=\"https:\/\/facebook.com\/hashtag\/ecu911?__tn__=%2As-R\"><span class=\"_5aw4 _qdz\">#ECU911<\/span><\/a>, la unidad A5 se dirigi\u00f3 a la calle Sucre y 9 de Octubre en el lugar se atiende a una paciente de nombre: E. S. de 33 a\u00f1os de edad, misma que presenta aborto incompleto, es transportada al Hospital general Puyo donde recibe la recibe el m\u00e9dico en turno.<\/p>\n<p><\/span><\/div>\n<p><a href=\"https:\/\/facebook.com\/story.php?story_fbid=1935911803231015&amp;id=465093860312824&amp;__tn__=%2As%2As-R\" aria-label=\"Abrir historia\" class=\"_5msj\"><\/a><\/p>\n<p><a href=\"https:\/\/scontent.fuio15-1.fna.fbcdn.net\/v\/t1.6435-9\/s720x720\/192030534_1935911769897685_1957779824731243862_n.jpg?_nc_cat=102&#038;ccb=1-3&#038;_nc_sid=8bfeb9&#038;_nc_eui2=AeHYa2lcXI5G57MVwYcA9HsLjcEJjx0DNXeNwQmPHQM1d5qTtXZtZCxVwqLg1_yWUBjBKllmI47YxJmzbel5X3lp&#038;_nc_ohc=vnNc3o-trFEAX8-OFHN&#038;_nc_ht=scontent.fuio15-1.fna&#038;tp=7&#038;oh=b0f509af10b7dd50e64b8ecc763ac280&#038;oe=60D97D0B\"><img decoding=\"async\" class=\"wp_automatic_fb_img\" title=\"\" src=\"https:\/\/scontent.fuio15-1.fna.fbcdn.net\/v\/t1.6435-9\/s720x720\/192030534_1935911769897685_1957779824731243862_n.jpg?_nc_cat=102&#038;ccb=1-3&#038;_nc_sid=8bfeb9&#038;_nc_eui2=AeHYa2lcXI5G57MVwYcA9HsLjcEJjx0DNXeNwQmPHQM1d5qTtXZtZCxVwqLg1_yWUBjBKllmI47YxJmzbel5X3lp&#038;_nc_ohc=vnNc3o-trFEAX8-OFHN&#038;_nc_ht=scontent.fuio15-1.fna&#038;tp=7&#038;oh=b0f509af10b7dd50e64b8ecc763ac280&#038;oe=60D97D0B\" \/><\/a><\/p>\n","protected":false},"author":1,"featured_media":1945,"comment_status":"open","ping_status":"open","sticky":false,"template":"","format":"standard","meta":[],"categories":[1],"tags":[725,32,722,69,182,31,251,30,41],"_links":{"self":[{"href":"https:\/\/bomberos.puyo.gob.ec\/2019\/wp-json\/wp\/v2\/posts\/1944"}],"collection":[{"href":"https:\/\/bomberos.puyo.gob.ec\/2019\/wp-json\/wp\/v2\/posts"}],"about":[{"href":"https:\/\/bomberos.puyo.gob.ec\/2019\/wp-json\/wp\/v2\/types\/post"}],"author":[{"embeddable":true,"href":"https:\/\/bomberos.puyo.gob.ec\/2019\/wp-json\/wp\/v2\/users\/1"}],"replies":[{"embeddable":true,"href":"https:\/\/bomberos.puyo.gob.ec\/2019\/wp-json\/wp\/v2\/comments?post=1944"}],"version-history":[{"count":1,"href":"https:\/\/bomberos.puyo.gob.ec\/2019\/wp-json\/wp\/v2\/posts\/1944\/revisions"}],"predecessor-version":[{"id":1946,"href":"https:\/\/bomberos.puyo.gob.ec\/2019\/wp-json\/wp\/v2\/posts\/1944\/revisions\/1946"}],"wp:featuredmedia":[{"embeddable":true,"href":"https:\/\/bomberos.puyo.gob.ec\/2019\/wp-json\/wp\/v2\/media\/1945"}],"wp:attachment":[{"href":"https:\/\/bomberos.puyo.gob.ec\/2019\/wp-json\/wp\/v2\/media?parent=1944"}],"wp:term":[{"taxonomy":"category","embeddable":true,"href":"https:\/\/bomberos.puyo.gob.ec\/2019\/wp-json\/wp\/v2\/categories?post=1944"},{"taxonomy":"post_tag","embeddable":true,"href":"https:\/\/bomberos.puyo.gob.ec\/2019\/wp-json\/wp\/v2\/tags?post=1944"}],"curies":[{"name":"wp","href":"https:\/\/api.w.org\/{rel}","templated":true}]}}