{"id":1935,"date":"2021-05-27T10:13:33","date_gmt":"2021-05-27T15:13:33","guid":{"rendered":"https:\/\/bomberos.puyo.gob.ec\/emergencia-medica-por-llamado-del-ecu911-la-unidad-a5-se-dirigio-a-la-av-2\/"},"modified":"2021-05-27T10:47:31","modified_gmt":"2021-05-27T15:47:31","slug":"emergencia-medica-por-llamado-del-ecu911-la-unidad-a5-se-dirigio-a-la-av-2","status":"publish","type":"post","link":"https:\/\/bomberos.puyo.gob.ec\/2019\/emergencia-medica-por-llamado-del-ecu911-la-unidad-a5-se-dirigio-a-la-av-2\/","title":{"rendered":"|EMERGENCIA M\u00c9DICA|\n Por llamado del #ECU911, la unidad A5 se dirigi\u00f3 a la Av &#8230;"},"content":{"rendered":"<div><span><\/p>\n<p>|EMERGENCIA M\u00c9DICA|<\/p>\n<p> Por llamado del <a class=\"_5ayv _qdx\" href=\"https:\/\/facebook.com\/hashtag\/ecu911?__tn__=%2As-R\"><span class=\"_5aw4 _qdz\">#ECU911<\/span><\/a>, la unidad A5 se dirigi\u00f3 a la Av Alberto Zambrano sector del Terminal Terrestre, en el lugar se atiende a una paciente de nombre: G. U. de 29 a\u00f1os de edad, quien presenta IVU (infecci\u00f3n de v\u00edas urinarias) es transportada al Hospital General Puyo donde la recibe el m\u00e9dico en turno.<\/p>\n<p><\/span><\/div>\n<p><a href=\"https:\/\/facebook.com\/story.php?story_fbid=1934117230077139&amp;id=465093860312824&amp;__tn__=%2As%2As-R\" aria-label=\"Abrir historia\" class=\"_5msj\"><\/a><\/p>\n<p><a href=\"https:\/\/bomberos.puyo.gob.ec\/2019\/wp-content\/uploads\/1622130450_969_EMERGENCIA-MEDICA-Por-llamado-del-ECU911-la-unidad-A5-se.jpg\"><img decoding=\"async\" class=\"wp_automatic_fb_img\" title=\"\" src=\"https:\/\/bomberos.puyo.gob.ec\/2019\/wp-content\/uploads\/1622130450_969_EMERGENCIA-MEDICA-Por-llamado-del-ECU911-la-unidad-A5-se.jpg\" \/><\/a><br \/>\n<br \/><a href=\"https:\/\/www.facebook.com\/465093860312824\/posts\/1934117230077139\">en facebook&#8230; <\/a>  <\/p>\n","protected":false},"excerpt":{"rendered":"<div><span><\/p>\n<p>|EMERGENCIA M\u00c9DICA|<\/p>\n<p> Por llamado del <a class=\"_5ayv _qdx\" href=\"https:\/\/facebook.com\/hashtag\/ecu911?__tn__=%2As-R\"><span class=\"_5aw4 _qdz\">#ECU911<\/span><\/a>, la unidad A5 se dirigi\u00f3 a la Av Alberto Zambrano sector del Terminal Terrestre, en el lugar se atiende a una paciente de nombre: G. U. de 29 a\u00f1os de edad, quien presenta IVU (infecci\u00f3n de v\u00edas urinarias) es transportada al Hospital General Puyo donde la recibe el m\u00e9dico en turno.<\/p>\n<p><\/span><\/div>\n<p><a href=\"https:\/\/facebook.com\/story.php?story_fbid=1934117230077139&amp;id=465093860312824&amp;__tn__=%2As%2As-R\" aria-label=\"Abrir historia\" class=\"_5msj\"><\/a><\/p>\n<p><a href=\"https:\/\/scontent.fuio15-1.fna.fbcdn.net\/v\/t1.6435-9\/s720x720\/190243917_1934117200077142_8292718452340025014_n.jpg?_nc_cat=104&#038;ccb=1-3&#038;_nc_sid=8bfeb9&#038;_nc_eui2=AeGpcDYFEa4Sz3tmAYfbu5WlaCP2yusrItxoI_bK6ysi3OREmRxwmI-5-ONHiL4-vc9Rvek9oG9tnrsyYGc0FANC&#038;_nc_ohc=2q-WOwPUakgAX8VXRP2&#038;_nc_ht=scontent.fuio15-1.fna&#038;tp=7&#038;oh=7d25fc1cd3444b53c27e95a9b4a2aab7&#038;oe=60D697C4\"><img decoding=\"async\" class=\"wp_automatic_fb_img\" title=\"\" src=\"https:\/\/scontent.fuio15-1.fna.fbcdn.net\/v\/t1.6435-9\/s720x720\/190243917_1934117200077142_8292718452340025014_n.jpg?_nc_cat=104&#038;ccb=1-3&#038;_nc_sid=8bfeb9&#038;_nc_eui2=AeGpcDYFEa4Sz3tmAYfbu5WlaCP2yusrItxoI_bK6ysi3OREmRxwmI-5-ONHiL4-vc9Rvek9oG9tnrsyYGc0FANC&#038;_nc_ohc=2q-WOwPUakgAX8VXRP2&#038;_nc_ht=scontent.fuio15-1.fna&#038;tp=7&#038;oh=7d25fc1cd3444b53c27e95a9b4a2aab7&#038;oe=60D697C4\" \/><\/a><\/p>\n","protected":false},"author":1,"featured_media":1936,"comment_status":"open","ping_status":"open","sticky":false,"template":"","format":"standard","meta":[],"categories":[1],"tags":[32,722,69,182,31,251,30,41],"_links":{"self":[{"href":"https:\/\/bomberos.puyo.gob.ec\/2019\/wp-json\/wp\/v2\/posts\/1935"}],"collection":[{"href":"https:\/\/bomberos.puyo.gob.ec\/2019\/wp-json\/wp\/v2\/posts"}],"about":[{"href":"https:\/\/bomberos.puyo.gob.ec\/2019\/wp-json\/wp\/v2\/types\/post"}],"author":[{"embeddable":true,"href":"https:\/\/bomberos.puyo.gob.ec\/2019\/wp-json\/wp\/v2\/users\/1"}],"replies":[{"embeddable":true,"href":"https:\/\/bomberos.puyo.gob.ec\/2019\/wp-json\/wp\/v2\/comments?post=1935"}],"version-history":[{"count":1,"href":"https:\/\/bomberos.puyo.gob.ec\/2019\/wp-json\/wp\/v2\/posts\/1935\/revisions"}],"predecessor-version":[{"id":1937,"href":"https:\/\/bomberos.puyo.gob.ec\/2019\/wp-json\/wp\/v2\/posts\/1935\/revisions\/1937"}],"wp:featuredmedia":[{"embeddable":true,"href":"https:\/\/bomberos.puyo.gob.ec\/2019\/wp-json\/wp\/v2\/media\/1936"}],"wp:attachment":[{"href":"https:\/\/bomberos.puyo.gob.ec\/2019\/wp-json\/wp\/v2\/media?parent=1935"}],"wp:term":[{"taxonomy":"category","embeddable":true,"href":"https:\/\/bomberos.puyo.gob.ec\/2019\/wp-json\/wp\/v2\/categories?post=1935"},{"taxonomy":"post_tag","embeddable":true,"href":"https:\/\/bomberos.puyo.gob.ec\/2019\/wp-json\/wp\/v2\/tags?post=1935"}],"curies":[{"name":"wp","href":"https:\/\/api.w.org\/{rel}","templated":true}]}}