{"id":1932,"date":"2021-05-26T21:51:16","date_gmt":"2021-05-27T02:51:16","guid":{"rendered":"https:\/\/bomberos.puyo.gob.ec\/emergencia-medica-5\/"},"modified":"2021-05-26T22:13:04","modified_gmt":"2021-05-27T03:13:04","slug":"emergencia-medica-5","status":"publish","type":"post","link":"https:\/\/bomberos.puyo.gob.ec\/2019\/emergencia-medica-5\/","title":{"rendered":"|EMERGENCIA M\u00c9DICA|&#8230;"},"content":{"rendered":"<p>|EMERGENCIA M\u00c9DICA|<\/p>\n<p>Por llamado del #ECU911, la unidad A4 se dirigi\u00f3 al caser\u00edo San Francisco, en el lugar se atiende a un paciente de nombre: T. Ch. S. de 34 a\u00f1os de edad, quien presenta una crisis convulsiva con antecedentes de un tumor  maligno, es trasladado al Hospital General Puyo el cual es valorado por el m\u00e9dico en turno.<\/p>\n<p><a href=\"https:\/\/bomberos.puyo.gob.ec\/2019\/wp-content\/uploads\/1622085183_979_EMERGENCIA-MEDICA.jpg\"><img decoding=\"async\" class=\"wp_automatic_fb_img\" title=\"\" src=\"https:\/\/bomberos.puyo.gob.ec\/2019\/wp-content\/uploads\/1622085183_979_EMERGENCIA-MEDICA.jpg\" \/><\/a><br \/>\n<br \/><a href=\"https:\/\/www.facebook.com\/465093860312824\/posts\/1933723120116550\">en facebook&#8230; <\/a>  <\/p>\n","protected":false},"excerpt":{"rendered":"<p>|EMERGENCIA M\u00c9DICA|<\/p>\n<p>Por llamado del #ECU911, la unidad A4 se dirigi\u00f3 al caser\u00edo San Francisco, en el lugar se atiende a un paciente de nombre: T. Ch. S. de 34 a\u00f1os de edad, quien presenta una crisis convulsiva con antecedentes de un tumor  maligno, es trasladado al Hospital General Puyo el cual es valorado por el m\u00e9dico en turno.<\/p>\n<p><a href=\"https:\/\/scontent.fuio15-1.fna.fbcdn.net\/v\/t1.6435-0\/s640x640\/174068352_1933723093449886_5618418059672763480_n.jpg?_nc_cat=104&#038;ccb=1-3&#038;_nc_sid=8bfeb9&#038;_nc_eui2=AeHmbqxGrhNebV5ob132qPrtNDR3qFyoVJk0NHeoXKhUmYf3RRfykXxB8rnQHn6QrEGGmyF4ViQculpzm8WRQk09&#038;_nc_ohc=rXJ9LbjPjTEAX_kKxbV&#038;_nc_ht=scontent.fuio15-1.fna&#038;tp=7&#038;oh=0e5e121cc05ce72dbd481bb16d3234b4&#038;oe=60D2D3FB\"><img decoding=\"async\" class=\"wp_automatic_fb_img\" title=\"\" src=\"https:\/\/scontent.fuio15-1.fna.fbcdn.net\/v\/t1.6435-0\/s640x640\/174068352_1933723093449886_5618418059672763480_n.jpg?_nc_cat=104&#038;ccb=1-3&#038;_nc_sid=8bfeb9&#038;_nc_eui2=AeHmbqxGrhNebV5ob132qPrtNDR3qFyoVJk0NHeoXKhUmYf3RRfykXxB8rnQHn6QrEGGmyF4ViQculpzm8WRQk09&#038;_nc_ohc=rXJ9LbjPjTEAX_kKxbV&#038;_nc_ht=scontent.fuio15-1.fna&#038;tp=7&#038;oh=0e5e121cc05ce72dbd481bb16d3234b4&#038;oe=60D2D3FB\" \/><\/a><\/p>\n","protected":false},"author":1,"featured_media":1933,"comment_status":"open","ping_status":"open","sticky":false,"template":"","format":"standard","meta":[],"categories":[1],"tags":[182,251],"_links":{"self":[{"href":"https:\/\/bomberos.puyo.gob.ec\/2019\/wp-json\/wp\/v2\/posts\/1932"}],"collection":[{"href":"https:\/\/bomberos.puyo.gob.ec\/2019\/wp-json\/wp\/v2\/posts"}],"about":[{"href":"https:\/\/bomberos.puyo.gob.ec\/2019\/wp-json\/wp\/v2\/types\/post"}],"author":[{"embeddable":true,"href":"https:\/\/bomberos.puyo.gob.ec\/2019\/wp-json\/wp\/v2\/users\/1"}],"replies":[{"embeddable":true,"href":"https:\/\/bomberos.puyo.gob.ec\/2019\/wp-json\/wp\/v2\/comments?post=1932"}],"version-history":[{"count":1,"href":"https:\/\/bomberos.puyo.gob.ec\/2019\/wp-json\/wp\/v2\/posts\/1932\/revisions"}],"predecessor-version":[{"id":1934,"href":"https:\/\/bomberos.puyo.gob.ec\/2019\/wp-json\/wp\/v2\/posts\/1932\/revisions\/1934"}],"wp:featuredmedia":[{"embeddable":true,"href":"https:\/\/bomberos.puyo.gob.ec\/2019\/wp-json\/wp\/v2\/media\/1933"}],"wp:attachment":[{"href":"https:\/\/bomberos.puyo.gob.ec\/2019\/wp-json\/wp\/v2\/media?parent=1932"}],"wp:term":[{"taxonomy":"category","embeddable":true,"href":"https:\/\/bomberos.puyo.gob.ec\/2019\/wp-json\/wp\/v2\/categories?post=1932"},{"taxonomy":"post_tag","embeddable":true,"href":"https:\/\/bomberos.puyo.gob.ec\/2019\/wp-json\/wp\/v2\/tags?post=1932"}],"curies":[{"name":"wp","href":"https:\/\/api.w.org\/{rel}","templated":true}]}}