{"id":1920,"date":"2021-05-24T23:07:53","date_gmt":"2021-05-25T04:07:53","guid":{"rendered":"https:\/\/bomberos.puyo.gob.ec\/emergencia-medica-por-llamado-del-ecu911-la-unidad-a4-se-dirigio-a-las-ca\/"},"modified":"2021-05-25T00:03:58","modified_gmt":"2021-05-25T05:03:58","slug":"emergencia-medica-por-llamado-del-ecu911-la-unidad-a4-se-dirigio-a-las-ca","status":"publish","type":"post","link":"https:\/\/bomberos.puyo.gob.ec\/2019\/emergencia-medica-por-llamado-del-ecu911-la-unidad-a4-se-dirigio-a-las-ca\/","title":{"rendered":"|EMERGENCIA M\u00c9DICA|\n Por llamado del #ECU911, la unidad A4 se dirigi\u00f3 a las ca&#8230;"},"content":{"rendered":"<div><span><\/p>\n<p>|EMERGENCIA M\u00c9DICA|<\/p>\n<p> Por llamado del <a class=\"_5ayv _qdx\" href=\"https:\/\/facebook.com\/hashtag\/ecu911?__tn__=%2As-R\"><span class=\"_5aw4 _qdz\">#ECU911<\/span><\/a>, la unidad A4 se dirigi\u00f3 a las calles 9 de Octubre y Sucre, llegando al lugar se atiende a una paciente de nombre: S. W. N. de 19 a\u00f1os de edad, quien presenta una herida cortante en el brazo debido a una agresi\u00f3n f\u00edsica, es trasladada al Hospital General Puyo.<\/p>\n<p><\/span><\/div>\n<p><a href=\"https:\/\/facebook.com\/story.php?story_fbid=1932230133599182&amp;id=465093860312824&amp;__tn__=%2As%2As-R\" aria-label=\"Abrir historia\" class=\"_5msj\"><\/a><\/p>\n<p><a href=\"https:\/\/bomberos.puyo.gob.ec\/2019\/wp-content\/uploads\/1621919037_197_EMERGENCIA-MEDICA-Por-llamado-del-ECU911-la-unidad-A4-se.jpg\"><img decoding=\"async\" class=\"wp_automatic_fb_img\" title=\"\" src=\"https:\/\/bomberos.puyo.gob.ec\/2019\/wp-content\/uploads\/1621919037_197_EMERGENCIA-MEDICA-Por-llamado-del-ECU911-la-unidad-A4-se.jpg\" \/><\/a><br \/>\n<br \/><a href=\"https:\/\/www.facebook.com\/465093860312824\/posts\/1932230133599182\">en facebook&#8230; <\/a>  <\/p>\n","protected":false},"excerpt":{"rendered":"<div><span><\/p>\n<p>|EMERGENCIA M\u00c9DICA|<\/p>\n<p> Por llamado del <a class=\"_5ayv _qdx\" href=\"https:\/\/facebook.com\/hashtag\/ecu911?__tn__=%2As-R\"><span class=\"_5aw4 _qdz\">#ECU911<\/span><\/a>, la unidad A4 se dirigi\u00f3 a las calles 9 de Octubre y Sucre, llegando al lugar se atiende a una paciente de nombre: S. W. N. de 19 a\u00f1os de edad, quien presenta una herida cortante en el brazo debido a una agresi\u00f3n f\u00edsica, es trasladada al Hospital General Puyo.<\/p>\n<p><\/span><\/div>\n<p><a href=\"https:\/\/facebook.com\/story.php?story_fbid=1932230133599182&amp;id=465093860312824&amp;__tn__=%2As%2As-R\" aria-label=\"Abrir historia\" class=\"_5msj\"><\/a><\/p>\n<p><a href=\"https:\/\/scontent.fuio15-1.fna.fbcdn.net\/v\/t1.6435-0\/s640x640\/188959977_1932230080265854_4311484872494342574_n.jpg?_nc_cat=102&#038;ccb=1-3&#038;_nc_sid=8bfeb9&#038;_nc_eui2=AeFGlSYwM49Fa3wuN-cc25bV8vNlQ1wWuTTy82VDXBa5NJ-zQkWyLvLMzag6gNYvbSaPHunzvrM9GInX2i9MLeUe&#038;_nc_ohc=Cq4_DWDiu2MAX9WYuhE&#038;_nc_ht=scontent.fuio15-1.fna&#038;tp=7&#038;oh=e391a679a1a3eb2cfe45bfbf906941ec&#038;oe=60D27D0A\"><img decoding=\"async\" class=\"wp_automatic_fb_img\" title=\"\" src=\"https:\/\/scontent.fuio15-1.fna.fbcdn.net\/v\/t1.6435-0\/s640x640\/188959977_1932230080265854_4311484872494342574_n.jpg?_nc_cat=102&#038;ccb=1-3&#038;_nc_sid=8bfeb9&#038;_nc_eui2=AeFGlSYwM49Fa3wuN-cc25bV8vNlQ1wWuTTy82VDXBa5NJ-zQkWyLvLMzag6gNYvbSaPHunzvrM9GInX2i9MLeUe&#038;_nc_ohc=Cq4_DWDiu2MAX9WYuhE&#038;_nc_ht=scontent.fuio15-1.fna&#038;tp=7&#038;oh=e391a679a1a3eb2cfe45bfbf906941ec&#038;oe=60D27D0A\" \/><\/a><\/p>\n","protected":false},"author":1,"featured_media":1921,"comment_status":"open","ping_status":"open","sticky":false,"template":"","format":"standard","meta":[],"categories":[1],"tags":[32,722,69,182,22,31,251,30,41],"_links":{"self":[{"href":"https:\/\/bomberos.puyo.gob.ec\/2019\/wp-json\/wp\/v2\/posts\/1920"}],"collection":[{"href":"https:\/\/bomberos.puyo.gob.ec\/2019\/wp-json\/wp\/v2\/posts"}],"about":[{"href":"https:\/\/bomberos.puyo.gob.ec\/2019\/wp-json\/wp\/v2\/types\/post"}],"author":[{"embeddable":true,"href":"https:\/\/bomberos.puyo.gob.ec\/2019\/wp-json\/wp\/v2\/users\/1"}],"replies":[{"embeddable":true,"href":"https:\/\/bomberos.puyo.gob.ec\/2019\/wp-json\/wp\/v2\/comments?post=1920"}],"version-history":[{"count":1,"href":"https:\/\/bomberos.puyo.gob.ec\/2019\/wp-json\/wp\/v2\/posts\/1920\/revisions"}],"predecessor-version":[{"id":1922,"href":"https:\/\/bomberos.puyo.gob.ec\/2019\/wp-json\/wp\/v2\/posts\/1920\/revisions\/1922"}],"wp:featuredmedia":[{"embeddable":true,"href":"https:\/\/bomberos.puyo.gob.ec\/2019\/wp-json\/wp\/v2\/media\/1921"}],"wp:attachment":[{"href":"https:\/\/bomberos.puyo.gob.ec\/2019\/wp-json\/wp\/v2\/media?parent=1920"}],"wp:term":[{"taxonomy":"category","embeddable":true,"href":"https:\/\/bomberos.puyo.gob.ec\/2019\/wp-json\/wp\/v2\/categories?post=1920"},{"taxonomy":"post_tag","embeddable":true,"href":"https:\/\/bomberos.puyo.gob.ec\/2019\/wp-json\/wp\/v2\/tags?post=1920"}],"curies":[{"name":"wp","href":"https:\/\/api.w.org\/{rel}","templated":true}]}}