{"id":1914,"date":"2021-05-24T11:42:16","date_gmt":"2021-05-24T16:42:16","guid":{"rendered":"https:\/\/bomberos.puyo.gob.ec\/viva-la-independencia-de-la-republica-del-ecuador-democratico-y-amazonico\/"},"modified":"2021-05-24T12:37:22","modified_gmt":"2021-05-24T17:37:22","slug":"viva-la-independencia-de-la-republica-del-ecuador-democratico-y-amazonico","status":"publish","type":"post","link":"https:\/\/bomberos.puyo.gob.ec\/2019\/viva-la-independencia-de-la-republica-del-ecuador-democratico-y-amazonico\/","title":{"rendered":"\u201cViva la independencia de la Rep\u00fablica del Ecuador Democr\u00e1tico y Amaz\u00f3nico\u201d\n &#8230;"},"content":{"rendered":"<p>\ud83c\uddea\ud83c\udde8 \u201cViva la independencia de la Rep\u00fablica del Ecuador Democr\u00e1tico y Amaz\u00f3nico\u201d<br \/>\n Este 24 de mayo conmemoramos los 199 a\u00f1os de la batalla de Pichincha \ud83d\udc9b\ud83d\udc99\u2764\ufe0f<\/p>\n<p><a href=\"https:\/\/facebook.com\/story.php?story_fbid=1931878973634298&amp;id=465093860312824&amp;__tn__=%2As%2As-R\" aria-label=\"Abrir historia\" class=\"_5msj\"><\/a><\/p>\n<p><a href=\"https:\/\/bomberos.puyo.gob.ec\/2019\/wp-content\/uploads\/\u201cViva-la-independencia-de-la-Republica-del-Ecuador-Democratico-y.jpg\"><img decoding=\"async\" class=\"wp_automatic_fb_img\" title=\"\" src=\"https:\/\/bomberos.puyo.gob.ec\/2019\/wp-content\/uploads\/\u201cViva-la-independencia-de-la-Republica-del-Ecuador-Democratico-y.jpg\" \/><\/a><br \/>\n<br \/><a href=\"https:\/\/www.facebook.com\/465093860312824\/posts\/1931878973634298\">en facebook&#8230; <\/a>  <\/p>\n","protected":false},"excerpt":{"rendered":"<p>\ud83c\uddea\ud83c\udde8 \u201cViva la independencia de la Rep\u00fablica del Ecuador Democr\u00e1tico y Amaz\u00f3nico\u201d<br \/>\n Este 24 de mayo conmemoramos los 199 a\u00f1os de la batalla de Pichincha \ud83d\udc9b\ud83d\udc99\u2764\ufe0f<\/p>\n<p><a href=\"https:\/\/facebook.com\/story.php?story_fbid=1931878973634298&amp;id=465093860312824&amp;__tn__=%2As%2As-R\" aria-label=\"Abrir historia\" class=\"_5msj\"><\/a><\/p>\n<p><a href=\"https:\/\/scontent.fuio15-1.fna.fbcdn.net\/v\/t1.6435-0\/p180x540\/189146673_1931878930300969_2170043235328271209_n.jpg?_nc_cat=110&#038;ccb=1-3&#038;_nc_sid=8bfeb9&#038;_nc_eui2=AeHmOmiEj-H_hAEAOvHHsB5t1cKBIoC6vSTVwoEigLq9JLFPar9LJ7pNSKqz-9t81p5nQSuzdRQH13-kko7bebgG&#038;_nc_ohc=_tPn41BELy0AX_RuffR&#038;_nc_ht=scontent.fuio15-1.fna&#038;tp=6&#038;oh=6e8773d7faef90a2f3902bfa982b7aca&#038;oe=60D176A4\"><img decoding=\"async\" class=\"wp_automatic_fb_img\" title=\"\" src=\"https:\/\/scontent.fuio15-1.fna.fbcdn.net\/v\/t1.6435-0\/p180x540\/189146673_1931878930300969_2170043235328271209_n.jpg?_nc_cat=110&#038;ccb=1-3&#038;_nc_sid=8bfeb9&#038;_nc_eui2=AeHmOmiEj-H_hAEAOvHHsB5t1cKBIoC6vSTVwoEigLq9JLFPar9LJ7pNSKqz-9t81p5nQSuzdRQH13-kko7bebgG&#038;_nc_ohc=_tPn41BELy0AX_RuffR&#038;_nc_ht=scontent.fuio15-1.fna&#038;tp=6&#038;oh=6e8773d7faef90a2f3902bfa982b7aca&#038;oe=60D176A4\" \/><\/a><\/p>\n","protected":false},"author":1,"featured_media":1915,"comment_status":"open","ping_status":"open","sticky":false,"template":"","format":"standard","meta":[],"categories":[1],"tags":[733,32,732,155,730,731,729],"_links":{"self":[{"href":"https:\/\/bomberos.puyo.gob.ec\/2019\/wp-json\/wp\/v2\/posts\/1914"}],"collection":[{"href":"https:\/\/bomberos.puyo.gob.ec\/2019\/wp-json\/wp\/v2\/posts"}],"about":[{"href":"https:\/\/bomberos.puyo.gob.ec\/2019\/wp-json\/wp\/v2\/types\/post"}],"author":[{"embeddable":true,"href":"https:\/\/bomberos.puyo.gob.ec\/2019\/wp-json\/wp\/v2\/users\/1"}],"replies":[{"embeddable":true,"href":"https:\/\/bomberos.puyo.gob.ec\/2019\/wp-json\/wp\/v2\/comments?post=1914"}],"version-history":[{"count":1,"href":"https:\/\/bomberos.puyo.gob.ec\/2019\/wp-json\/wp\/v2\/posts\/1914\/revisions"}],"predecessor-version":[{"id":1916,"href":"https:\/\/bomberos.puyo.gob.ec\/2019\/wp-json\/wp\/v2\/posts\/1914\/revisions\/1916"}],"wp:featuredmedia":[{"embeddable":true,"href":"https:\/\/bomberos.puyo.gob.ec\/2019\/wp-json\/wp\/v2\/media\/1915"}],"wp:attachment":[{"href":"https:\/\/bomberos.puyo.gob.ec\/2019\/wp-json\/wp\/v2\/media?parent=1914"}],"wp:term":[{"taxonomy":"category","embeddable":true,"href":"https:\/\/bomberos.puyo.gob.ec\/2019\/wp-json\/wp\/v2\/categories?post=1914"},{"taxonomy":"post_tag","embeddable":true,"href":"https:\/\/bomberos.puyo.gob.ec\/2019\/wp-json\/wp\/v2\/tags?post=1914"}],"curies":[{"name":"wp","href":"https:\/\/api.w.org\/{rel}","templated":true}]}}