{"id":1896,"date":"2021-05-20T07:35:03","date_gmt":"2021-05-20T12:35:03","guid":{"rendered":"https:\/\/bomberos.puyo.gob.ec\/entrevista-al-mgs-rolando-ramos-comandante-del-cuerpo-de-bomberos-municipal\/"},"modified":"2021-05-20T09:12:47","modified_gmt":"2021-05-20T14:12:47","slug":"entrevista-al-mgs-rolando-ramos-comandante-del-cuerpo-de-bomberos-municipal","status":"publish","type":"post","link":"https:\/\/bomberos.puyo.gob.ec\/2019\/entrevista-al-mgs-rolando-ramos-comandante-del-cuerpo-de-bomberos-municipal\/","title":{"rendered":"Entrevista al Mgs. Rolando Ramos, Comandante del Cuerpo de Bomberos Municipal &#8230;"},"content":{"rendered":"<p><img decoding=\"async\"  title=\"\" src=\"https:\/\/bomberos.puyo.gob.ec\/2019\/wp-content\/uploads\/Entrevista-al-Mgs-Rolando-Ramos-Comandante-del-Cuerpo-de-Bomberos.jpg\" \/><\/a><\/p>\n<div><span><\/p>\n<p>Entrevista al Mgs. Rolando Ramos, Comandante del Cuerpo de Bomberos Municipal del cant\u00f3n Pastaza, informa del trabajo realizado en atenci\u00f3n a la ciudadan\u00eda.<\/p>\n<p><\/span><\/div>\n<p><a href=\"https:\/\/facebook.com\/story.php?story_fbid=1928697063952489&amp;id=465093860312824&amp;__tn__=%2As%2As-R\" aria-label=\"Abrir historia\" class=\"_5msj\"><\/a><\/p>\n<div><span><\/p>\n<p><a class=\"_5ayv _qdx\" href=\"https:\/\/facebook.com\/hashtag\/mokawanoticias?__tn__=%2AsH-R\"><span class=\"_5aw4 _qdz\">#MokawaNoticias<\/span><\/a> |<\/p>\n<p> Este jueves 20 de mayo, en <a class=\"_5ayv _qdx\" href=\"https:\/\/facebook.com\/hashtag\/laentrevista?__tn__=%2AsH-R\"><span class=\"_5aw4 _qdz\">#LaEntrevista<\/span><\/a> nos acompa\u00f1a el Mgs. Rolando Ramos, Comandante del Cuerpo de Bomberos Municipal del Cant\u00f3n Pastaza. <\/p>\n<p> <a href=\"https:\/\/lm.facebook.com\/l.php?u=http%3A%2F%2Fwww.mokawafm.com%2F%3Ffbclid%3DIwAR3CyYQdmImrBkIEInvDeHgYTeyftrU-jaynPu3tMSHiDFnPhlFnQW_JP0E&amp;h=AT269RYkeRisIu-_CN4T8KAIz-3AuqW3g7QGTOBWpj9hP2Av9Omjhj58BL4J1jX7mykBnTHuTbTFBtoDqhhkXvkjYQ140bmFCrZiD0jVLBoes861v1kbE-N4aMIUgTG0bidyr2GZzXte2t2vSC7jvSTTCXLsng\" target=\"_blank\" rel=\"noopener noreferrer\" data-sigil=\"MLynx_asynclazy\">www.mokawafm.com<\/a><\/p>\n<p><\/span><\/div>\n<p><a href=\"https:\/\/facebook.com\/story.php?story_fbid=945517889616149&amp;id=147892282651686&amp;__tn__=%2As%2AsH-R\" aria-label=\"Abrir historia\" class=\"_5msj\"><\/a><\/p>\n<p>[fb_vid  mute=1  autoplay= \u00abtrue\u00bb  id=\u00bb945517889616149&#8243;]\n<br \/><a href=\"https:\/\/www.facebook.com\/465093860312824\/posts\/1928697063952489\">en facebook&#8230; <\/a>  <\/p>\n","protected":false},"excerpt":{"rendered":"<p><img decoding=\"async\"  title=\"\" src=\"https:\/\/scontent.fuio15-1.fna.fbcdn.net\/v\/t15.13418-10\/p180x540\/183423630_1159395017835984_1336682295386055692_n.jpg?_nc_cat=102&#038;ccb=1-3&#038;_nc_sid=ad6a45&#038;_nc_eui2=AeFOGJk6VhzC8jJHUuA4AKGYUE-_Efbmw4FQT78R9ubDgYA6-0ShRSxSp93oOl0yFStmB4aRTesCJIauBJfYs2Ss&#038;_nc_ohc=S-0hIdiFUEsAX9DaS5a&#038;_nc_ht=scontent.fuio15-1.fna&#038;tp=6&#038;oh=d2e8d7572cf7cea646596529ed354fca&#038;oe=60CA7456\" \/><\/a><\/p>\n<div><span><\/p>\n<p>Entrevista al Mgs. Rolando Ramos, Comandante del Cuerpo de Bomberos Municipal del cant\u00f3n Pastaza, informa del trabajo realizado en atenci\u00f3n a la ciudadan\u00eda.<\/p>\n<p><\/span><\/div>\n<p><a href=\"https:\/\/facebook.com\/story.php?story_fbid=1928697063952489&amp;id=465093860312824&amp;__tn__=%2As%2As-R\" aria-label=\"Abrir historia\" class=\"_5msj\"><\/a><\/p>\n<div><span><\/p>\n<p><a class=\"_5ayv _qdx\" href=\"https:\/\/facebook.com\/hashtag\/mokawanoticias?__tn__=%2AsH-R\"><span class=\"_5aw4 _qdz\">#MokawaNoticias<\/span><\/a> |<\/p>\n<p> Este jueves 20 de mayo, en <a class=\"_5ayv _qdx\" href=\"https:\/\/facebook.com\/hashtag\/laentrevista?__tn__=%2AsH-R\"><span class=\"_5aw4 _qdz\">#LaEntrevista<\/span><\/a> nos acompa\u00f1a el Mgs. Rolando Ramos, Comandante del Cuerpo de Bomberos Municipal del Cant\u00f3n Pastaza. <\/p>\n<p> <a href=\"https:\/\/lm.facebook.com\/l.php?u=http%3A%2F%2Fwww.mokawafm.com%2F%3Ffbclid%3DIwAR3CyYQdmImrBkIEInvDeHgYTeyftrU-jaynPu3tMSHiDFnPhlFnQW_JP0E&amp;h=AT269RYkeRisIu-_CN4T8KAIz-3AuqW3g7QGTOBWpj9hP2Av9Omjhj58BL4J1jX7mykBnTHuTbTFBtoDqhhkXvkjYQ140bmFCrZiD0jVLBoes861v1kbE-N4aMIUgTG0bidyr2GZzXte2t2vSC7jvSTTCXLsng\" target=\"_blank\" rel=\"noopener noreferrer\" data-sigil=\"MLynx_asynclazy\">www.mokawafm.com<\/a><\/p>\n<p><\/span><\/div>\n<p><a href=\"https:\/\/facebook.com\/story.php?story_fbid=945517889616149&amp;id=147892282651686&amp;__tn__=%2As%2AsH-R\" aria-label=\"Abrir historia\" class=\"_5msj\"><\/a><\/p>\n<p>[fb_vid  mute=1  autoplay= \u00abtrue\u00bb  id=\u00bb945517889616149&#8243;]<\/p>\n","protected":false},"author":1,"featured_media":1897,"comment_status":"open","ping_status":"open","sticky":false,"template":"","format":"standard","meta":[],"categories":[1],"tags":[73,322,64,32,272,727,728,726,138,512,511],"_links":{"self":[{"href":"https:\/\/bomberos.puyo.gob.ec\/2019\/wp-json\/wp\/v2\/posts\/1896"}],"collection":[{"href":"https:\/\/bomberos.puyo.gob.ec\/2019\/wp-json\/wp\/v2\/posts"}],"about":[{"href":"https:\/\/bomberos.puyo.gob.ec\/2019\/wp-json\/wp\/v2\/types\/post"}],"author":[{"embeddable":true,"href":"https:\/\/bomberos.puyo.gob.ec\/2019\/wp-json\/wp\/v2\/users\/1"}],"replies":[{"embeddable":true,"href":"https:\/\/bomberos.puyo.gob.ec\/2019\/wp-json\/wp\/v2\/comments?post=1896"}],"version-history":[{"count":1,"href":"https:\/\/bomberos.puyo.gob.ec\/2019\/wp-json\/wp\/v2\/posts\/1896\/revisions"}],"predecessor-version":[{"id":1898,"href":"https:\/\/bomberos.puyo.gob.ec\/2019\/wp-json\/wp\/v2\/posts\/1896\/revisions\/1898"}],"wp:featuredmedia":[{"embeddable":true,"href":"https:\/\/bomberos.puyo.gob.ec\/2019\/wp-json\/wp\/v2\/media\/1897"}],"wp:attachment":[{"href":"https:\/\/bomberos.puyo.gob.ec\/2019\/wp-json\/wp\/v2\/media?parent=1896"}],"wp:term":[{"taxonomy":"category","embeddable":true,"href":"https:\/\/bomberos.puyo.gob.ec\/2019\/wp-json\/wp\/v2\/categories?post=1896"},{"taxonomy":"post_tag","embeddable":true,"href":"https:\/\/bomberos.puyo.gob.ec\/2019\/wp-json\/wp\/v2\/tags?post=1896"}],"curies":[{"name":"wp","href":"https:\/\/api.w.org\/{rel}","templated":true}]}}