{"id":1887,"date":"2021-05-19T07:30:38","date_gmt":"2021-05-19T12:30:38","guid":{"rendered":"https:\/\/bomberos.puyo.gob.ec\/traslado-del-interior-por-llamado-del-ecu911-la-unidad-r3-se-dirigio-a-la\/"},"modified":"2021-05-19T07:52:53","modified_gmt":"2021-05-19T12:52:53","slug":"traslado-del-interior-por-llamado-del-ecu911-la-unidad-r3-se-dirigio-a-la","status":"publish","type":"post","link":"https:\/\/bomberos.puyo.gob.ec\/2019\/traslado-del-interior-por-llamado-del-ecu911-la-unidad-r3-se-dirigio-a-la\/","title":{"rendered":"|TRASLADO DEL INTERIOR|\n Por llamado del #ECU911, la unidad R3 se dirigi\u00f3 a la&#8230;"},"content":{"rendered":"<div><span><\/p>\n<p>|TRASLADO DEL INTERIOR|<\/p>\n<p> Por llamado del <a class=\"_5ayv _qdx\" href=\"https:\/\/facebook.com\/hashtag\/ecu911?__tn__=%2As-R\"><span class=\"_5aw4 _qdz\">#ECU911<\/span><\/a>, la unidad R3 se dirigi\u00f3 a la comunidad Wisiu, se toma contacto con una paciente de nombre: T. V. C. de 19 a\u00f1os de edad, quien presenta 19 semanas de embarazo con fuerte dolor abdominal, es trasladada hasta el Hospital del D\u00eda de la parroquia de Shell.<\/p>\n<p><\/span><\/div>\n<p><a href=\"https:\/\/facebook.com\/story.php?story_fbid=1927908444031351&amp;id=465093860312824&amp;__tn__=%2As%2As-R\" aria-label=\"Abrir historia\" class=\"_5msj\"><\/a><\/p>\n<p><a href=\"https:\/\/bomberos.puyo.gob.ec\/2019\/wp-content\/uploads\/TRASLADO-DEL-INTERIOR-Por-llamado-del-ECU911-la-unidad-R3.jpg\"><img decoding=\"async\" class=\"wp_automatic_fb_img\" title=\"\" src=\"https:\/\/bomberos.puyo.gob.ec\/2019\/wp-content\/uploads\/TRASLADO-DEL-INTERIOR-Por-llamado-del-ECU911-la-unidad-R3.jpg\" \/><\/a><br \/>\n<br \/><a href=\"https:\/\/www.facebook.com\/465093860312824\/posts\/1927908444031351\">en facebook&#8230; <\/a>  <\/p>\n","protected":false},"excerpt":{"rendered":"<div><span><\/p>\n<p>|TRASLADO DEL INTERIOR|<\/p>\n<p> Por llamado del <a class=\"_5ayv _qdx\" href=\"https:\/\/facebook.com\/hashtag\/ecu911?__tn__=%2As-R\"><span class=\"_5aw4 _qdz\">#ECU911<\/span><\/a>, la unidad R3 se dirigi\u00f3 a la comunidad Wisiu, se toma contacto con una paciente de nombre: T. V. C. de 19 a\u00f1os de edad, quien presenta 19 semanas de embarazo con fuerte dolor abdominal, es trasladada hasta el Hospital del D\u00eda de la parroquia de Shell.<\/p>\n<p><\/span><\/div>\n<p><a href=\"https:\/\/facebook.com\/story.php?story_fbid=1927908444031351&amp;id=465093860312824&amp;__tn__=%2As%2As-R\" aria-label=\"Abrir historia\" class=\"_5msj\"><\/a><\/p>\n<p><a href=\"https:\/\/scontent.fuio15-1.fna.fbcdn.net\/v\/t1.6435-9\/s720x720\/188677585_1927908407364688_6740629006722864100_n.jpg?_nc_cat=106&#038;ccb=1-3&#038;_nc_sid=8bfeb9&#038;_nc_eui2=AeHoqjGMBoL0y8hSdTBLeJzoYFCVCEc7ZKhgUJUIRztkqN3vUWdfaXET8r7Bxqx2AFqNb8f8eiqP-HJPFIfMRgJi&#038;_nc_ohc=R0Do4uG3Ub8AX_BXU8D&#038;_nc_ht=scontent.fuio15-1.fna&#038;tp=7&#038;oh=02e089485e8e12f5c61d00557a420f4f&#038;oe=60C8ACC5\"><img decoding=\"async\" class=\"wp_automatic_fb_img\" title=\"\" src=\"https:\/\/scontent.fuio15-1.fna.fbcdn.net\/v\/t1.6435-9\/s720x720\/188677585_1927908407364688_6740629006722864100_n.jpg?_nc_cat=106&#038;ccb=1-3&#038;_nc_sid=8bfeb9&#038;_nc_eui2=AeHoqjGMBoL0y8hSdTBLeJzoYFCVCEc7ZKhgUJUIRztkqN3vUWdfaXET8r7Bxqx2AFqNb8f8eiqP-HJPFIfMRgJi&#038;_nc_ohc=R0Do4uG3Ub8AX_BXU8D&#038;_nc_ht=scontent.fuio15-1.fna&#038;tp=7&#038;oh=02e089485e8e12f5c61d00557a420f4f&#038;oe=60C8ACC5\" \/><\/a><\/p>\n","protected":false},"author":1,"featured_media":1888,"comment_status":"open","ping_status":"open","sticky":false,"template":"","format":"standard","meta":[],"categories":[1],"tags":[32,722,69,724,31,30,723,41],"_links":{"self":[{"href":"https:\/\/bomberos.puyo.gob.ec\/2019\/wp-json\/wp\/v2\/posts\/1887"}],"collection":[{"href":"https:\/\/bomberos.puyo.gob.ec\/2019\/wp-json\/wp\/v2\/posts"}],"about":[{"href":"https:\/\/bomberos.puyo.gob.ec\/2019\/wp-json\/wp\/v2\/types\/post"}],"author":[{"embeddable":true,"href":"https:\/\/bomberos.puyo.gob.ec\/2019\/wp-json\/wp\/v2\/users\/1"}],"replies":[{"embeddable":true,"href":"https:\/\/bomberos.puyo.gob.ec\/2019\/wp-json\/wp\/v2\/comments?post=1887"}],"version-history":[{"count":1,"href":"https:\/\/bomberos.puyo.gob.ec\/2019\/wp-json\/wp\/v2\/posts\/1887\/revisions"}],"predecessor-version":[{"id":1889,"href":"https:\/\/bomberos.puyo.gob.ec\/2019\/wp-json\/wp\/v2\/posts\/1887\/revisions\/1889"}],"wp:featuredmedia":[{"embeddable":true,"href":"https:\/\/bomberos.puyo.gob.ec\/2019\/wp-json\/wp\/v2\/media\/1888"}],"wp:attachment":[{"href":"https:\/\/bomberos.puyo.gob.ec\/2019\/wp-json\/wp\/v2\/media?parent=1887"}],"wp:term":[{"taxonomy":"category","embeddable":true,"href":"https:\/\/bomberos.puyo.gob.ec\/2019\/wp-json\/wp\/v2\/categories?post=1887"},{"taxonomy":"post_tag","embeddable":true,"href":"https:\/\/bomberos.puyo.gob.ec\/2019\/wp-json\/wp\/v2\/tags?post=1887"}],"curies":[{"name":"wp","href":"https:\/\/api.w.org\/{rel}","templated":true}]}}