{"id":1875,"date":"2021-05-16T18:16:25","date_gmt":"2021-05-16T23:16:25","guid":{"rendered":"https:\/\/bomberos.puyo.gob.ec\/emergencia-medica-por-llamado-del-ecu911-la-unidad-a5-se-dirigio-a-la-av\/"},"modified":"2021-05-18T13:57:47","modified_gmt":"2021-05-18T18:57:47","slug":"emergencia-medica-por-llamado-del-ecu911-la-unidad-a5-se-dirigio-a-la-av","status":"publish","type":"post","link":"https:\/\/bomberos.puyo.gob.ec\/2019\/emergencia-medica-por-llamado-del-ecu911-la-unidad-a5-se-dirigio-a-la-av\/","title":{"rendered":"|EMERGENCIA M\u00c9DICA|\n Por llamado del #ECU911, la unidad A5 se dirigi\u00f3 a la Av&#8230;."},"content":{"rendered":"<div><span><\/p>\n<p>|EMERGENCIA M\u00c9DICA|<\/p>\n<p> Por llamado del <a class=\"_5ayv _qdx\" href=\"https:\/\/facebook.com\/hashtag\/ecu911?__tn__=%2As-R\"><span class=\"_5aw4 _qdz\">#ECU911<\/span><\/a>, la unidad A5 se dirigi\u00f3 a la Av. Ceslao Mar\u00edn, en el lugar se atendi\u00f3 a un paciente de nombre: G. Ch. De 69 a\u00f1os de edad, mismo que presenta <a class=\"_5ayv _qdx\" href=\"https:\/\/facebook.com\/hashtag\/covid?__tn__=%2As-R\"><span class=\"_5aw4 _qdz\">#COVID<\/span><\/a>-19, es transportado al Hospital General Puyo donde lo recibe el m\u00e9dico en. turno.<\/p>\n<p><\/span><\/div>\n<p><a href=\"https:\/\/facebook.com\/story.php?story_fbid=1925744480914414&amp;id=465093860312824&amp;__tn__=%2As%2As-R\" aria-label=\"Abrir historia\" class=\"_5msj\"><\/a><\/p>\n<p><a href=\"https:\/\/bomberos.puyo.gob.ec\/2019\/wp-content\/uploads\/EMERGENCIA-MEDICA-Por-llamado-del-ECU911-la-unidad-A5-se.jpg\"><img decoding=\"async\" class=\"wp_automatic_fb_img\" title=\"\" src=\"https:\/\/bomberos.puyo.gob.ec\/2019\/wp-content\/uploads\/EMERGENCIA-MEDICA-Por-llamado-del-ECU911-la-unidad-A5-se.jpg\" \/><\/a><br \/>\n<br \/><a href=\"https:\/\/www.facebook.com\/465093860312824\/posts\/1925744480914414\">en facebook&#8230; <\/a>  <\/p>\n","protected":false},"excerpt":{"rendered":"<div><span><\/p>\n<p>|EMERGENCIA M\u00c9DICA|<\/p>\n<p> Por llamado del <a class=\"_5ayv _qdx\" href=\"https:\/\/facebook.com\/hashtag\/ecu911?__tn__=%2As-R\"><span class=\"_5aw4 _qdz\">#ECU911<\/span><\/a>, la unidad A5 se dirigi\u00f3 a la Av. Ceslao Mar\u00edn, en el lugar se atendi\u00f3 a un paciente de nombre: G. Ch. De 69 a\u00f1os de edad, mismo que presenta <a class=\"_5ayv _qdx\" href=\"https:\/\/facebook.com\/hashtag\/covid?__tn__=%2As-R\"><span class=\"_5aw4 _qdz\">#COVID<\/span><\/a>-19, es transportado al Hospital General Puyo donde lo recibe el m\u00e9dico en. turno.<\/p>\n<p><\/span><\/div>\n<p><a href=\"https:\/\/facebook.com\/story.php?story_fbid=1925744480914414&amp;id=465093860312824&amp;__tn__=%2As%2As-R\" aria-label=\"Abrir historia\" class=\"_5msj\"><\/a><\/p>\n<p><a href=\"https:\/\/scontent.fuio15-1.fna.fbcdn.net\/v\/t1.6435-0\/s640x640\/186445128_1925744430914419_687018312397684248_n.jpg?_nc_cat=104&#038;ccb=1-3&#038;_nc_sid=8bfeb9&#038;_nc_eui2=AeFuDGg-elsVpm5jOxhc0xdOahGP1qAa4GhqEY_WoBrgaPP4vNcXfyydyLvR94GzrA4hHbAaOWOPPSGlvSe4vuPK&#038;_nc_ohc=jLvI_8xhyRYAX-aAVdB&#038;_nc_ht=scontent.fuio15-1.fna&#038;tp=7&#038;oh=27cb652bcf667a8bb880bdc959f85708&#038;oe=60C7D9FC\"><img decoding=\"async\" class=\"wp_automatic_fb_img\" title=\"\" src=\"https:\/\/scontent.fuio15-1.fna.fbcdn.net\/v\/t1.6435-0\/s640x640\/186445128_1925744430914419_687018312397684248_n.jpg?_nc_cat=104&#038;ccb=1-3&#038;_nc_sid=8bfeb9&#038;_nc_eui2=AeFuDGg-elsVpm5jOxhc0xdOahGP1qAa4GhqEY_WoBrgaPP4vNcXfyydyLvR94GzrA4hHbAaOWOPPSGlvSe4vuPK&#038;_nc_ohc=jLvI_8xhyRYAX-aAVdB&#038;_nc_ht=scontent.fuio15-1.fna&#038;tp=7&#038;oh=27cb652bcf667a8bb880bdc959f85708&#038;oe=60C7D9FC\" \/><\/a><\/p>\n","protected":false},"author":1,"featured_media":1876,"comment_status":"open","ping_status":"open","sticky":false,"template":"","format":"standard","meta":[],"categories":[1],"tags":[721,32,722,69,182,31,251,30,41],"_links":{"self":[{"href":"https:\/\/bomberos.puyo.gob.ec\/2019\/wp-json\/wp\/v2\/posts\/1875"}],"collection":[{"href":"https:\/\/bomberos.puyo.gob.ec\/2019\/wp-json\/wp\/v2\/posts"}],"about":[{"href":"https:\/\/bomberos.puyo.gob.ec\/2019\/wp-json\/wp\/v2\/types\/post"}],"author":[{"embeddable":true,"href":"https:\/\/bomberos.puyo.gob.ec\/2019\/wp-json\/wp\/v2\/users\/1"}],"replies":[{"embeddable":true,"href":"https:\/\/bomberos.puyo.gob.ec\/2019\/wp-json\/wp\/v2\/comments?post=1875"}],"version-history":[{"count":1,"href":"https:\/\/bomberos.puyo.gob.ec\/2019\/wp-json\/wp\/v2\/posts\/1875\/revisions"}],"predecessor-version":[{"id":1877,"href":"https:\/\/bomberos.puyo.gob.ec\/2019\/wp-json\/wp\/v2\/posts\/1875\/revisions\/1877"}],"wp:featuredmedia":[{"embeddable":true,"href":"https:\/\/bomberos.puyo.gob.ec\/2019\/wp-json\/wp\/v2\/media\/1876"}],"wp:attachment":[{"href":"https:\/\/bomberos.puyo.gob.ec\/2019\/wp-json\/wp\/v2\/media?parent=1875"}],"wp:term":[{"taxonomy":"category","embeddable":true,"href":"https:\/\/bomberos.puyo.gob.ec\/2019\/wp-json\/wp\/v2\/categories?post=1875"},{"taxonomy":"post_tag","embeddable":true,"href":"https:\/\/bomberos.puyo.gob.ec\/2019\/wp-json\/wp\/v2\/tags?post=1875"}],"curies":[{"name":"wp","href":"https:\/\/api.w.org\/{rel}","templated":true}]}}