{"id":1778,"date":"2020-04-11T11:38:01","date_gmt":"2020-04-11T16:38:01","guid":{"rendered":"https:\/\/bomberos.puyo.gob.ec\/por-llamado-del-ecu911-la-unidad-bomberil-se-dirige-a-realizar-el-rescate-de-un\/"},"modified":"2020-04-11T12:49:55","modified_gmt":"2020-04-11T17:49:55","slug":"por-llamado-del-ecu911-la-unidad-bomberil-se-dirige-a-realizar-el-rescate-de-un","status":"publish","type":"post","link":"https:\/\/bomberos.puyo.gob.ec\/2019\/por-llamado-del-ecu911-la-unidad-bomberil-se-dirige-a-realizar-el-rescate-de-un\/","title":{"rendered":"Por llamado del #ECU911 la unidad bomberil se dirige a realizar el rescate de un&#8230;"},"content":{"rendered":"<p>Por llamado del <a class=\"_58cn\" href=\"https:\/\/facebook.com\/hashtag\/ecu911?source=feed_text&#038;epa=HASHTAG&#038;__xts__%5B0%5D=68.ARBRSpEjtegVinTcdl-4Lj0knuzbYUpd7CMVmIeMbovKmhRxfCPR-RBMFnNuFpNlaLFSFv3-uPk7iYXlP4CbkP-p5jaitl2-NGWfUPc2BaSYSTW3TjKA82bTrLRAd_Bw0Fz7yivQhg9vs2GIslwAwIFwi6n8-5DitBwq7EaY9Aj893AyfQmExH0tZli0JKi_t377pHgBSRCqeVn70aIoRy8dp02en-JTcZrZerZfd0rxALBNJrXZkR48p_cnLbVezFZ19nthnCRL_Rylv8Ozpl7XEMz8qQko5S3NR8fRWZI17uiyRhmOKt0mZDJcz1AYK7yRvShO54zAwmAL7bkWL6_o2g&#038;__tn__=%2ANK-R\" data-ft=\"&#123;&quot;type&quot;:104,&quot;tn&quot;:&quot;*N&quot;&#125;\"><span class=\"_5afx\"><span aria-label=\"hashtag\" class=\"_58cl _5afz\">#ECU911<\/span><\/span><\/a> la unidad bomberil se dirige a realizar el rescate de un animal silvestre ( <a class=\"_58cn\" href=\"https:\/\/facebook.com\/hashtag\/erizo?source=feed_text&#038;epa=HASHTAG&#038;__xts__%5B0%5D=68.ARBRSpEjtegVinTcdl-4Lj0knuzbYUpd7CMVmIeMbovKmhRxfCPR-RBMFnNuFpNlaLFSFv3-uPk7iYXlP4CbkP-p5jaitl2-NGWfUPc2BaSYSTW3TjKA82bTrLRAd_Bw0Fz7yivQhg9vs2GIslwAwIFwi6n8-5DitBwq7EaY9Aj893AyfQmExH0tZli0JKi_t377pHgBSRCqeVn70aIoRy8dp02en-JTcZrZerZfd0rxALBNJrXZkR48p_cnLbVezFZ19nthnCRL_Rylv8Ozpl7XEMz8qQko5S3NR8fRWZI17uiyRhmOKt0mZDJcz1AYK7yRvShO54zAwmAL7bkWL6_o2g&#038;__tn__=%2ANK-R\" data-ft=\"&#123;&quot;type&quot;:104,&quot;tn&quot;:&quot;*N&quot;&#125;\"><span class=\"_5afx\"><span aria-label=\"hashtag\" class=\"_58cl _5afz\">#Erizo<\/span><\/span><\/a> ) <a class=\"_58cn\" href=\"https:\/\/facebook.com\/hashtag\/rescatevidasilvestre?source=feed_text&#038;epa=HASHTAG&#038;__xts__%5B0%5D=68.ARBRSpEjtegVinTcdl-4Lj0knuzbYUpd7CMVmIeMbovKmhRxfCPR-RBMFnNuFpNlaLFSFv3-uPk7iYXlP4CbkP-p5jaitl2-NGWfUPc2BaSYSTW3TjKA82bTrLRAd_Bw0Fz7yivQhg9vs2GIslwAwIFwi6n8-5DitBwq7EaY9Aj893AyfQmExH0tZli0JKi_t377pHgBSRCqeVn70aIoRy8dp02en-JTcZrZerZfd0rxALBNJrXZkR48p_cnLbVezFZ19nthnCRL_Rylv8Ozpl7XEMz8qQko5S3NR8fRWZI17uiyRhmOKt0mZDJcz1AYK7yRvShO54zAwmAL7bkWL6_o2g&#038;__tn__=%2ANK-R\" data-ft=\"&#123;&quot;type&quot;:104,&quot;tn&quot;:&quot;*N&quot;&#125;\"><span class=\"_5afx\"><span aria-label=\"hashtag\" class=\"_58cl _5afz\">#rescatevidasilvestre<\/span><\/span><\/a> el mismo que se encontraba en lo alto de un \u00e1rbol de aguacate en un domicilio del barrio Las Am\u00e9ricas, se realiza el rescate del animal y se lo traslada a la estaci\u00f3n X1 con toda la seguridad y cuidados, sin romper los protocolos de seguridad y desinfecci\u00f3n del personal por el <a class=\"_58cn\" href=\"https:\/\/facebook.com\/hashtag\/covib?source=feed_text&#038;epa=HASHTAG&#038;__xts__%5B0%5D=68.ARBRSpEjtegVinTcdl-4Lj0knuzbYUpd7CMVmIeMbovKmhRxfCPR-RBMFnNuFpNlaLFSFv3-uPk7iYXlP4CbkP-p5jaitl2-NGWfUPc2BaSYSTW3TjKA82bTrLRAd_Bw0Fz7yivQhg9vs2GIslwAwIFwi6n8-5DitBwq7EaY9Aj893AyfQmExH0tZli0JKi_t377pHgBSRCqeVn70aIoRy8dp02en-JTcZrZerZfd0rxALBNJrXZkR48p_cnLbVezFZ19nthnCRL_Rylv8Ozpl7XEMz8qQko5S3NR8fRWZI17uiyRhmOKt0mZDJcz1AYK7yRvShO54zAwmAL7bkWL6_o2g&#038;__tn__=%2ANK-R\" data-ft=\"&#123;&quot;type&quot;:104,&quot;tn&quot;:&quot;*N&quot;&#125;\"><span class=\"_5afx\"><span aria-label=\"hashtag\" class=\"_58cl _5afz\">#covib<\/span><\/span><\/a>-19.<br \/> Posterior se realiza la entrega del Erizo al personal de MAE a cargo del Ing. Edgardo Mena director del <a class=\"_58cn\" href=\"https:\/\/facebook.com\/hashtag\/mae?source=feed_text&#038;epa=HASHTAG&#038;__xts__%5B0%5D=68.ARBRSpEjtegVinTcdl-4Lj0knuzbYUpd7CMVmIeMbovKmhRxfCPR-RBMFnNuFpNlaLFSFv3-uPk7iYXlP4CbkP-p5jaitl2-NGWfUPc2BaSYSTW3TjKA82bTrLRAd_Bw0Fz7yivQhg9vs2GIslwAwIFwi6n8-5DitBwq7EaY9Aj893AyfQmExH0tZli0JKi_t377pHgBSRCqeVn70aIoRy8dp02en-JTcZrZerZfd0rxALBNJrXZkR48p_cnLbVezFZ19nthnCRL_Rylv8Ozpl7XEMz8qQko5S3NR8fRWZI17uiyRhmOKt0mZDJcz1AYK7yRvShO54zAwmAL7bkWL6_o2g&#038;__tn__=%2ANK-R\" data-ft=\"&#123;&quot;type&quot;:104,&quot;tn&quot;:&quot;*N&quot;&#125;\"><span class=\"_5afx\"><span aria-label=\"hashtag\" class=\"_58cl _5afz\">#MAE<\/span><\/span><\/a> quienes llegan hasta la estaci\u00f3n X1 para recogerlo y trasladarlo a un centro de rescate de vida silvestre dentro de la provincia.<\/p>\n<p><a href=\"https:\/\/bomberos.puyo.gob.ec\/2019\/wp-content\/uploads\/Por-llamado-del-ECU911-la-unidad-bomberil-se-dirige-a.fna&#038;oh=b1468870548021c64e61f02cc7278667&#038;oe=5EB76D5F.jpeg\"><img decoding=\"async\" class=\"wp_automatic_fb_img\" title=\"\" src=\"https:\/\/bomberos.puyo.gob.ec\/2019\/wp-content\/uploads\/Por-llamado-del-ECU911-la-unidad-bomberil-se-dirige-a.fna&#038;oh=b1468870548021c64e61f02cc7278667&#038;oe=5EB76D5F.jpeg\" \/><\/a><br \/><a href=\"https:\/\/bomberos.puyo.gob.ec\/2019\/wp-content\/uploads\/Por-llamado-del-ECU911-la-unidad-bomberil-se-dirige-a.fna&#038;oh=0b8b59408bc3868a79ce7fee33136755&#038;oe=5EB946AE.jpeg\"><img decoding=\"async\" class=\"wp_automatic_fb_img\" title=\"\" src=\"https:\/\/bomberos.puyo.gob.ec\/2019\/wp-content\/uploads\/Por-llamado-del-ECU911-la-unidad-bomberil-se-dirige-a.fna&#038;oh=0b8b59408bc3868a79ce7fee33136755&#038;oe=5EB946AE.jpeg\" \/><\/a><br \/><a href=\"https:\/\/bomberos.puyo.gob.ec\/2019\/wp-content\/uploads\/Por-llamado-del-ECU911-la-unidad-bomberil-se-dirige-a.fna&#038;oh=463f6ae35fc1b76840021b179218875a&#038;oe=5EB8B916.jpeg\"><img decoding=\"async\" class=\"wp_automatic_fb_img\" title=\"\" src=\"https:\/\/bomberos.puyo.gob.ec\/2019\/wp-content\/uploads\/Por-llamado-del-ECU911-la-unidad-bomberil-se-dirige-a.fna&#038;oh=463f6ae35fc1b76840021b179218875a&#038;oe=5EB8B916.jpeg\" \/><\/a><br \/>\n<br \/><a href=\"https:\/\/www.facebook.com\/465093860312824\/posts\/1578442528977946\">en facebook&#8230; <\/a>  <\/p>\n","protected":false},"excerpt":{"rendered":"<p>Por llamado del <a class=\"_58cn\" href=\"https:\/\/facebook.com\/hashtag\/ecu911?source=feed_text&#038;epa=HASHTAG&#038;__xts__%5B0%5D=68.ARBRSpEjtegVinTcdl-4Lj0knuzbYUpd7CMVmIeMbovKmhRxfCPR-RBMFnNuFpNlaLFSFv3-uPk7iYXlP4CbkP-p5jaitl2-NGWfUPc2BaSYSTW3TjKA82bTrLRAd_Bw0Fz7yivQhg9vs2GIslwAwIFwi6n8-5DitBwq7EaY9Aj893AyfQmExH0tZli0JKi_t377pHgBSRCqeVn70aIoRy8dp02en-JTcZrZerZfd0rxALBNJrXZkR48p_cnLbVezFZ19nthnCRL_Rylv8Ozpl7XEMz8qQko5S3NR8fRWZI17uiyRhmOKt0mZDJcz1AYK7yRvShO54zAwmAL7bkWL6_o2g&#038;__tn__=%2ANK-R\" data-ft=\"&#123;&quot;type&quot;:104,&quot;tn&quot;:&quot;*N&quot;&#125;\"><span class=\"_5afx\"><span aria-label=\"hashtag\" class=\"_58cl _5afz\">#ECU911<\/span><\/span><\/a> la unidad bomberil se dirige a realizar el rescate de un animal silvestre ( <a class=\"_58cn\" href=\"https:\/\/facebook.com\/hashtag\/erizo?source=feed_text&#038;epa=HASHTAG&#038;__xts__%5B0%5D=68.ARBRSpEjtegVinTcdl-4Lj0knuzbYUpd7CMVmIeMbovKmhRxfCPR-RBMFnNuFpNlaLFSFv3-uPk7iYXlP4CbkP-p5jaitl2-NGWfUPc2BaSYSTW3TjKA82bTrLRAd_Bw0Fz7yivQhg9vs2GIslwAwIFwi6n8-5DitBwq7EaY9Aj893AyfQmExH0tZli0JKi_t377pHgBSRCqeVn70aIoRy8dp02en-JTcZrZerZfd0rxALBNJrXZkR48p_cnLbVezFZ19nthnCRL_Rylv8Ozpl7XEMz8qQko5S3NR8fRWZI17uiyRhmOKt0mZDJcz1AYK7yRvShO54zAwmAL7bkWL6_o2g&#038;__tn__=%2ANK-R\" data-ft=\"&#123;&quot;type&quot;:104,&quot;tn&quot;:&quot;*N&quot;&#125;\"><span class=\"_5afx\"><span aria-label=\"hashtag\" class=\"_58cl _5afz\">#Erizo<\/span><\/span><\/a> ) <a class=\"_58cn\" href=\"https:\/\/facebook.com\/hashtag\/rescatevidasilvestre?source=feed_text&#038;epa=HASHTAG&#038;__xts__%5B0%5D=68.ARBRSpEjtegVinTcdl-4Lj0knuzbYUpd7CMVmIeMbovKmhRxfCPR-RBMFnNuFpNlaLFSFv3-uPk7iYXlP4CbkP-p5jaitl2-NGWfUPc2BaSYSTW3TjKA82bTrLRAd_Bw0Fz7yivQhg9vs2GIslwAwIFwi6n8-5DitBwq7EaY9Aj893AyfQmExH0tZli0JKi_t377pHgBSRCqeVn70aIoRy8dp02en-JTcZrZerZfd0rxALBNJrXZkR48p_cnLbVezFZ19nthnCRL_Rylv8Ozpl7XEMz8qQko5S3NR8fRWZI17uiyRhmOKt0mZDJcz1AYK7yRvShO54zAwmAL7bkWL6_o2g&#038;__tn__=%2ANK-R\" data-ft=\"&#123;&quot;type&quot;:104,&quot;tn&quot;:&quot;*N&quot;&#125;\"><span class=\"_5afx\"><span aria-label=\"hashtag\" class=\"_58cl _5afz\">#rescatevidasilvestre<\/span><\/span><\/a> el mismo que se encontraba en lo alto de un \u00e1rbol de aguacate en un domicilio del barrio Las Am\u00e9ricas, se realiza el rescate del animal y se lo traslada a la estaci\u00f3n X1 con toda la seguridad y cuidados, sin romper los protocolos de seguridad y desinfecci\u00f3n del personal por el <a class=\"_58cn\" href=\"https:\/\/facebook.com\/hashtag\/covib?source=feed_text&#038;epa=HASHTAG&#038;__xts__%5B0%5D=68.ARBRSpEjtegVinTcdl-4Lj0knuzbYUpd7CMVmIeMbovKmhRxfCPR-RBMFnNuFpNlaLFSFv3-uPk7iYXlP4CbkP-p5jaitl2-NGWfUPc2BaSYSTW3TjKA82bTrLRAd_Bw0Fz7yivQhg9vs2GIslwAwIFwi6n8-5DitBwq7EaY9Aj893AyfQmExH0tZli0JKi_t377pHgBSRCqeVn70aIoRy8dp02en-JTcZrZerZfd0rxALBNJrXZkR48p_cnLbVezFZ19nthnCRL_Rylv8Ozpl7XEMz8qQko5S3NR8fRWZI17uiyRhmOKt0mZDJcz1AYK7yRvShO54zAwmAL7bkWL6_o2g&#038;__tn__=%2ANK-R\" data-ft=\"&#123;&quot;type&quot;:104,&quot;tn&quot;:&quot;*N&quot;&#125;\"><span class=\"_5afx\"><span aria-label=\"hashtag\" class=\"_58cl _5afz\">#covib<\/span><\/span><\/a>-19.<br \/> Posterior se realiza la entrega del Erizo al personal de MAE a cargo del Ing. Edgardo Mena director del <a class=\"_58cn\" href=\"https:\/\/facebook.com\/hashtag\/mae?source=feed_text&#038;epa=HASHTAG&#038;__xts__%5B0%5D=68.ARBRSpEjtegVinTcdl-4Lj0knuzbYUpd7CMVmIeMbovKmhRxfCPR-RBMFnNuFpNlaLFSFv3-uPk7iYXlP4CbkP-p5jaitl2-NGWfUPc2BaSYSTW3TjKA82bTrLRAd_Bw0Fz7yivQhg9vs2GIslwAwIFwi6n8-5DitBwq7EaY9Aj893AyfQmExH0tZli0JKi_t377pHgBSRCqeVn70aIoRy8dp02en-JTcZrZerZfd0rxALBNJrXZkR48p_cnLbVezFZ19nthnCRL_Rylv8Ozpl7XEMz8qQko5S3NR8fRWZI17uiyRhmOKt0mZDJcz1AYK7yRvShO54zAwmAL7bkWL6_o2g&#038;__tn__=%2ANK-R\" data-ft=\"&#123;&quot;type&quot;:104,&quot;tn&quot;:&quot;*N&quot;&#125;\"><span class=\"_5afx\"><span aria-label=\"hashtag\" class=\"_58cl _5afz\">#MAE<\/span><\/span><\/a> quienes llegan hasta la estaci\u00f3n X1 para recogerlo y trasladarlo a un centro de rescate de vida silvestre dentro de la provincia.<\/p>\n<p><a href=\"https:\/\/scontent.fuio15-1.fna.fbcdn.net\/v\/t1.0-9\/92799750_1578441662311366_8878144296474116096_n.jpg?_nc_cat=110&#038;_nc_sid=8024bb&#038;_nc_ohc=9t5z2hZ5690AX9SsGoS&#038;_nc_ht=scontent.fuio15-1.fna&#038;oh=b1468870548021c64e61f02cc7278667&#038;oe=5EB76D5F\"><img decoding=\"async\" class=\"wp_automatic_fb_img\" title=\"\" src=\"https:\/\/scontent.fuio15-1.fna.fbcdn.net\/v\/t1.0-9\/92799750_1578441662311366_8878144296474116096_n.jpg?_nc_cat=110&#038;_nc_sid=8024bb&#038;_nc_ohc=9t5z2hZ5690AX9SsGoS&#038;_nc_ht=scontent.fuio15-1.fna&#038;oh=b1468870548021c64e61f02cc7278667&#038;oe=5EB76D5F\" \/><\/a><br \/><a href=\"https:\/\/scontent.fuio15-1.fna.fbcdn.net\/v\/t1.0-9\/93048497_1578441745644691_8440343947686969344_o.jpg?_nc_cat=110&#038;_nc_sid=8024bb&#038;_nc_ohc=TG8P8RmQlWsAX-f_wrR&#038;_nc_ht=scontent.fuio15-1.fna&#038;oh=0b8b59408bc3868a79ce7fee33136755&#038;oe=5EB946AE\"><img decoding=\"async\" class=\"wp_automatic_fb_img\" title=\"\" src=\"https:\/\/scontent.fuio15-1.fna.fbcdn.net\/v\/t1.0-9\/93048497_1578441745644691_8440343947686969344_o.jpg?_nc_cat=110&#038;_nc_sid=8024bb&#038;_nc_ohc=TG8P8RmQlWsAX-f_wrR&#038;_nc_ht=scontent.fuio15-1.fna&#038;oh=0b8b59408bc3868a79ce7fee33136755&#038;oe=5EB946AE\" \/><\/a><br \/><a href=\"https:\/\/scontent.fuio15-1.fna.fbcdn.net\/v\/t1.0-9\/92823861_1578442112311321_3458728388850614272_o.jpg?_nc_cat=103&#038;_nc_sid=8024bb&#038;_nc_ohc=6cCDh4LBCi4AX8JI2eH&#038;_nc_ht=scontent.fuio15-1.fna&#038;oh=463f6ae35fc1b76840021b179218875a&#038;oe=5EB8B916\"><img decoding=\"async\" class=\"wp_automatic_fb_img\" title=\"\" src=\"https:\/\/scontent.fuio15-1.fna.fbcdn.net\/v\/t1.0-9\/92823861_1578442112311321_3458728388850614272_o.jpg?_nc_cat=103&#038;_nc_sid=8024bb&#038;_nc_ohc=6cCDh4LBCi4AX8JI2eH&#038;_nc_ht=scontent.fuio15-1.fna&#038;oh=463f6ae35fc1b76840021b179218875a&#038;oe=5EB8B916\" \/><\/a><\/p>\n","protected":false},"author":1,"featured_media":1779,"comment_status":"open","ping_status":"open","sticky":false,"template":"","format":"standard","meta":[],"categories":[1],"tags":[35,713,32,86,69,711,31,634,30,560,183,712,41],"_links":{"self":[{"href":"https:\/\/bomberos.puyo.gob.ec\/2019\/wp-json\/wp\/v2\/posts\/1778"}],"collection":[{"href":"https:\/\/bomberos.puyo.gob.ec\/2019\/wp-json\/wp\/v2\/posts"}],"about":[{"href":"https:\/\/bomberos.puyo.gob.ec\/2019\/wp-json\/wp\/v2\/types\/post"}],"author":[{"embeddable":true,"href":"https:\/\/bomberos.puyo.gob.ec\/2019\/wp-json\/wp\/v2\/users\/1"}],"replies":[{"embeddable":true,"href":"https:\/\/bomberos.puyo.gob.ec\/2019\/wp-json\/wp\/v2\/comments?post=1778"}],"version-history":[{"count":1,"href":"https:\/\/bomberos.puyo.gob.ec\/2019\/wp-json\/wp\/v2\/posts\/1778\/revisions"}],"predecessor-version":[{"id":1780,"href":"https:\/\/bomberos.puyo.gob.ec\/2019\/wp-json\/wp\/v2\/posts\/1778\/revisions\/1780"}],"wp:featuredmedia":[{"embeddable":true,"href":"https:\/\/bomberos.puyo.gob.ec\/2019\/wp-json\/wp\/v2\/media\/1779"}],"wp:attachment":[{"href":"https:\/\/bomberos.puyo.gob.ec\/2019\/wp-json\/wp\/v2\/media?parent=1778"}],"wp:term":[{"taxonomy":"category","embeddable":true,"href":"https:\/\/bomberos.puyo.gob.ec\/2019\/wp-json\/wp\/v2\/categories?post=1778"},{"taxonomy":"post_tag","embeddable":true,"href":"https:\/\/bomberos.puyo.gob.ec\/2019\/wp-json\/wp\/v2\/tags?post=1778"}],"curies":[{"name":"wp","href":"https:\/\/api.w.org\/{rel}","templated":true}]}}